{"id":2754,"date":"2022-07-05T07:51:04","date_gmt":"2022-07-05T07:51:04","guid":{"rendered":"https:\/\/haberulus.net\/?p=2754"},"modified":"2022-07-05T07:51:04","modified_gmt":"2022-07-05T07:51:04","slug":"avrupada-elektrik-fiyatlarinda-yeni-rekor","status":"publish","type":"post","link":"https:\/\/haberulus.net\/?p=2754","title":{"rendered":"Avrupa\u2019da elektrik fiyatlar\u0131nda yeni rekor"},"content":{"rendered":"<p><b>Fransa\u2019n\u0131n n\u00fckleer santrallerindeki bak\u0131m sorunlar\u0131 nedeniyle fiyatlar bir y\u0131lda d\u00f6rt kat\u0131na \u00e7\u0131kt\u0131.<\/b><\/p>\n<p>Avrupa&#8217;da elektrik fiyatlar\u0131 s\u00fcrd\u00fcr\u00fclebilir d\u00fczeydeki en y\u00fcksek noktaya \u00e7\u0131karak rekor tazeledi.<\/p>\n<p>Rusya&#8217;n\u0131n k\u0131taya sa\u011flad\u0131\u011f\u0131 do\u011falgaz arz\u0131nda kesintilere gitmesi enerji \u00fcretim alanlar\u0131nda kendisini hissettirmeye devam ediyor. Mevcut durumdan hem hane halklar\u0131 hem de \u00e7e\u015fitli end\u00fcstriler zarar g\u00f6r\u00fcyor.<\/p>\n<p><b>F\u0130YATLARDA Y\u00dcZDE 13&#8217;L\u00dcK ARTI\u015e<\/b><\/p>\n<p>Financial Times\u2019\u0131n haberine g\u00f6re, Avrupa i\u00e7in g\u00f6sterge elektrik fiyat\u0131 i\u015flevi g\u00f6ren Almanya&#8217;n\u0131n gelecek y\u0131l\u0131n teslimat\u0131 i\u00e7in baz y\u00fck elektri\u011fin fiyat\u0131 d\u00fcn en y\u00fcksek seviyesine ula\u015ft\u0131 ve aral\u0131ktaki rekoru geride b\u0131rakt\u0131. Fiyatlar d\u00fcn y\u00fczde 13 artarak megawatt saat ba\u015f\u0131na 325 eurodan i\u015flem g\u00f6rmeye ba\u015flad\u0131.<\/p>\n<p>Fransa&#8217;daysa fiyatlar y\u0131lba\u015f\u0131ndan bu yana iki kat\u0131na \u00e7\u0131karak megawatt saat ba\u015f\u0131na 366 euroya y\u00fckseldi.<\/p>\n<p><b>DO\u011eALGAZIN MAL\u0130YET\u0130 ELEKTR\u0130\u011eE YANSIYOR<\/b><\/p>\n<p>Elektrik fiyatlar\u0131 b\u00fcy\u00fck oranda \u00fcretim i\u00e7in kullan\u0131lan do\u011falgaz\u0131n maliyetinden etkileniyor. Avrupa&#8217;da gaz fiyatlar\u0131 d\u00f6rt ay\u0131n en y\u00fcksek seviyesinde y\u00fckseldi ve Moskova&#8217;n\u0131n Avrupa&#8217;ya y\u00f6nelik do\u011falgaz arz\u0131ndaki kesintilerini derinle\u015ftirmesinin ard\u0131ndan ge\u00e7en y\u0131ldan bu yana d\u00f6rt kattan fazla artt\u0131.<\/p>\n<p>Bununla birlikte Fransa&#8217;n\u0131n \u00e7ok say\u0131daki n\u00fckleer santralindeki bak\u0131m sorunlar\u0131 nedeniyle durum daha da k\u00f6t\u00fcye gidiyor. \u00d6te yandan, kom\u015fu \u00fclkeler, Rusya\u2019n\u0131n enerji ihracat\u0131nda daha fazla kesintiye gidebilece\u011finden korkan k\u0131tan\u0131n k\u0131\u015f i\u00e7in arz\u0131 korumaya \u00e7al\u0131\u015ft\u0131\u011f\u0131 bir d\u00f6nemde, Fransa i\u00e7in elektrik \u00fcretmek \u00fczere daha fazla gaz kullan\u0131yorlar.<\/p>\n<p>Almanya Federal \u015eebeke M\u00fcd\u00fcrl\u00fc\u011f\u00fc&#8217;n\u00fcn verilerine g\u00f6re Almanya bir y\u0131l \u00f6nce kom\u015fusundan yapt\u0131\u011f\u0131 300 bin megawatt saat ithalatla kar\u015f\u0131la\u015ft\u0131r\u0131ld\u0131\u011f\u0131nda haziranda Fransa&#8217;ya net bazda yakla\u015f\u0131k 600 bin megawatt saat elektrik ihra\u00e7 etti.<\/p>\n<p>Bununla birlikte \u0130ngiltere de i\u00e7 elektrik talebinin y\u00fczde 10&#8217;u kadar e\u015fde\u011feri Fransa&#8217;ya ihra\u00e7 ediyor.<\/p>\n<p><b>RUSYA ARZ KES\u0130NT\u0130S\u0130N\u0130 ARTIRAB\u0130L\u0130R<\/b><\/p>\n<p>Rusya&#8217;yla Almanya aras\u0131ndaki Kuzey Ak\u0131m-1 boru hatt\u0131n\u0131n 11-21 Temmuz aras\u0131nda bak\u0131ma girecek olmas\u0131, ya\u015fl\u0131 k\u0131tada do\u011falgaz arz\u0131na ili\u015fkin endi\u015feleri art\u0131r\u0131yor.<\/p>\n<p>Moskova, Kanada&#8217;n\u0131n uygulad\u0131\u011f\u0131 yapt\u0131r\u0131mlar nedeniyle \u00f6nemli bak\u0131m par\u00e7alar\u0131n\u0131n gelmemesi y\u00fcz\u00fcnden gaz sevkiyat\u0131nda d\u00fc\u015f\u00fc\u015f ya\u015fand\u0131\u011f\u0131n\u0131 iddia ediyor. Ancak Avrupal\u0131 \u200b\u200bpolitikac\u0131lar bunu arz\u0131 kesmek i\u00e7in bir bahane olarak g\u00f6r\u00fcyor ve boru hatt\u0131 yeniden i\u015flemeye ba\u015flad\u0131\u011f\u0131nda ak\u0131\u015flar\u0131n mevcut y\u00fczde 40\u2019l\u0131k kapasiteye bile geri d\u00f6nmeyece\u011finden endi\u015fe ediyor.<\/p>\n<p>Almanya, 10 GW\u2019a kadar k\u00f6m\u00fcrle \u00e7al\u0131\u015fan elektrik \u00fcretimine geri d\u00f6nmeyi planlasa da analistler rekor d\u00fczeydeki k\u00f6m\u00fcr fiyatlar\u0131n\u0131n elektrik piyasas\u0131ndaki rahatlamay\u0131 s\u0131n\u0131rlayaca\u011f\u0131n\u0131 s\u00f6yl\u00fcyor.<\/p>\n<p>Enerji ithalat\u0131n\u0131n h\u0131zla artan maliyeti ve imalat sekt\u00f6r\u00fcn\u00fcn zay\u0131flamas\u0131n\u0131n bir sonucu olarak, Almanya\u2019n\u0131n ticaret dengesi may\u0131sta, 1991\u2019den bu yana ilk kez 1 milyar Euro a\u00e7\u0131k verdi.<\/p>\n","protected":false},"excerpt":{"rendered":"<p>Fransa\u2019n\u0131n n\u00fckleer santrallerindeki bak\u0131m sorunlar\u0131 nedeniyle fiyatlar bir y\u0131lda d\u00f6rt kat\u0131na \u00e7\u0131kt\u0131. Avrupa&#8217;da elektrik fiyatlar\u0131 s\u00fcrd\u00fcr\u00fclebilir &#8230;<\/p>\n","protected":false},"author":1,"featured_media":2755,"comment_status":"open","ping_status":"open","sticky":false,"template":"","format":"standard","meta":{"footnotes":""},"categories":[25],"tags":[809,942,763,943,589],"class_list":["post-2754","post","type-post","status-publish","format-standard","has-post-thumbnail","hentry","category-ekonomi","tag-almanya","tag-elektrik","tag-fiyatlar","tag-fransa","tag-yuk"],"_links":{"self":[{"href":"https:\/\/haberulus.net\/index.php?rest_route=\/wp\/v2\/posts\/2754","targetHints":{"allow":["GET"]}}],"collection":[{"href":"https:\/\/haberulus.net\/index.php?rest_route=\/wp\/v2\/posts"}],"about":[{"href":"https:\/\/haberulus.net\/index.php?rest_route=\/wp\/v2\/types\/post"}],"author":[{"embeddable":true,"href":"https:\/\/haberulus.net\/index.php?rest_route=\/wp\/v2\/users\/1"}],"replies":[{"embeddable":true,"href":"https:\/\/haberulus.net\/index.php?rest_route=%2Fwp%2Fv2%2Fcomments&post=2754"}],"version-history":[{"count":1,"href":"https:\/\/haberulus.net\/index.php?rest_route=\/wp\/v2\/posts\/2754\/revisions"}],"predecessor-version":[{"id":2756,"href":"https:\/\/haberulus.net\/index.php?rest_route=\/wp\/v2\/posts\/2754\/revisions\/2756"}],"wp:featuredmedia":[{"embeddable":true,"href":"https:\/\/haberulus.net\/index.php?rest_route=\/wp\/v2\/media\/2755"}],"wp:attachment":[{"href":"https:\/\/haberulus.net\/index.php?rest_route=%2Fwp%2Fv2%2Fmedia&parent=2754"}],"wp:term":[{"taxonomy":"category","embeddable":true,"href":"https:\/\/haberulus.net\/index.php?rest_route=%2Fwp%2Fv2%2Fcategories&post=2754"},{"taxonomy":"post_tag","embeddable":true,"href":"https:\/\/haberulus.net\/index.php?rest_route=%2Fwp%2Fv2%2Ftags&post=2754"}],"curies":[{"name":"wp","href":"https:\/\/api.w.org\/{rel}","templated":true}]}}