{"id":2763,"date":"2022-07-05T08:06:03","date_gmt":"2022-07-05T08:06:03","guid":{"rendered":"https:\/\/haberulus.net\/?p=2763"},"modified":"2022-07-05T08:06:03","modified_gmt":"2022-07-05T08:06:03","slug":"nebatinin-tweet-mesaisi-suruyor","status":"publish","type":"post","link":"https:\/\/haberulus.net\/?p=2763","title":{"rendered":"Nebati\u2019nin tweet mesaisi s\u00fcr\u00fcyor"},"content":{"rendered":"<p><b>Haziranda enflasyon y\u00fczde 80&#8217;e yakla\u015f\u0131rken Hazine ve Maliye Bakan\u0131 Nureddin Nebati Twitter payla\u015f\u0131m\u0131nda h\u00fck\u00fcmetin enflasyonla m\u00fccadelede att\u0131\u011f\u0131 ad\u0131mlar\u0131 s\u0131ralad\u0131.<\/b><\/p>\n<p>Y\u00fczde 5\u2019lik resmi hedefe ra\u011fmen resmi t\u00fcketici enflasyonu y\u00fczde 78,62\u2019e y\u00fckselirken, Hazine ve Maliye Bakan\u0131 Nureddin Nebati \u2018enflasyonla m\u00fccadele\u2019 konulu payla\u015f\u0131mlar\u0131na devam ediyor.<\/p>\n<p>Nebati, Twitter\u2019da \u201cTemel \u00f6ncelik olan enflasyonla m\u00fccadele kapsam\u0131nda, uygulanan politikalar, y\u00f6netilen-y\u00f6nlendirilen fiyatlar, vergi indirimleri ve s\u00fcbvansiyonlar vas\u0131tas\u0131yla vatanda\u015flar\u0131m\u0131z\u0131n fiyat art\u0131\u015flar\u0131ndan en az d\u00fczeyde etkilenmesi amac\u0131yla \u00e7al\u0131\u015fmalar\u0131m\u0131z devam etmektedir\u201d mesaj\u0131yla birlikte \u201cEnflasyonla m\u00fccadeleye y\u00f6nelik at\u0131lan ad\u0131mlar!\u201d ba\u015fl\u0131kl\u0131 bir metin payla\u015ft\u0131.<\/p>\n<p>Payla\u015f\u0131lan metinde \u015fu 11 madde yer ald\u0131:<\/p>\n<p>\u2013 G\u0131da \u00fcr\u00fcnlerinde KDV oran\u0131 y\u00fczde 1\u2019e indirilmi\u015ftir.<\/p>\n<p>\u2013 Yeme i\u00e7me hizmetlerinde KDV oran\u0131 y\u00fczde 8 olarak belirlenmi\u015ftir.<\/p>\n<p>\u2013 Sabun, \u015fampuan, deterjan, dezenfektanlar, bebek bezi, \u0131slak mendil, tuvalet ka\u011f\u0131d\u0131, ka\u011f\u0131t havlu, ka\u011f\u0131t mendil ve pe\u00e7ete gibi \u00fcr\u00fcnlerin teslimlerinde KDV oran\u0131, y\u00fczde 18\u2019den y\u00fczde 8\u2019e indirilmi\u015ftir.<\/p>\n<p>\u2013 Meskenlerde ve tar\u0131msal sulamadaki elektrik teslimlerinde KDV oran\u0131, y\u00fczde 18\u2019den y\u00fczde 8\u2019e indirilmi\u015ftir.<\/p>\n<p>\u2013 Arsa ve arazi teslimlerinde KDV oran\u0131 y\u00fczde 18\u2019den y\u00fczde 8\u2019e indirilmi\u015ftir.<\/p>\n<p>\u2013 \u0130ndirimli KDV oran\u0131 uygulanan tar\u0131m makinelerinin kapsam\u0131 geni\u015fletilmi\u015ftir.<\/p>\n<p>\u2013 2022 y\u0131l\u0131n\u0131n ilk 5 ay\u0131nda KOB\u0130\u2019ler taraf\u0131ndan kullan\u0131lan do\u011falgaz y\u00fczde 76, sanayide kullan\u0131lan do\u011fal gaz y\u00fczde 14, elektrik \u00fcretimi ama\u00e7l\u0131 kullan\u0131lan do\u011fal gaz y\u00fczde 25 ve meskenlerde kullan\u0131lan do\u011fal gaz y\u00fczde 81 oran\u0131nda s\u00fcbvanse edilmi\u015ftir.<\/p>\n<p>\u2013 Temmuz 2023\u2019e kadar yenilenecek kira s\u00f6zle\u015fmelerindeki art\u0131\u015flar yasal zemin \u00e7er\u00e7evesinde y\u00fczde 25\u2019le s\u0131n\u0131rland\u0131r\u0131lm\u0131\u015ft\u0131r.<\/p>\n<p>\u2013 Baz\u0131 stratejik tar\u0131m ve g\u0131da \u00fcr\u00fcnlerine y\u00f6nelik d\u0131\u015f ticaret tedbirleri devreye al\u0131nm\u0131\u015ft\u0131r.<\/p>\n<p>\u2013 Enflasyonla m\u00fccadeleyi desteklemek \u00fczere 2022 y\u0131l\u0131nda 241,3 milyar lira vergi gelirinden vazge\u00e7ilmi\u015ftir.<\/p>\n<p>\u2013 Enflasyonla M\u00fccadele Timleri taraf\u0131ndan t\u00fcm sekt\u00f6rlere y\u00f6nelik denetimlere devam edilmektedir.<\/p>\n<p><b>K\u00dcRESEL EMT\u0130A F\u0130YATLARINI SORUMLU TUTTU<\/b><\/p>\n<p>Nebati, d\u00fcn haziran ay\u0131 enflasyonunun T\u00dc\u0130K taraf\u0131ndan a\u00e7\u0131klanmas\u0131n\u0131n ard\u0131ndan yine Twitter\u2019dan payla\u015ft\u0131\u011f\u0131 mesajda \u201cFinansal piyasalarda istikrar\u0131 art\u0131rmaya y\u00f6nelik att\u0131\u011f\u0131m\u0131z ad\u0131mlara ra\u011fmen ba\u015fta enerji ve tar\u0131m \u00fcr\u00fcnleri olmak \u00fczere k\u00fcresel emtia fiyatlar\u0131ndaki y\u00fcksek art\u0131\u015flar\u0131n devam etmesi, \u00fclkemizde de Haziran ay\u0131nda enflasyonun y\u00fczde 4,95 ger\u00e7ekle\u015fmesinde etkili olmu\u015ftur\u201d ifadelerine yer vermi\u015f ve y\u00fcksek enflasyonda ana kayna\u011f\u0131n yurt d\u0131\u015f\u0131 oldu\u011funu \u00f6ne s\u00fcrm\u00fc\u015ft\u00fc.<\/p>\n<p>Nebati, ABD ve AB\u2019de enflasyon y\u00fczde 8 seviyelerindeyken T\u00fcrkiye\u2019de neden bu oran\u0131n 10 kat\u0131 oldu\u011funa dair bir yorumda bulunmam\u0131\u015ft\u0131.<\/p>\n","protected":false},"excerpt":{"rendered":"<p>Haziranda enflasyon y\u00fczde 80&#8217;e yakla\u015f\u0131rken Hazine ve Maliye Bakan\u0131 Nureddin Nebati Twitter payla\u015f\u0131m\u0131nda h\u00fck\u00fcmetin enflasyonla m\u00fccadelede att\u0131\u011f\u0131 &#8230;<\/p>\n","protected":false},"author":1,"featured_media":2764,"comment_status":"open","ping_status":"open","sticky":false,"template":"","format":"standard","meta":{"footnotes":""},"categories":[25],"tags":[60,947,948,279,946],"class_list":["post-2763","post","type-post","status-publish","format-standard","has-post-thumbnail","hentry","category-ekonomi","tag-enflasyon","tag-enflasyonla-mucadele","tag-kdv-orani","tag-nebati","tag-yuzde-8"],"_links":{"self":[{"href":"https:\/\/haberulus.net\/index.php?rest_route=\/wp\/v2\/posts\/2763","targetHints":{"allow":["GET"]}}],"collection":[{"href":"https:\/\/haberulus.net\/index.php?rest_route=\/wp\/v2\/posts"}],"about":[{"href":"https:\/\/haberulus.net\/index.php?rest_route=\/wp\/v2\/types\/post"}],"author":[{"embeddable":true,"href":"https:\/\/haberulus.net\/index.php?rest_route=\/wp\/v2\/users\/1"}],"replies":[{"embeddable":true,"href":"https:\/\/haberulus.net\/index.php?rest_route=%2Fwp%2Fv2%2Fcomments&post=2763"}],"version-history":[{"count":1,"href":"https:\/\/haberulus.net\/index.php?rest_route=\/wp\/v2\/posts\/2763\/revisions"}],"predecessor-version":[{"id":2765,"href":"https:\/\/haberulus.net\/index.php?rest_route=\/wp\/v2\/posts\/2763\/revisions\/2765"}],"wp:featuredmedia":[{"embeddable":true,"href":"https:\/\/haberulus.net\/index.php?rest_route=\/wp\/v2\/media\/2764"}],"wp:attachment":[{"href":"https:\/\/haberulus.net\/index.php?rest_route=%2Fwp%2Fv2%2Fmedia&parent=2763"}],"wp:term":[{"taxonomy":"category","embeddable":true,"href":"https:\/\/haberulus.net\/index.php?rest_route=%2Fwp%2Fv2%2Fcategories&post=2763"},{"taxonomy":"post_tag","embeddable":true,"href":"https:\/\/haberulus.net\/index.php?rest_route=%2Fwp%2Fv2%2Ftags&post=2763"}],"curies":[{"name":"wp","href":"https:\/\/api.w.org\/{rel}","templated":true}]}}