{"id":28119,"date":"2022-08-20T15:51:04","date_gmt":"2022-08-20T15:51:04","guid":{"rendered":"https:\/\/haberulus.net\/?p=28119"},"modified":"2022-08-20T15:51:04","modified_gmt":"2022-08-20T15:51:04","slug":"aksener-sokaga-indi-bir-dokundu-bin-ah-isitti-kurtarin-bizi","status":"publish","type":"post","link":"https:\/\/haberulus.net\/?p=28119","title":{"rendered":"Ak\u015fener soka\u011fa indi, bir dokundu bin ah i\u015fitti: Kurtar\u0131n bizi\u2026"},"content":{"rendered":"<p><b>\u0130Y\u0130 Parti lideri Meral Ak\u015fener, Sar\u0131yer il\u00e7esinde sokaktaki vatanda\u015fla sohbet etti. Ak\u015fener&#8217;in hal hat\u0131r sordu\u011fu vatanda\u015flar ge\u00e7im s\u0131k\u0131nt\u0131s\u0131ndan ve i\u015fsizlik sorunundan dert yand\u0131. Ak\u015fener ile kar\u015f\u0131la\u015fan emekli vatanda\u015f, \u201cBizi kurtar\u0131n. Bin 950 lira kira veriyordum 5 bin lira oldu. Emekli maa\u015f\u0131m 5 bin 200 lira. \u00c7ok zor ge\u00e7inebiliyoruz. Vahim bir durum var ortada&#8221; diyerek isyan etti.<\/b><\/p>\n<p>\u0130Y\u0130 Parti Genel Ba\u015fkan\u0131 Meral Ak\u015fener, \u0130stanbul\u2019un Sar\u0131yer il\u00e7esinde esnaf\u0131n dertlerini dinledi. Ak\u015fener, ziyaret \u00f6ncesi Haydar Aliyev Park\u0131\u2019nda vatanda\u015flarla sohbet etti.<\/p>\n<p><strong>VATANDA\u015eTAN FAH\u0130\u015e K\u0130RA ARTI\u015eI \u0130SYANI<\/strong><\/p>\n<p>Sokaktaki bir vatanda\u015f, kiras\u0131n\u0131n bin 500 liradan 5 bin liralara \u00e7\u0131kt\u0131\u011f\u0131n\u0131 s\u00f6yleyerek \u0130stanbul\u2019daki fahi\u015f kira art\u0131\u015flar\u0131na isyan etti.<\/p>\n<p><img decoding=\"async\" src=\"https:\/\/cdn.sozcuhaberajansi.com\/image\/ab39422d-221b-4a13-9b49-e8e031bbe87a.jpeg\" alt=\"\" title=\"\"><\/p>\n<p>Ak\u015fener ile kar\u015f\u0131la\u015fan emekli vatanda\u015f ise \u201cBizi kurtar\u0131n. Bin 950 lira kira veriyordum 5 bin lira oldu. Emekli maa\u015f\u0131m 5 bin 200 lira. \u00c7ok zor ge\u00e7inebiliyoruz. Vahim bir durum var ortada\u201d diye dert yand\u0131.<br \/><img decoding=\"async\" src=\"https:\/\/cdn.sozcuhaberajansi.com\/image\/cc94b5fa-b2d1-43a9-825e-550c3592301d.jpeg\" alt=\"\" title=\"\"><\/p>\n<p><strong>SA\u011eLIK \u00c7ALI\u015eANI: YURT DI\u015eINDA UZMAN OLACA\u011eIM<\/strong><\/p>\n<p>Ak\u015fener\u2019in sokakta kar\u015f\u0131la\u015ft\u0131\u011f\u0131 sa\u011fl\u0131k \u00e7al\u0131\u015fan\u0131 kad\u0131n ise, \u201c\u0130nsan sa\u011fl\u0131\u011f\u0131n\u0131n k\u0131ymetinin olmamas\u0131 \u00e7ok k\u00f6t\u00fc doktorlar i\u00e7in. Doktora \u015fiddet konusunda siyaset\u00e7ilerin ses \u00e7\u0131karmas\u0131 \u00f6nemli. T\u00fcrkiye&#8217;deki \u015fartlar \u00e7ok zor. Yurtd\u0131\u015f\u0131nda uzmanl\u0131\u011f\u0131m\u0131 yapaca\u011f\u0131m\u201d dedi.<\/p>\n<p>Ak\u015fener, gen\u00e7 kad\u0131na \u201cAz kald\u0131. Biz gelece\u011fiz. Pe\u015fine d\u00fc\u015f\u00fcp seni getirece\u011fim\u201d diye yan\u0131t verdi.<\/p>\n<p>Savunma sanayisinde \u00e7al\u0131\u015fan bir m\u00fchendis ise \u0130Y\u0130 Parti liderine,\u00a0 \u201cBir bir m\u00fchendislerimizi kaybediyoruz. M\u00fchendisler yurt d\u0131\u015f\u0131na gidiyor\u201d dedi.<\/p>\n<p><img decoding=\"async\" src=\"https:\/\/cdn.sozcuhaberajansi.com\/image\/8d08a73a-f276-4e6e-b52a-dbe0582483b3.jpeg\" alt=\"\" title=\"\"><\/p>\n<p><strong>\u201cBIRAKTI\u011eINIZ YERDEY\u0130M\u201d<\/strong><\/p>\n<p>\u0130Y\u0130 Parti lideri Ak\u015fener, Sar\u0131yer\u2019deki ziyaretleri s\u0131ras\u0131nda girdi\u011fi d\u00fckkanda Demokrat Parti Sar\u0131yer Te\u015fkilat Ba\u015fkan\u0131 ile kar\u015f\u0131la\u015ft\u0131. Demokrat Partili ba\u015fkan, \u201cSize ailem ve t\u00fcm demokrat partililer ad\u0131na te\u015fekk\u00fcr ediyorum. Genel ba\u015fkan\u0131m\u0131z G\u00fcltekin Uysal sayenizde meclise girdi. Allah senden raz\u0131 olsun. Yan\u0131n\u0131zday\u0131z\u201d dedi.<\/p>\n<p>Ak\u015fener ise \u015f\u00f6yle yan\u0131t verdi:<\/p>\n<p>\u201cBen de b\u0131rakt\u0131\u011f\u0131n\u0131z yerdeyim. Her eme\u011fin kar\u015f\u0131l\u0131\u011f\u0131nda mutlaka vefam\u0131 g\u00f6steririm. Sizin iradeniz beni bu \u00fclkede ilk kad\u0131n i\u00e7i\u015fleri bakanl\u0131\u011f\u0131 g\u00f6revine getirdi. Onu hi\u00e7bir zaman unutmad\u0131m, unutmayaca\u011f\u0131m. Biz biriz, beraberiz. G\u00fcltekin bey genel ba\u015fkan\u0131m\u0131z, ayn\u0131 zamanda karde\u015fim.\u201d<\/p>\n","protected":false},"excerpt":{"rendered":"<p>\u0130Y\u0130 Parti lideri Meral Ak\u015fener, Sar\u0131yer il\u00e7esinde sokaktaki vatanda\u015fla sohbet etti. Ak\u015fener&#8217;in hal hat\u0131r sordu\u011fu vatanda\u015flar ge\u00e7im s\u0131k\u0131nt\u0131s\u0131ndan &#8230;<\/p>\n","protected":false},"author":1,"featured_media":28120,"comment_status":"closed","ping_status":"open","sticky":false,"template":"","format":"standard","meta":{"footnotes":""},"categories":[26],"tags":[1048,311,78,442,826],"class_list":["post-28119","post","type-post","status-publish","format-standard","has-post-thumbnail","hentry","category-gundem","tag-aksener","tag-kira","tag-lira","tag-parti","tag-vatandas"],"_links":{"self":[{"href":"https:\/\/haberulus.net\/index.php?rest_route=\/wp\/v2\/posts\/28119","targetHints":{"allow":["GET"]}}],"collection":[{"href":"https:\/\/haberulus.net\/index.php?rest_route=\/wp\/v2\/posts"}],"about":[{"href":"https:\/\/haberulus.net\/index.php?rest_route=\/wp\/v2\/types\/post"}],"author":[{"embeddable":true,"href":"https:\/\/haberulus.net\/index.php?rest_route=\/wp\/v2\/users\/1"}],"replies":[{"embeddable":true,"href":"https:\/\/haberulus.net\/index.php?rest_route=%2Fwp%2Fv2%2Fcomments&post=28119"}],"version-history":[{"count":1,"href":"https:\/\/haberulus.net\/index.php?rest_route=\/wp\/v2\/posts\/28119\/revisions"}],"predecessor-version":[{"id":28121,"href":"https:\/\/haberulus.net\/index.php?rest_route=\/wp\/v2\/posts\/28119\/revisions\/28121"}],"wp:featuredmedia":[{"embeddable":true,"href":"https:\/\/haberulus.net\/index.php?rest_route=\/wp\/v2\/media\/28120"}],"wp:attachment":[{"href":"https:\/\/haberulus.net\/index.php?rest_route=%2Fwp%2Fv2%2Fmedia&parent=28119"}],"wp:term":[{"taxonomy":"category","embeddable":true,"href":"https:\/\/haberulus.net\/index.php?rest_route=%2Fwp%2Fv2%2Fcategories&post=28119"},{"taxonomy":"post_tag","embeddable":true,"href":"https:\/\/haberulus.net\/index.php?rest_route=%2Fwp%2Fv2%2Ftags&post=28119"}],"curies":[{"name":"wp","href":"https:\/\/api.w.org\/{rel}","templated":true}]}}