{"id":2820,"date":"2022-07-05T09:21:05","date_gmt":"2022-07-05T09:21:05","guid":{"rendered":"https:\/\/haberulus.net\/?p=2820"},"modified":"2022-07-05T09:21:05","modified_gmt":"2022-07-05T09:21:05","slug":"merkez-bankasi-enflasyona-en-belirgin-katki-enerji-fiyatlarindan","status":"publish","type":"post","link":"https:\/\/haberulus.net\/?p=2820","title":{"rendered":"Merkez Bankas\u0131: Enflasyona en belirgin katk\u0131 enerji fiyatlar\u0131ndan"},"content":{"rendered":"<p><b>Merkez Bankas\u0131&#8217;n\u0131n haziran ay\u0131na ili\u015fkin Ayl\u0131k Fiyat Geli\u015fmeleri Raporu&#8217;nda enflasyondaki y\u00fckseli\u015fe en belirgin katk\u0131n\u0131n enerji grubundan geldi\u011fi belirtildi.<\/b><\/p>\n<p>T\u00fcrkiye Cumhuriyet Merkez Bankas\u0131 (TCMB), Haziran Ay\u0131 Fiyat Geli\u015fmeleri Raporu\u2019nu yay\u0131mlad\u0131. Haziran\u2019da hizmet grubunda y\u0131ll\u0131k enflasyonun t\u00fcm alt gruplarda artt\u0131. Enflasyondaki y\u00fckseli\u015fe en belirgin katk\u0131n enerji grubundan geldi.<\/p>\n<p>Raporda, t\u00fcketici y\u0131ll\u0131k enflasyonu temel mallar grubunda s\u0131n\u0131rl\u0131 bir miktar gerilerken di\u011fer alt gruplarda y\u00fckseldi. Enflasyondaki y\u00fckseli\u015fe en belirgin katk\u0131 enerji grubundan geldi\u011fi belirtildi.<\/p>\n<p>Enerji enflasyonu T\u00fcrk liras\u0131 cinsinden uluslararas\u0131 enerji fiyatlar\u0131ndaki g\u00f6r\u00fcn\u00fcme paralel olarak akaryak\u0131t, do\u011fal gaz ve elektrik kalemleri \u00f6nc\u00fcl\u00fc\u011f\u00fcnde \u00f6nemli \u00f6l\u00e7\u00fcde y\u00fckseldi.<\/p>\n<p><b>ENERJ\u0130 ENFLASYONU Y\u00dcZDE 151,5<\/b><\/p>\n<p>Enerji fiyatlar\u0131 Haziran ay\u0131nda y\u00fczde 16,16 oran\u0131nda artarken grup y\u0131ll\u0131k enflasyonu 30,12 puanl\u0131k y\u00fckseli\u015fle y\u00fczde 151,33 oldu.<\/p>\n<p>Uluslararas\u0131 ve yurt i\u00e7i enerji fiyatlar\u0131nda ula\u015f\u0131lan y\u00fcksek seviyeler ve tedarik zincirlerindeki aksakl\u0131klar \u00fcretici fiyatlar\u0131n\u0131 olumsuz etkiledi. Ana sanayi gruplar\u0131na g\u00f6re incelendi\u011finde, y\u0131ll\u0131k enflasyonun t\u00fcm alt gruplarda y\u00fckseldi\u011fi g\u00f6r\u00fcl\u00fcrken, \u00f6zellikle enerji enflasyonundaki art\u0131\u015f dikkat \u00e7ekti.<\/p>\n<p>Fiyat art\u0131\u015flar\u0131 alt kalemler geneline yay\u0131l\u0131rken, rafine edilmi\u015f petrol \u00fcr\u00fcnleri, ham petrol ve do\u011fal gaz, bas\u0131m ve kay\u0131t hizmetleri, elektrik-gaz-buhar ve iklimlendirme, kimyasal \u00fcr\u00fcnler ile i\u00e7ecekler alt kalemlerindeki art\u0131\u015flar \u00f6ne \u00e7\u0131kt\u0131.<\/p>\n<p><b>GIDA ENFLASYONU Y\u00dcZDE 93,9<\/b><\/p>\n<p>G\u0131da ve alkols\u00fcz i\u00e7ecek fiyatlar\u0131 Haziran ay\u0131nda y\u00fczde 2,09 oran\u0131nda artt\u0131. Bu grupta y\u0131ll\u0131k enflasyonu 2,30 puan y\u00fckselerek y\u00fczde 93,93 oldu. Y\u0131ll\u0131k enflasyon i\u015flenmemi\u015f g\u0131dada 5,96 puan d\u00fc\u015f\u00fc\u015fle y\u00fczde 91,65&#8217;e gerilerken, i\u015flenmi\u015f g\u0131dada 10,03 puan art\u0131\u015fla y\u00fczde 96,04 seviyesine y\u00fckseldi.<\/p>\n<p>\u0130\u015flenmemi\u015f g\u0131da grubunda mevsimsellikten ar\u0131nd\u0131r\u0131lm\u0131\u015f veriler sebze fiyatlar\u0131 kaynakl\u0131 olarak taze meyve sebze fiyatlar\u0131nda gerilemenin devam etti\u011fine i\u015faret ederken, di\u011fer i\u015flenmemi\u015f g\u0131da kaleminde \u00e7i\u011f s\u00fct referans fiyat d\u00fczenlemesinin etkiledi\u011fi s\u00fct ile pirin\u00e7, patates ve kuruyemi\u015f fiyatlar\u0131ndaki art\u0131\u015f dikkat \u00e7ekti.<\/p>\n<p><b>ALKOL VE T\u00dcT\u00dcNDE YILLIK ARTI\u015e Y\u00dcZDE 71<\/b><\/p>\n<p>Alkoll\u00fc i\u00e7ecekler ve t\u00fct\u00fcn \u00fcr\u00fcnleri fiyatlar\u0131 haziran ay\u0131nda y\u00fczde 2,61 oran\u0131nda artm\u0131\u015f, y\u0131ll\u0131k enflasyon y\u00fczde 70,99&#8217;a y\u00fckseldi. Alkoll\u00fc i\u00e7ecek fiyatlar\u0131nda vergi oranlar\u0131ndaki art\u0131\u015f\u0131n da yans\u0131malar\u0131 izlenmi\u015ftir. Bu d\u00f6nemde alkol-t\u00fct\u00fcn grubunun ayl\u0131k t\u00fcketici enflasyonuna katk\u0131s\u0131 0,12 puan oldu. Yurt i\u00e7i \u00fcretici fiyatlar\u0131 Haziran ay\u0131nda y\u00fczde 6,77 oran\u0131nda artm\u0131\u015f, y\u0131ll\u0131k enflasyon 6,15 puan y\u00fckseli\u015fle y\u00fczde 138,31 oldu.<\/p>\n","protected":false},"excerpt":{"rendered":"<p>Merkez Bankas\u0131&#8217;n\u0131n haziran ay\u0131na ili\u015fkin Ayl\u0131k Fiyat Geli\u015fmeleri Raporu&#8217;nda enflasyondaki y\u00fckseli\u015fe en belirgin katk\u0131n\u0131n enerji grubundan geldi\u011fi &#8230;<\/p>\n","protected":false},"author":1,"featured_media":2821,"comment_status":"open","ping_status":"open","sticky":false,"template":"","format":"standard","meta":{"footnotes":""},"categories":[25],"tags":[62,728,60,75,225],"class_list":["post-2820","post","type-post","status-publish","format-standard","has-post-thumbnail","hentry","category-ekonomi","tag-artis","tag-enerji","tag-enflasyon","tag-fiyat","tag-grup"],"_links":{"self":[{"href":"https:\/\/haberulus.net\/index.php?rest_route=\/wp\/v2\/posts\/2820","targetHints":{"allow":["GET"]}}],"collection":[{"href":"https:\/\/haberulus.net\/index.php?rest_route=\/wp\/v2\/posts"}],"about":[{"href":"https:\/\/haberulus.net\/index.php?rest_route=\/wp\/v2\/types\/post"}],"author":[{"embeddable":true,"href":"https:\/\/haberulus.net\/index.php?rest_route=\/wp\/v2\/users\/1"}],"replies":[{"embeddable":true,"href":"https:\/\/haberulus.net\/index.php?rest_route=%2Fwp%2Fv2%2Fcomments&post=2820"}],"version-history":[{"count":1,"href":"https:\/\/haberulus.net\/index.php?rest_route=\/wp\/v2\/posts\/2820\/revisions"}],"predecessor-version":[{"id":2822,"href":"https:\/\/haberulus.net\/index.php?rest_route=\/wp\/v2\/posts\/2820\/revisions\/2822"}],"wp:featuredmedia":[{"embeddable":true,"href":"https:\/\/haberulus.net\/index.php?rest_route=\/wp\/v2\/media\/2821"}],"wp:attachment":[{"href":"https:\/\/haberulus.net\/index.php?rest_route=%2Fwp%2Fv2%2Fmedia&parent=2820"}],"wp:term":[{"taxonomy":"category","embeddable":true,"href":"https:\/\/haberulus.net\/index.php?rest_route=%2Fwp%2Fv2%2Fcategories&post=2820"},{"taxonomy":"post_tag","embeddable":true,"href":"https:\/\/haberulus.net\/index.php?rest_route=%2Fwp%2Fv2%2Ftags&post=2820"}],"curies":[{"name":"wp","href":"https:\/\/api.w.org\/{rel}","templated":true}]}}