{"id":2832,"date":"2022-07-05T09:36:05","date_gmt":"2022-07-05T09:36:05","guid":{"rendered":"https:\/\/haberulus.net\/?p=2832"},"modified":"2022-07-05T09:36:05","modified_gmt":"2022-07-05T09:36:05","slug":"iso-baskanindan-kredi-tepkisi-ciddi-problemler-var","status":"publish","type":"post","link":"https:\/\/haberulus.net\/?p=2832","title":{"rendered":"\u0130SO Ba\u015fkan\u0131\u2019ndan kredi tepkisi: Ciddi problemler var"},"content":{"rendered":"<p><b>\u0130stanbul Sanayi Odas\u0131 Ba\u015fkan\u0131 Erdal Bah\u00e7\u0131van, ihracat\u00e7\u0131lar\u0131n Eximbank kredilerine eri\u015fiminde ciddi sorun oldu\u011funu, \u00e7\u00f6z\u00fcm getirilmezse ekonominin olumsuz etkilenece\u011fini s\u00f6yledi.<\/b><\/p>\n<p>\u0130stanbul Sanayi Odas\u0131 (\u0130SO) Ba\u015fkan\u0131 Erdal Bah\u00e7\u0131van, son uygulanan ekonomi politikalar\u0131yla birlikte ihracat\u00e7\u0131 sanayicilerin finansmana eri\u015fim konusunda ciddi problemler ya\u015fad\u0131\u011f\u0131n\u0131 ve bir finans darbo\u011faz\u0131yla kar\u015f\u0131 kar\u015f\u0131ya olundu\u011funu s\u00f6yledi.<\/p>\n<p>Bah\u00e7\u0131van, konuya acilen kal\u0131c\u0131 \u00e7\u00f6z\u00fcm getirilmedi\u011fi takdirde yak\u0131n bir zamanda \u00fcretim ve ihracat rakamlar\u0131nda ekonomiyi olumsuz etkileyecek bir tak\u0131m geli\u015fmeler ya\u015fanabilece\u011fine dikkat \u00e7ekti.<\/p>\n<p>Ekonomi y\u00f6netimi, d\u00fczenleme de\u011fi\u015fiklikleri ile d\u00f6vize talebi azaltmaya, TL\u2019ye olan talebi art\u0131rmay\u0131 ama\u00e7layan \u00f6nlemler al\u0131yor. Son olarak BDDK \u015firketleri nakit d\u00f6viz tutmaktan cayd\u0131rmay\u0131 ama\u00e7layan ad\u0131mlar att\u0131.<\/p>\n<p>Sanayi sekt\u00f6r\u00fcn\u00fcn finansmana eri\u015fimi konusunda ya\u015fad\u0131\u011f\u0131 sorunlara y\u00f6nelik yaz\u0131l\u0131 bir de\u011ferlendirme yapan Bah\u00e7\u0131van, \u201cSon uygulanan ekonomi politikalar\u0131yla ekonomimizin, \u00fcretimimizin ve cari a\u00e7\u0131\u011fa d\u00f6n\u00fck en g\u00fc\u00e7l\u00fc destek ve can suyu olan ihracat\u00e7\u0131 sanayicilerimizin en \u00f6nemli finansal destek kalemi olan T\u00fcrk Eximbank kredi kaynaklar\u0131nda son d\u00f6nemlerde ciddi sorunlar ya\u015fanmaktad\u0131r. T\u00fcrk Eximbank&#8217;\u0131n b\u00fct\u00fcn iyi niyetine ra\u011fmen kendi d\u0131\u015f\u0131nda kaynaklanan bu sorunlar, banka y\u00f6netimine de s\u0131k\u0131nt\u0131 ya\u015fatmaktad\u0131r\u201d dedi.<\/p>\n<p><b>\u2018SON BDDK UYGULAMALARIYLA KANGREN OLDU\u2019<\/b><\/p>\n<p>Bah\u00e7\u0131van \u015f\u00f6yle devam etti:<\/p>\n<p>\u201c\u00d6ncelikli olarak Merkez Bankas\u0131 kaynakl\u0131 farkl\u0131 sorunlardan kaynaklanan, son BDDK uygulamalar\u0131 ile de iyice kangren haline gelen geli\u015fmelerin, ihracat\u00e7\u0131 sanayicilerimizin kaliteli finansmana eri\u015fimi noktas\u0131nda \u00e7ok ciddi problemler olu\u015fturmaya ba\u015flad\u0131\u011f\u0131n\u0131 m\u00fc\u015fahede ediyor ve izliyoruz. \u00d6zellikle bayram \u00f6ncesi gibi hassas bir d\u00f6nemde bu konu, \u00fcretim ve ihracat d\u00fcnyam\u0131z\u0131 hak etmedi\u011fi bir finans darbo\u011faz\u0131yla kar\u015f\u0131 kar\u015f\u0131ya b\u0131rak\u0131yor.\u201d<\/p>\n<p>BDDK ge\u00e7en ay sonunda elinde belirli bir orandan fazla d\u00f6viz nakdi olan ba\u011f\u0131ms\u0131z denetime tabi \u015firketlerin bankalardan yeni TL kredi almas\u0131n\u0131 engelleyen bir karar alm\u0131\u015ft\u0131. Kurum bunun i\u00e7in, ba\u011f\u0131ms\u0131z denetime tabi olma ko\u015fulu da dahil \u00fc\u00e7 \u015fart duyurmu\u015ftu.<\/p>\n<p>TCMB ge\u00e7en y\u0131l reeskont kredilerinde de\u011fi\u015fiklikler yapmaya ba\u015flam\u0131\u015f ve bu kredileri net ihracat\u00e7\u0131 olmayan firmalara kulland\u0131r\u0131mlar\u0131na s\u0131n\u0131rlamalar getirmi\u015fti. \u0130lgili kredilerin bir b\u00f6l\u00fcm\u00fcnde d\u00f6viz bozdurma mecburiyeti ve 1 ay s\u00fcreyle yeni d\u00f6viz al\u0131m\u0131 yapamama ve benzeri bir\u00e7ok zorunluluk da getirildi.<\/p>\n<p>Bah\u00e7\u0131van, bu konuya en k\u0131sa s\u00fcrede kal\u0131c\u0131 bir \u00e7\u00f6z\u00fcm getirilmedi\u011fi takdirde yak\u0131n gelecekteki ihracat ve \u00fcretim rakamlar\u0131nda ekonomiyi olumsuz etkileyecek bir tak\u0131m geli\u015fmelerin arifesinde olundu\u011funa dikkat \u00e7ekti.<\/p>\n","protected":false},"excerpt":{"rendered":"<p>\u0130stanbul Sanayi Odas\u0131 Ba\u015fkan\u0131 Erdal Bah\u00e7\u0131van, ihracat\u00e7\u0131lar\u0131n Eximbank kredilerine eri\u015fiminde ciddi sorun oldu\u011funu, \u00e7\u00f6z\u00fcm getirilmezse ekonominin &#8230;<\/p>\n","protected":false},"author":1,"featured_media":2833,"comment_status":"open","ping_status":"open","sticky":false,"template":"","format":"standard","meta":{"footnotes":""},"categories":[25],"tags":[975,516,973,972,974],"class_list":["post-2832","post","type-post","status-publish","format-standard","has-post-thumbnail","hentry","category-ekonomi","tag-doviz","tag-ekonomi","tag-finans","tag-kredi","tag-sanayi"],"_links":{"self":[{"href":"https:\/\/haberulus.net\/index.php?rest_route=\/wp\/v2\/posts\/2832","targetHints":{"allow":["GET"]}}],"collection":[{"href":"https:\/\/haberulus.net\/index.php?rest_route=\/wp\/v2\/posts"}],"about":[{"href":"https:\/\/haberulus.net\/index.php?rest_route=\/wp\/v2\/types\/post"}],"author":[{"embeddable":true,"href":"https:\/\/haberulus.net\/index.php?rest_route=\/wp\/v2\/users\/1"}],"replies":[{"embeddable":true,"href":"https:\/\/haberulus.net\/index.php?rest_route=%2Fwp%2Fv2%2Fcomments&post=2832"}],"version-history":[{"count":1,"href":"https:\/\/haberulus.net\/index.php?rest_route=\/wp\/v2\/posts\/2832\/revisions"}],"predecessor-version":[{"id":2834,"href":"https:\/\/haberulus.net\/index.php?rest_route=\/wp\/v2\/posts\/2832\/revisions\/2834"}],"wp:featuredmedia":[{"embeddable":true,"href":"https:\/\/haberulus.net\/index.php?rest_route=\/wp\/v2\/media\/2833"}],"wp:attachment":[{"href":"https:\/\/haberulus.net\/index.php?rest_route=%2Fwp%2Fv2%2Fmedia&parent=2832"}],"wp:term":[{"taxonomy":"category","embeddable":true,"href":"https:\/\/haberulus.net\/index.php?rest_route=%2Fwp%2Fv2%2Fcategories&post=2832"},{"taxonomy":"post_tag","embeddable":true,"href":"https:\/\/haberulus.net\/index.php?rest_route=%2Fwp%2Fv2%2Ftags&post=2832"}],"curies":[{"name":"wp","href":"https:\/\/api.w.org\/{rel}","templated":true}]}}