{"id":28441,"date":"2022-08-21T11:06:03","date_gmt":"2022-08-21T11:06:03","guid":{"rendered":"https:\/\/haberulus.net\/?p=28441"},"modified":"2022-08-21T11:06:03","modified_gmt":"2022-08-21T11:06:03","slug":"binlerce-yuzucu-bogazda-kitalararasi-kulac-atti","status":"publish","type":"post","link":"https:\/\/haberulus.net\/?p=28441","title":{"rendered":"Binlerce y\u00fcz\u00fcc\u00fc Bo\u011faz\u2019da k\u0131talararas\u0131 kula\u00e7 att\u0131"},"content":{"rendered":"<p><b>\u0130stanbul&#8217;da 2441 y\u00fcz\u00fcc\u00fc Asya&#8217;dan Avrupa&#8217;da y\u00fczd\u00fc. 34. d\u00fczenlenen Samsung Bo\u011fazi\u00e7i K\u0131talararas\u0131 Y\u00fczme Yar\u0131\u015f\u0131, Bo\u011faz&#8217;da b\u00fcy\u00fck heyecana sahne oldu.<\/b><\/p>\n<p>T\u00fcrkiye Milli Olimpiyat Komitesi (TMOK) taraf\u0131ndan organize edilen Samsung Bo\u011fazi\u00e7i K\u0131talararas\u0131 Y\u00fczme Yar\u0131\u015f\u0131\u2019n\u0131n 34.s\u00fc, Gen\u00e7lik ve Spor Bakan\u0131 Mehmet Muharrem Kasapo\u011flu\u2019nun start\u0131yla ba\u015flad\u0131.<\/p>\n<p>Yar\u0131\u015f i\u00e7in Kuru\u00e7e\u015fme Cemil Topuzlu Park\u0131\u2019ndaki iskelede toplanan 1198\u2019i yabanc\u0131 2441 y\u00fcz\u00fcc\u00fc 3 vapurla yar\u0131\u015f\u0131n ba\u015flang\u0131\u00e7 noktas\u0131 olan Kanl\u0131ca Vapur \u0130skelesi\u2019ne g\u00f6t\u00fcr\u00fcld\u00fc. Y\u00fcz\u00fcc\u00fcler s\u0131rayla iskeleden atlayarak, bo\u011faz\u0131n serin sular\u0131nda yar\u0131\u015fmaya ba\u015flad\u0131.<\/p>\n<div><img decoding=\"async\" src=\"https:\/\/i01.sozcucdn.com\/wp-content\/uploads\/2022\/08\/21\/aa-20220821-28696541-28696538-34_samsung_bogazici_kitalararasi_yuzme_yarisi_1024x683.jpg\" alt=\"\" title=\"\"><\/p>\n<p>Foto\u011fraf: AA<\/p>\n<\/div>\n<p><b>KITALARARASI Y\u00dcZ\u00dcC\u00dc UNVANI \u0130\u00c7\u0130N YARI\u015eTILAR<\/b><\/p>\n<p>D\u00fcnyan\u0131n \u00f6nde gelen y\u00fczme organizasyonlar\u0131ndan Bo\u011fazi\u00e7i K\u0131talararas\u0131 Y\u00fczme Yar\u0131\u015f\u0131, 5 k\u0131tadan 2400\u2019\u00fc a\u015fk\u0131n y\u00fcz\u00fcc\u00fcy\u00fc \u0130stanbul Bo\u011faz\u0131\u2019nda bir araya getirdi. Yar\u0131\u015fmaya kat\u0131lanlar\u0131n 700\u2019\u00fcn\u00fcn kad\u0131n oldu\u011fu bildirildi.<\/p>\n<p>Kanl\u0131ca \u0130skelesi\u2019nden ba\u015flay\u0131p Kuru\u00e7e\u015fme Cemil Topuzlu Park\u0131\u2019ndaki etkinlik alan\u0131nda son bulan 6.5 kilometrelik yar\u0131\u015fta y\u00fcz\u00fcc\u00fcler, Asya\u2019dan Avrupa\u2019ya y\u00fczerek, \u201dk\u0131talararas\u0131 y\u00fcz\u00fcc\u00fc\u201d unvan\u0131n\u0131 kazanabilmek i\u00e7in m\u00fccadele verdi.<\/p>\n<div><img decoding=\"async\" src=\"https:\/\/i01.sozcucdn.com\/wp-content\/uploads\/2022\/08\/21\/aa-20220821-28697062-28697050-34_samsung_bogazici_kitalararasi_yuzme_yarisi_1024x683.jpg\" alt=\"\" title=\"\"><\/p>\n<p>Foto\u011fraf: AA<\/p>\n<\/div>\n<p>T\u00fcrkiye ve \u0130stanbul\u2019un tan\u0131t\u0131m\u0131na b\u00fcy\u00fck katk\u0131 sunan organizasyon, D\u00fcnya A\u00e7\u0131k Su Y\u00fczme Birli\u011fi (WOWSA) taraf\u0131ndan 2016\u2019da \u201dEn iyi a\u00e7\u0131k su y\u00fczme organizasyonu\u201d se\u00e7ilmi\u015fti.<\/p>\n<p><b>\u0130K\u0130 KOLUNU KAYBEDEN AVCILAR BELED\u0130YE BA\u015eKANI DA KATILDI<\/b><\/p>\n<p>18 ya\u015f\u0131nda ge\u00e7irdi\u011fi kaza nedeniyle iki kolunu kaybeden ve T\u00fcrkiye&#8217;nin ilk engelli ba\u015fkan\u0131 olan Avc\u0131lar Belediye Ba\u015fkan\u0131 Turan Han\u00e7erli de Bo\u011faz\u2019\u0131 y\u00fczerek ge\u00e7ti.<\/p>\n<div><img decoding=\"async\" src=\"https:\/\/i01.sozcucdn.com\/wp-content\/uploads\/2022\/08\/21\/21b3a06b-6254-4925-bb42-0ae08c32b635.jpeg\" alt=\"\" title=\"\"><\/p>\n<p>Foto\u011fraf: SHA<\/p>\n<\/div>\n<p><b>\u0130K\u0130NC\u0130 KEZ YARI\u015eMAYA KATILDI<\/b><\/p>\n<p>Bu y\u0131l ikinci kez yar\u0131\u015fmaya kat\u0131lan Turan Han\u00e7erli, \u201c\u00c7ok \u00f6nemli bu yar\u0131\u015fta binlerce insanla Anadolu&#8217;dan Avrupa&#8217;ya bu defa k\u00f6pr\u00fc ile tekne ile de\u011fil de y\u00fczerek ge\u00e7tik. Tabi mutluluk verici keyif verici. Dalga veya hava de\u011fi\u015fiyor, ak\u0131nt\u0131 de\u011fi\u015fiyor. Ak\u0131nt\u0131yla ve dalgalarla bo\u011fu\u015farak Kuru\u00e7e\u015fme\u2019de bulu\u015ftuk. Her sene de\u011fi\u015fik bir suyla kar\u015f\u0131la\u015f\u0131yoruz. Her y\u0131l saatlik dahi ak\u0131nt\u0131 farkl\u0131l\u0131k g\u00f6steriyor, de\u011fi\u015fiklik g\u00f6steriyor. \u00c7ok mutlu ve gururluyum\u201d ifadelerini kulland\u0131.<\/p>\n<p>(AA-SHA)<\/p>\n","protected":false},"excerpt":{"rendered":"<p>\u0130stanbul&#8217;da 2441 y\u00fcz\u00fcc\u00fc Asya&#8217;dan Avrupa&#8217;da y\u00fczd\u00fc. 34. d\u00fczenlenen Samsung Bo\u011fazi\u00e7i K\u0131talararas\u0131 Y\u00fczme Yar\u0131\u015f\u0131, Bo\u011faz&#8217;da b\u00fcy\u00fck heyecana sahne oldu &#8230;<\/p>\n","protected":false},"author":1,"featured_media":28442,"comment_status":"closed","ping_status":"open","sticky":false,"template":"","format":"standard","meta":{"footnotes":""},"categories":[31],"tags":[411,3910,2884],"class_list":["post-28441","post","type-post","status-publish","format-standard","has-post-thumbnail","hentry","category-spor","tag-yaris","tag-yuzme","tag-yuzucu"],"_links":{"self":[{"href":"https:\/\/haberulus.net\/index.php?rest_route=\/wp\/v2\/posts\/28441","targetHints":{"allow":["GET"]}}],"collection":[{"href":"https:\/\/haberulus.net\/index.php?rest_route=\/wp\/v2\/posts"}],"about":[{"href":"https:\/\/haberulus.net\/index.php?rest_route=\/wp\/v2\/types\/post"}],"author":[{"embeddable":true,"href":"https:\/\/haberulus.net\/index.php?rest_route=\/wp\/v2\/users\/1"}],"replies":[{"embeddable":true,"href":"https:\/\/haberulus.net\/index.php?rest_route=%2Fwp%2Fv2%2Fcomments&post=28441"}],"version-history":[{"count":1,"href":"https:\/\/haberulus.net\/index.php?rest_route=\/wp\/v2\/posts\/28441\/revisions"}],"predecessor-version":[{"id":28443,"href":"https:\/\/haberulus.net\/index.php?rest_route=\/wp\/v2\/posts\/28441\/revisions\/28443"}],"wp:featuredmedia":[{"embeddable":true,"href":"https:\/\/haberulus.net\/index.php?rest_route=\/wp\/v2\/media\/28442"}],"wp:attachment":[{"href":"https:\/\/haberulus.net\/index.php?rest_route=%2Fwp%2Fv2%2Fmedia&parent=28441"}],"wp:term":[{"taxonomy":"category","embeddable":true,"href":"https:\/\/haberulus.net\/index.php?rest_route=%2Fwp%2Fv2%2Fcategories&post=28441"},{"taxonomy":"post_tag","embeddable":true,"href":"https:\/\/haberulus.net\/index.php?rest_route=%2Fwp%2Fv2%2Ftags&post=28441"}],"curies":[{"name":"wp","href":"https:\/\/api.w.org\/{rel}","templated":true}]}}