{"id":28447,"date":"2022-08-21T11:36:03","date_gmt":"2022-08-21T11:36:03","guid":{"rendered":"https:\/\/haberulus.net\/?p=28447"},"modified":"2022-08-21T11:36:03","modified_gmt":"2022-08-21T11:36:03","slug":"kuresel-ekonomi-alarmda-resesyon-riski-buyuyor","status":"publish","type":"post","link":"https:\/\/haberulus.net\/?p=28447","title":{"rendered":"K\u00fcresel ekonomi alarmda: Resesyon riski b\u00fcy\u00fcyor"},"content":{"rendered":"<p><b>Avrupa ve ABD ba\u015fta olmak \u00fczere ekonomiye ili\u015fkin verilerden gelen sinyaller resesyon riskinin artt\u0131\u011f\u0131na i\u015faret ediyor. Yat\u0131r\u0131mc\u0131lar bu riski \u00f6l\u00e7mek i\u00e7in \u00f6n\u00fcm\u00fczdeki d\u00f6nemde baz\u0131 kritik verileri dikkatle izleyecek.<\/b><\/p>\n<p>Y\u00fckselen faiz oranlar\u0131, enflasyon ve uzun s\u00fcredir devam eden enerji krizi, d\u00fcnya ekonomisinin resesyona do\u011fru gitti\u011fi inanc\u0131n\u0131 art\u0131r\u0131yor.<\/p>\n<p>ABD Hazine Bakan\u0131 Janet Yellen ve Avrupa Merkez Bankas\u0131 Ba\u015fkan\u0131 Christine Lagarde\u2019nin temel bir senaryo olarak g\u00f6rmese de kabul ettikleri bir risk olan resesyona dair i\u015faretler de y\u00fckselmeye devam ediyor.<\/p>\n<p>ABD\u2019de gayri safi yurt i\u00e7i has\u0131lan\u0131n (GSYH) iki \u00e7eyrek art arda k\u00fc\u00e7\u00fclmesinin ard\u0131ndan \u00fclkede resesyonun ba\u015flay\u0131p ba\u015flamad\u0131\u011f\u0131 tart\u0131\u015f\u0131lm\u0131\u015f, yetkililer bunun istisnai bir durum oldu\u011funu ve durumun resesyon anlam\u0131na gelmedi\u011fini belirtmi\u015fti. Ancak hem Avrupa\u2019da hem de ABD\u2019de \u00fcretime ili\u015fkin veriler ekonomik durgunluk sinyallerinin artt\u0131\u011f\u0131n\u0131 g\u00f6steriyor.<\/p>\n<p><b>AVRUPA\u2019DA R\u0130SK ARTIYOR<\/b><\/p>\n<p>Avrupa\u2019da resesyon riskleri g\u00fc\u00e7lenmeye devam ederken, Almanya\u2019n\u0131n do\u011fal gaz tedariki problemine bir de kurakl\u0131\u011f\u0131n nehirlerdeki su seviyelerini d\u00fc\u015f\u00fcrmesi eklendi.<\/p>\n<p>Buna g\u00f6re, nehirlerin i\u00e7 ve d\u0131\u015f ticarette \u00f6nemli pay\u0131 oldu\u011fu \u00fclkede su seviyelerinin olduk\u00e7a azalmas\u0131n\u0131n ard\u0131ndan baz\u0131 gemilerin seyahat edememesinin \u00fclkede tedarik zincirini olumsuz etkileyebilece\u011finden endi\u015fe ediliyor.<\/p>\n<p>Euro B\u00f6lgesi\u2019nde y\u0131ll\u0131k enflasyon enerji fiyatlar\u0131ndaki y\u00fckseli\u015fin etkisiyle temmuzda y\u00fczde 8,9\u2019a \u00e7\u0131karak rekor seviyeyi g\u00f6r\u00fcrken, in\u015faat \u00fcretimi, haziran ay\u0131nda bir \u00f6nceki aya g\u00f6re y\u00fczde 1,3 azald\u0131.<\/p>\n<p>Euro B\u00f6lgesi y\u0131l\u0131n ikinci \u00e7eyre\u011finde \u00e7eyreklik y\u00fczde 0,6 ve y\u0131ll\u0131k y\u00fczde 3,9 b\u00fcy\u00fcse de beklentilerin alt\u0131nda kal\u0131rken, \u0130ngiltere\u2019de T\u00fcketici Fiyat Endeksi (T\u00dcFE) y\u0131ll\u0131k y\u00fczde 10,1 art\u0131\u015fla son 40 y\u0131l\u0131n en h\u0131zl\u0131 y\u00fckseli\u015fine i\u015faret etti.<\/p>\n<p>Bu hafta a\u00e7\u0131klanacak sat\u0131n alma y\u00f6neticileri endeksleri de resesyon konusunda kritik sinyallerden birini verecek. \u00d6zel sekt\u00f6r \u00fcretiminin darald\u0131\u011f\u0131n\u0131 g\u00f6sterecek olas\u0131 bir veri 19 \u00fclkeli Euro b\u00f6lgesindeki resesyon i\u00e7in ciddi bir sinyal olacak.<\/p>\n<p><b>ABD\u2019DEN GELEN S\u0130NYALLER NEGAT\u0130F<\/b><\/p>\n<p>\u00d6te yandan ABD\u2019de enflasyon ve resesyon ikilemi s\u00fcrerken, piyasalardaki fiyatlamalar da zorla\u015f\u0131yor.<\/p>\n<p>ABD tahvil piyasalar\u0131nda da bu hafta sat\u0131\u015f a\u011f\u0131rl\u0131kl\u0131 bir seyir izlenirken, baz\u0131 varl\u0131klarda terse d\u00f6nen getiri e\u011frisi resesyon korkular\u0131n\u0131 beslemeyi s\u00fcrd\u00fcr\u00fcyor.<\/p>\n<p>\u00dclkede a\u00e7\u0131klanan makroekonomik verilere g\u00f6re, ikinci el konut sat\u0131\u015flar\u0131, temmuzda d\u00fc\u015f\u00fc\u015f\u00fcn\u00fc alt\u0131nc\u0131 aya ta\u015f\u0131yarak ayl\u0131k bazda y\u00fczde 5,9 azal\u0131\u015fla May\u0131s 2020\u2019den bu yana en d\u00fc\u015f\u00fck seviyeye geriledi.<\/p>\n<p>\u0130lk kez i\u015fsizlik maa\u015f\u0131 ba\u015fvurusunda bulunanlar\u0131n say\u0131s\u0131, 13 A\u011fustos ile biten haftada \u00f6nceki haftaya k\u0131yasla 2 bin ki\u015fi azalarak 250 bine indi. Piyasa beklentilerinin aksine d\u00fc\u015f\u00fc\u015f kaydeden i\u015fsizlik maa\u015f\u0131 ba\u015fvurular\u0131, i\u015f g\u00fcc\u00fc talebinin sa\u011flam kalmaya devam etti\u011fine i\u015faret etti.<\/p>\n<p>ABD\u2019de perakende sat\u0131\u015flar, temmuzda art\u0131\u015f beklentilerinin aksine de\u011fi\u015fim g\u00f6stermezken, \u00fclkenin b\u00fcy\u00fck al\u0131\u015fveri\u015f ma\u011fazalar\u0131ndan Target\u2019\u0131n ikinci \u00e7eyrekteki kar\u0131, t\u00fcketicilerin y\u00fcksek enflasyon nedeniyle iste\u011fe ba\u011fl\u0131 harcamalardan ka\u00e7\u0131nmas\u0131yla yakla\u015f\u0131k y\u00fczde 90 d\u00fc\u015f\u00fc\u015f g\u00f6sterdi.<\/p>\n<p>\u00dclkede konut ba\u015flang\u0131\u00e7lar\u0131 ise temmuzda y\u00fczde 9,6 azal\u0131\u015fla 1 milyon 446 bine gerileyerek, \u015eubat 2021\u2019den bu yana en d\u00fc\u015f\u00fck seviyeye indi. \u0130n\u015faat izinleri de temmuzda ayl\u0131k bazda y\u00fczde 1,3 azalarak 1 milyon 674 bine geriledi.<\/p>\n<p><b>UZMANLAR NE D\u0130YOR?<\/b><\/p>\n<p>Uluslararas\u0131 Para Fonu (IMF) ge\u00e7ti\u011fimiz ay k\u00fcresel b\u00fcy\u00fcme tahminlerini d\u00fc\u015f\u00fcrerek, y\u00fcksek enflasyon ve Ukrayna sava\u015f\u0131ndan kaynaklanan risklerin kontrol alt\u0131na al\u0131nmamas\u0131 h\u00e2linde d\u00fcnya ekonomisinin resesyonun e\u015fi\u011fine gelebilece\u011fi uyar\u0131s\u0131nda bulundu.<\/p>\n<p>Kurum yay\u0131mlad\u0131\u011f\u0131 raporda k\u00fcresel reel gayri safi yurt i\u00e7i has\u0131la (GSY\u0130H) b\u00fcy\u00fcmesine ili\u015fkin tahminini y\u00fczde 3,6&#8217;dan y\u00fczde 3,2&#8217;ye d\u00fc\u015f\u00fcrd\u00fc. IMF&#8217;nin 2023 y\u0131l\u0131na ili\u015fkin b\u00fcy\u00fcme beklentisi ise y\u00fczde 3,6&#8217;dan y\u00fczde 2,9&#8217;a indirildi.<\/p>\n<p>Moody\u2019s Analytics\u2019in ba\u015f ekonomisti Mark Zandi ise ABD\u2019deki ekonomik daralman\u0131n resesyona i\u015faret etmedi\u011fini belirterek \u201cBu bir durgunluk de\u011fil. Durgunlukla ayn\u0131 evrende bile de\u011fil\u201d dedi.<\/p>\n<p>Devam eden bir durgunlu\u011fa i\u015faret eden tek \u015feyin negatif GSY\u0130H\u2019n\u0131n arka arkaya iki \u00e7eyrek k\u00fc\u00e7\u00fclmesi oldu\u011funu belirten Zandi, \u201cGSY\u0130H\u2019n\u0131n bu \u00e7eyrekte pozitife d\u00f6nece\u011fine dair erken g\u00f6stergeler var\u201d dedi.<\/p>\n<p><b>RESESYON NED\u0130R?<\/b><\/p>\n<p>Resesyon, bir \u00fclkenin ekonomik faaliyetlerinde gerileme ya\u015fanmas\u0131 nedeniyle reel gayri safi yurt i\u00e7i has\u0131lan\u0131n d\u00fc\u015fmesi, ekonomik faaliyetlerde duraklamas\u0131, negatif anlamda istikrarl\u0131 bir konjonkt\u00fcr dalgas\u0131nda doru\u011fu izleyen reel ekonomik faaliyet d\u00fczeyinde \u0131l\u0131ml\u0131 daralma a\u015famas\u0131 olarak tan\u0131mlan\u0131yor. Ekonomideki daralma \u0131l\u0131ml\u0131 de\u011fil \u015fiddetli olursa buna da depresyon deniyor.<\/p>\n","protected":false},"excerpt":{"rendered":"<p>Avrupa ve ABD ba\u015fta olmak \u00fczere ekonomiye ili\u015fkin verilerden gelen sinyaller resesyon riskinin artt\u0131\u011f\u0131na i\u015faret ediyor. Yat\u0131r\u0131mc\u0131lar bu riski &#8230;<\/p>\n","protected":false},"author":1,"featured_media":28448,"comment_status":"closed","ping_status":"open","sticky":false,"template":"","format":"standard","meta":{"footnotes":""},"categories":[25],"tags":[11,851,188,3730,161],"class_list":["post-28447","post","type-post","status-publish","format-standard","has-post-thumbnail","hentry","category-ekonomi","tag-abd","tag-art","tag-bas","tag-resesyon","tag-risk"],"_links":{"self":[{"href":"https:\/\/haberulus.net\/index.php?rest_route=\/wp\/v2\/posts\/28447","targetHints":{"allow":["GET"]}}],"collection":[{"href":"https:\/\/haberulus.net\/index.php?rest_route=\/wp\/v2\/posts"}],"about":[{"href":"https:\/\/haberulus.net\/index.php?rest_route=\/wp\/v2\/types\/post"}],"author":[{"embeddable":true,"href":"https:\/\/haberulus.net\/index.php?rest_route=\/wp\/v2\/users\/1"}],"replies":[{"embeddable":true,"href":"https:\/\/haberulus.net\/index.php?rest_route=%2Fwp%2Fv2%2Fcomments&post=28447"}],"version-history":[{"count":1,"href":"https:\/\/haberulus.net\/index.php?rest_route=\/wp\/v2\/posts\/28447\/revisions"}],"predecessor-version":[{"id":28449,"href":"https:\/\/haberulus.net\/index.php?rest_route=\/wp\/v2\/posts\/28447\/revisions\/28449"}],"wp:featuredmedia":[{"embeddable":true,"href":"https:\/\/haberulus.net\/index.php?rest_route=\/wp\/v2\/media\/28448"}],"wp:attachment":[{"href":"https:\/\/haberulus.net\/index.php?rest_route=%2Fwp%2Fv2%2Fmedia&parent=28447"}],"wp:term":[{"taxonomy":"category","embeddable":true,"href":"https:\/\/haberulus.net\/index.php?rest_route=%2Fwp%2Fv2%2Fcategories&post=28447"},{"taxonomy":"post_tag","embeddable":true,"href":"https:\/\/haberulus.net\/index.php?rest_route=%2Fwp%2Fv2%2Ftags&post=28447"}],"curies":[{"name":"wp","href":"https:\/\/api.w.org\/{rel}","templated":true}]}}