{"id":28951,"date":"2022-08-22T10:51:06","date_gmt":"2022-08-22T10:51:06","guid":{"rendered":"https:\/\/haberulus.net\/?p=28951"},"modified":"2022-08-22T10:51:06","modified_gmt":"2022-08-22T10:51:06","slug":"fransada-sirketlerin-fosil-yakit-reklami-yapmasi-yasaklandi","status":"publish","type":"post","link":"https:\/\/haberulus.net\/?p=28951","title":{"rendered":"Fransa\u2019da \u015firketlerin fosil yak\u0131t reklam\u0131 yapmas\u0131 yasakland\u0131"},"content":{"rendered":"<p><b>Fransa&#8217;da \u015firketler art\u0131k petrol \u00fcr\u00fcnleri, k\u00f6m\u00fcrden elde edilen enerji ile hidrokarbon dahil fosil enerjinin reklam\u0131n\u0131 yapamayacak.<\/b><\/p>\n<div>\n<div>\n<p>Fransa\u2019da \u015firketlerin fosil yak\u0131tlar\u0131ndan elde edilen enerjinin reklam\u0131n\u0131 yapmas\u0131na bug\u00fcnden itibaren yasak getirildi.<br \/><strong><br \/><\/strong>Le Figaro\u2019nun haberine g\u00f6re, 2021\u2019de kabul edilen iklim yasas\u0131 kapsam\u0131nda \u015firketler art\u0131k petrol \u00fcr\u00fcnleri, k\u00f6m\u00fcrden elde edilen enerji ile hidrokarbon dahil fosil enerjinin reklam\u0131n\u0131 yapamayacak. Avrupa \u00e7evre yasalar\u0131n\u0131n uygun g\u00f6rmesi nedeniyle gaz bu yasa\u011fa dahil edilmedi ve 30 Haziran 2023\u2019e kadar \u015firketler gazla sa\u011flanan enerjinin reklam\u0131n\u0131 verebilecek.<\/p>\n<p>Alternatif gaz tedarik\u00e7ilerinin k\u00fcresel rekabette geri d\u00fc\u015fmemesi nedeniyle \u00fclkede gazl\u0131 enerjiye bu imtiyaz\u0131n tan\u0131nd\u0131\u011f\u0131 belirtiliyor. \u00d6te yandan 1 Ocak 2023\u2019te bu yasa\u011fa ili\u015fkin ikinci bir etap devreye girecek, bu kapsamda \u015firketlerin \u00fcr\u00fcnlerinin reklam\u0131nda \u201cs\u0131f\u0131r karbon\u201d ibaresi kullanmas\u0131 art\u0131k m\u00fcmk\u00fcn olmayacak.<\/p>\n<p>Fransa Cumhurba\u015fkan\u0131 Emmanuel Macron\u2019un nisan ay\u0131nda yap\u0131lan cumhurba\u015fkan\u0131 se\u00e7imi kampanyas\u0131nda \u00f6ne \u00e7\u0131kard\u0131\u011f\u0131 vaatlerinin ba\u015f\u0131nda iklim de\u011fi\u015fikli\u011fiyle m\u00fccadele geliyordu. Muhalifler, Macron\u2019u \u00e7evre politikalar\u0131nda samimi olmamakla ele\u015ftiriyor. (AA)<\/p>\n<\/div>\n<\/div>\n","protected":false},"excerpt":{"rendered":"<p>Fransa&#8217;da \u015firketler art\u0131k petrol \u00fcr\u00fcnleri, k\u00f6m\u00fcrden elde edilen enerji ile hidrokarbon dahil fosil enerjinin reklam\u0131n\u0131 yapamayacak. Fransa\u2019da &#8230;<\/p>\n","protected":false},"author":1,"featured_media":28952,"comment_status":"closed","ping_status":"open","sticky":false,"template":"","format":"standard","meta":{"footnotes":""},"categories":[24],"tags":[728,625],"class_list":["post-28951","post","type-post","status-publish","format-standard","has-post-thumbnail","hentry","category-dunya","tag-enerji","tag-sirketler"],"_links":{"self":[{"href":"https:\/\/haberulus.net\/index.php?rest_route=\/wp\/v2\/posts\/28951","targetHints":{"allow":["GET"]}}],"collection":[{"href":"https:\/\/haberulus.net\/index.php?rest_route=\/wp\/v2\/posts"}],"about":[{"href":"https:\/\/haberulus.net\/index.php?rest_route=\/wp\/v2\/types\/post"}],"author":[{"embeddable":true,"href":"https:\/\/haberulus.net\/index.php?rest_route=\/wp\/v2\/users\/1"}],"replies":[{"embeddable":true,"href":"https:\/\/haberulus.net\/index.php?rest_route=%2Fwp%2Fv2%2Fcomments&post=28951"}],"version-history":[{"count":1,"href":"https:\/\/haberulus.net\/index.php?rest_route=\/wp\/v2\/posts\/28951\/revisions"}],"predecessor-version":[{"id":28953,"href":"https:\/\/haberulus.net\/index.php?rest_route=\/wp\/v2\/posts\/28951\/revisions\/28953"}],"wp:featuredmedia":[{"embeddable":true,"href":"https:\/\/haberulus.net\/index.php?rest_route=\/wp\/v2\/media\/28952"}],"wp:attachment":[{"href":"https:\/\/haberulus.net\/index.php?rest_route=%2Fwp%2Fv2%2Fmedia&parent=28951"}],"wp:term":[{"taxonomy":"category","embeddable":true,"href":"https:\/\/haberulus.net\/index.php?rest_route=%2Fwp%2Fv2%2Fcategories&post=28951"},{"taxonomy":"post_tag","embeddable":true,"href":"https:\/\/haberulus.net\/index.php?rest_route=%2Fwp%2Fv2%2Ftags&post=28951"}],"curies":[{"name":"wp","href":"https:\/\/api.w.org\/{rel}","templated":true}]}}