{"id":28987,"date":"2022-08-22T11:51:06","date_gmt":"2022-08-22T11:51:06","guid":{"rendered":"https:\/\/haberulus.net\/?p=28987"},"modified":"2022-08-22T11:51:06","modified_gmt":"2022-08-22T11:51:06","slug":"iran-2015-nukleer-anlasmasini-hayata-gecirecek-ab-teklifine-makul-bir-yanit-verdi","status":"publish","type":"post","link":"https:\/\/haberulus.net\/?p=28987","title":{"rendered":"\u0130ran, 2015 n\u00fckleer anla\u015fmas\u0131n\u0131 hayata ge\u00e7irecek AB teklifine \u201cmakul\u201d bir yan\u0131t verdi"},"content":{"rendered":"<p><b>Avrupa Birli\u011fi&#8217;nin (AB) d\u0131\u015f politikadan sorumlu yetkilisi Josep Borrell, \u0130ran&#8217;\u0131n Washington ve Tahran aras\u0131ndaki 2015 n\u00fckleer anla\u015fmas\u0131n\u0131 yeniden hayata ge\u00e7irmek \u00fczere haz\u0131rlanan AB metnine &#8220;makul&#8221; bir cevap verdi\u011fini s\u00f6yledi.<\/b><\/p>\n<p>AB\u2019nin Washington ve \u0130ran aras\u0131nda arabuluculuk yapt\u0131\u011f\u0131 16 ayl\u0131k dolayl\u0131 m\u00fczakerelerin sonucunda 8 A\u011fustos\u2019ta k\u0131demli AB yetkilisi, birli\u011fin nihai metni taraflara sundu\u011funu ve \u201cbirka\u00e7 hafta i\u00e7erisinde\u201d yan\u0131t beklendi\u011fini s\u00f6ylemi\u015fti.<br \/>Washington, AB metni \u00fczerinden 2015 n\u00fckleer anla\u015fmas\u0131n\u0131 h\u0131zl\u0131ca devreye alacak bir anla\u015fmaya varmaya haz\u0131r oldu\u011funu belirtmi\u015fti.<\/p>\n<p>Tahran m\u00fczakerecileri \u0130ran\u2019\u0131n \u201cilave g\u00f6r\u00fc\u015f ve de\u011ferlendirmelerini\u201d sonradan aktaracaklar\u0131n\u0131 s\u00f6ylerken AB yetkilisi \u0130ran\u2019\u0131n nihai metne yan\u0131t\u0131yla ilgili detayl\u0131 bilgi vermedi.<\/p>\n<p><strong>ANLA\u015eMA S\u0130NYAL\u0130 VERM\u0130\u015eT\u0130<\/strong><\/p>\n<p>\u0130ran D\u0131\u015fi\u015fleri Bakan\u0131 Hossein Amirabdollahian d\u00fcn, \u201cGeri kalan \u00fc\u00e7 mesele \u00e7\u00f6z\u00fcld\u00fc\u011f\u00fc takdirde \u00f6n\u00fcm\u00fczdeki g\u00fcnlerde anla\u015fmaya varabiliriz\u201d diyerek, \u0130ran\u2019\u0131n herhangi bir yan\u0131t\u0131n\u0131n nihai bir kabul ya da red olmayaca\u011f\u0131n\u0131n sinyalini vermi\u015fti.<\/p>\n<p>ABD D\u0131\u015fi\u015fleri Bakanl\u0131\u011f\u0131 d\u00fcn, 2015 n\u00fckleer anla\u015fmas\u0131n\u0131 yeniden devreye alacak \u00e7\u00f6z\u00fcm\u00fcn ancak \u0130ran \u201ckonu d\u0131\u015f\u0131\u201d meseleleri b\u0131rak\u0131rsa ger\u00e7ekle\u015febilece\u011fini s\u00f6ylemi\u015fti.<\/p>\n<p>2015 n\u00fckleer anla\u015fmas\u0131, 11 ay s\u00fcren dolayl\u0131 m\u00fczakerelerin ard\u0131ndan Mart ay\u0131nda Viyana\u2019da ger\u00e7ekle\u015ftirdi\u011fi g\u00f6r\u00fc\u015fmelerin sonucunda yeniden devreye al\u0131nmaya yakla\u015fm\u0131\u015ft\u0131.<\/p>\n<p>\u0130ran\u2019\u0131n ABD\u2019den, hi\u00e7bir ba\u015fkan\u0131n eski ba\u015fkan Donald Trump gibi anla\u015fmadan \u00e7ekilmeyece\u011fi g\u00fcvencesi istemesinin de aralar\u0131nda oldu\u011fu anla\u015fmazl\u0131klar s\u00fcreci sekteye u\u011fratm\u0131\u015ft\u0131.<\/p>\n<p>Tahran, Birle\u015fmi\u015f Milletler n\u00fckleer ajans\u0131n\u0131n \u0130ran\u2019daki uranyum izlerine y\u00f6nelik incelemesini sona erdirmesini ve ABD\u2019nin \u0130ran Devrim Muhaf\u0131zlar\u0131\u2019n\u0131 ter\u00f6r listesinden \u00e7\u0131karmas\u0131n\u0131 da talep etmi\u015fti.<\/p>\n","protected":false},"excerpt":{"rendered":"<p>Avrupa Birli\u011fi&#8217;nin (AB) d\u0131\u015f politikadan sorumlu yetkilisi Josep Borrell, \u0130ran&#8217;\u0131n Washington ve Tahran aras\u0131ndaki 2015 n\u00fckleer anla\u015fmas\u0131n\u0131 yeniden &#8230;<\/p>\n","protected":false},"author":1,"featured_media":28988,"comment_status":"closed","ping_status":"open","sticky":false,"template":"","format":"standard","meta":{"footnotes":""},"categories":[24],"tags":[469,46,2161],"class_list":["post-28987","post","type-post","status-publish","format-standard","has-post-thumbnail","hentry","category-dunya","tag-anlasma","tag-iran","tag-nukleer"],"_links":{"self":[{"href":"https:\/\/haberulus.net\/index.php?rest_route=\/wp\/v2\/posts\/28987","targetHints":{"allow":["GET"]}}],"collection":[{"href":"https:\/\/haberulus.net\/index.php?rest_route=\/wp\/v2\/posts"}],"about":[{"href":"https:\/\/haberulus.net\/index.php?rest_route=\/wp\/v2\/types\/post"}],"author":[{"embeddable":true,"href":"https:\/\/haberulus.net\/index.php?rest_route=\/wp\/v2\/users\/1"}],"replies":[{"embeddable":true,"href":"https:\/\/haberulus.net\/index.php?rest_route=%2Fwp%2Fv2%2Fcomments&post=28987"}],"version-history":[{"count":1,"href":"https:\/\/haberulus.net\/index.php?rest_route=\/wp\/v2\/posts\/28987\/revisions"}],"predecessor-version":[{"id":28989,"href":"https:\/\/haberulus.net\/index.php?rest_route=\/wp\/v2\/posts\/28987\/revisions\/28989"}],"wp:featuredmedia":[{"embeddable":true,"href":"https:\/\/haberulus.net\/index.php?rest_route=\/wp\/v2\/media\/28988"}],"wp:attachment":[{"href":"https:\/\/haberulus.net\/index.php?rest_route=%2Fwp%2Fv2%2Fmedia&parent=28987"}],"wp:term":[{"taxonomy":"category","embeddable":true,"href":"https:\/\/haberulus.net\/index.php?rest_route=%2Fwp%2Fv2%2Fcategories&post=28987"},{"taxonomy":"post_tag","embeddable":true,"href":"https:\/\/haberulus.net\/index.php?rest_route=%2Fwp%2Fv2%2Ftags&post=28987"}],"curies":[{"name":"wp","href":"https:\/\/api.w.org\/{rel}","templated":true}]}}