{"id":29002,"date":"2022-08-22T12:06:04","date_gmt":"2022-08-22T12:06:04","guid":{"rendered":"https:\/\/haberulus.net\/?p=29002"},"modified":"2022-08-22T12:06:04","modified_gmt":"2022-08-22T12:06:04","slug":"irandan-turkiyeye-suriye-cagrisi-tum-bolgenin-cikarina","status":"publish","type":"post","link":"https:\/\/haberulus.net\/?p=29002","title":{"rendered":"\u0130ran\u2019dan T\u00fcrkiye\u2019ye Suriye \u00e7a\u011fr\u0131s\u0131: T\u00fcm b\u00f6lgenin \u00e7\u0131kar\u0131na"},"content":{"rendered":"<p><b>T\u00fcrkiye\u2019nin Suriye\u2019ye y\u00f6nelik operasyon haz\u0131rl\u0131klar\u0131 ve Cumhurba\u015fkan\u0131 Erdo\u011fan&#8217;\u0131n Ukrayna d\u00f6n\u00fc\u015f\u00fc u\u00e7akta yapt\u0131\u011f\u0131 Suriye ile ilgili a\u00e7\u0131klamalar g\u00fcndemdeki yerini korurken Esad y\u00f6netiminin m\u00fcttefiki \u0130ran\u2019dan da yeni ve dikkat \u00e7eken bir a\u00e7\u0131klama geldi.<\/b><\/p>\n<p>T\u00fcrkiye&#8217;nin Suriye politikas\u0131nda yeni bir d\u00f6neme girece\u011fi yorumlar\u0131, Cumhurba\u015fkan\u0131 Recep Tayyip Erdo\u011fan&#8217;\u0131n ge\u00e7en hafta Ukrayna d\u00f6n\u00fc\u015f\u00fc gazetecilere yapt\u0131\u011f\u0131 a\u00e7\u0131klamada \u201cBizim Esed\u2019i yenmek, yenmemek gibi bir derdimiz yok. Devletler aras\u0131nda siyasi diyalog veya diplomasi kesip at\u0131lamaz\u201d s\u00f6zleriyle yeni bir ivme kazand\u0131.<\/p>\n<p>Daha \u00f6nce D\u0131\u015fi\u015fleri Bakan\u0131 Mevl\u00fct \u00c7avu\u015fo\u011flu&#8217;nun, Suriyeli muhalif gruplarla Suriye Devlet Ba\u015fkan\u0131 Be\u015far Esad h\u00fck\u00fcmeti aras\u0131nda uzla\u015fma \u00e7a\u011fr\u0131s\u0131 yapmas\u0131 da b\u00f6lgede tart\u0131\u015fmalara yol a\u00e7m\u0131\u015ft\u0131. \u00c7avu\u015fo\u011flu\u2019nun \u201cMuhalif olan Suriyelilerle rejim aras\u0131nda bir bar\u0131\u015f\u0131n olmas\u0131 gerekti\u011fini ve\u00a0T\u00fcrkiye\u00a0olarak buna destek olabilece\u011fimizi s\u00f6yledik\u201d \u015feklindeki s\u00f6zleri, Suriye&#8217;nin kuzeyinde T\u00fcrkiye kar\u015f\u0131t\u0131 protestolara neden olmu\u015ftu.<\/p>\n<p>T\u00fcrkiye&#8217;nin Suriye&#8217;nin kuzeyindeki PKK\/YPG ter\u00f6r \u00f6rg\u00fct\u00fcne operasyon haz\u0131rl\u0131klar\u0131yla ayn\u0131 d\u00f6neme gelen bu tart\u0131\u015fma s\u00fcrerken, \u0130ran&#8217;dan T\u00fcrkiye-Suriye ili\u015fkilerine dair yeni bir a\u00e7\u0131klama geldi.<\/p>\n<p><strong>\u2018A\u00c7IKLAMALAR UMUT VER\u0130C\u0130\u2019<\/strong><\/p>\n<p>\u0130ran D\u0131\u015fi\u015fleri Bakanl\u0131\u011f\u0131 s\u00f6zc\u00fcs\u00fc Nas\u0131r Kenani, T\u00fcrkiye&#8217;ye Suriye&#8217;yle ili\u015fkileri d\u00fczeltme \u00e7a\u011fr\u0131s\u0131 yapt\u0131. Kenani, bug\u00fcn d\u00fczenledi\u011fi bas\u0131n toplant\u0131s\u0131nda Ankara-\u015eam hatt\u0131nda ili\u015fkilerin d\u00fczelmesinin t\u00fcm b\u00f6lgenin \u00e7\u0131kar\u0131na olaca\u011f\u0131n\u0131 s\u00f6yledi.<\/p>\n<p>\u0130ran&#8217;\u0131n her zaman T\u00fcrkiye&#8217;nin Suriye&#8217;deki geli\u015fmelerle ilgili bak\u0131\u015f a\u00e7\u0131s\u0131n\u0131 de\u011fi\u015ftirmesini umdu\u011funu kaydeden \u0130ranl\u0131 s\u00f6zc\u00fc, \u201cT\u00fcrk yetkililerden gelen a\u00e7\u0131klamalar umut verici. T\u00fcrkiye ve Suriye&#8217;nin ili\u015fkileri yeniden in\u015fa etti\u011fini g\u00f6rmek istiyoruz. Bu iki \u00fclkenin ve t\u00fcm b\u00f6lgenin \u00e7\u0131kar\u0131na\u201d dedi.<\/p>\n<p><strong>\u2018SUR\u0130YE\u2019YE BAKI\u015e DE\u011e\u0130\u015e\u0130YOR\u2019<\/strong><\/p>\n<p>B\u00f6lgede Suriye&#8217;ye kar\u015f\u0131 bak\u0131\u015f a\u00e7\u0131s\u0131n\u0131n de\u011fi\u015fmeye ba\u015flad\u0131\u011f\u0131n\u0131 ve baz\u0131 \u00fclkelerin bu konuda politika de\u011fi\u015fikli\u011fi sinyali verdi\u011fini kaydeden Kenani, \u201cSuriye&#8217;de yeni ko\u015fullar ortaya \u00e7\u0131k\u0131yor. Suriye h\u00fck\u00fcmeti ter\u00f6re kar\u015f\u0131 sava\u015fta b\u00fcy\u00fck bir ba\u015far\u0131 elde etti\u201d diye konu\u015ftu.<\/p>\n<p>Suriye&#8217;de Devlet Ba\u015fkan\u0131 Be\u015far Esad&#8217;a yak\u0131nl\u0131\u011f\u0131yla bilinen Suriye Halk Meclisi eski milletvekili \u015eerif e\u015f-\u015eehade, d\u00fcn yapt\u0131\u011f\u0131 a\u00e7\u0131klamada diyalog i\u00e7in ilk \u015fart\u0131n T\u00fcrk kuvvetlerinin Suriye\u2019den \u00e7\u0131kmas\u0131 oldu\u011funu belirtmi\u015fti.<\/p>\n","protected":false},"excerpt":{"rendered":"<p>T\u00fcrkiye\u2019nin Suriye\u2019ye y\u00f6nelik operasyon haz\u0131rl\u0131klar\u0131 ve Cumhurba\u015fkan\u0131 Erdo\u011fan&#8217;\u0131n Ukrayna d\u00f6n\u00fc\u015f\u00fc u\u00e7akta yapt\u0131\u011f\u0131 Suriye ile ilgili a\u00e7\u0131klamalar &#8230;<\/p>\n","protected":false},"author":1,"featured_media":29003,"comment_status":"closed","ping_status":"open","sticky":false,"template":"","format":"standard","meta":{"footnotes":""},"categories":[24],"tags":[46,44,15],"class_list":["post-29002","post","type-post","status-publish","format-standard","has-post-thumbnail","hentry","category-dunya","tag-iran","tag-suriye","tag-turkiye"],"_links":{"self":[{"href":"https:\/\/haberulus.net\/index.php?rest_route=\/wp\/v2\/posts\/29002","targetHints":{"allow":["GET"]}}],"collection":[{"href":"https:\/\/haberulus.net\/index.php?rest_route=\/wp\/v2\/posts"}],"about":[{"href":"https:\/\/haberulus.net\/index.php?rest_route=\/wp\/v2\/types\/post"}],"author":[{"embeddable":true,"href":"https:\/\/haberulus.net\/index.php?rest_route=\/wp\/v2\/users\/1"}],"replies":[{"embeddable":true,"href":"https:\/\/haberulus.net\/index.php?rest_route=%2Fwp%2Fv2%2Fcomments&post=29002"}],"version-history":[{"count":1,"href":"https:\/\/haberulus.net\/index.php?rest_route=\/wp\/v2\/posts\/29002\/revisions"}],"predecessor-version":[{"id":29004,"href":"https:\/\/haberulus.net\/index.php?rest_route=\/wp\/v2\/posts\/29002\/revisions\/29004"}],"wp:featuredmedia":[{"embeddable":true,"href":"https:\/\/haberulus.net\/index.php?rest_route=\/wp\/v2\/media\/29003"}],"wp:attachment":[{"href":"https:\/\/haberulus.net\/index.php?rest_route=%2Fwp%2Fv2%2Fmedia&parent=29002"}],"wp:term":[{"taxonomy":"category","embeddable":true,"href":"https:\/\/haberulus.net\/index.php?rest_route=%2Fwp%2Fv2%2Fcategories&post=29002"},{"taxonomy":"post_tag","embeddable":true,"href":"https:\/\/haberulus.net\/index.php?rest_route=%2Fwp%2Fv2%2Ftags&post=29002"}],"curies":[{"name":"wp","href":"https:\/\/api.w.org\/{rel}","templated":true}]}}