{"id":29026,"date":"2022-08-22T12:36:05","date_gmt":"2022-08-22T12:36:05","guid":{"rendered":"https:\/\/haberulus.net\/?p=29026"},"modified":"2022-08-22T12:36:05","modified_gmt":"2022-08-22T12:36:05","slug":"fransada-kurakliktan-104-milyon-ev-zarar-gordu","status":"publish","type":"post","link":"https:\/\/haberulus.net\/?p=29026","title":{"rendered":"Fransa\u2019da kurakl\u0131ktan 10,4 milyon ev zarar g\u00f6rd\u00fc"},"content":{"rendered":"<p><b>Fransa&#8217;da kurakl\u0131k ve s\u0131cak hava dalgas\u0131 sonucu 10,4 milyon evde \u00e7atlaklar olu\u015ftu.<\/b><\/p>\n<div>\n<div>\n<p>Fransa\u2019da ya\u015fanan kurakl\u0131k nedeniyle 10,4 milyon evde duvar \u00e7atlaklar\u0131 ba\u015fta olmak \u00fczere bir\u00e7ok hasar\u0131n meydana geldi\u011fi belirtildi.<\/p>\n<p>Frans\u0131z bas\u0131n\u0131n\u0131n Ekolojik Ge\u00e7i\u015f ve B\u00f6lgesel Uyum Bakanl\u0131\u011f\u0131 verilerine dayand\u0131rd\u0131\u011f\u0131 haberlere g\u00f6re, kurakl\u0131k \u00fclkedeki evlerde ve ya\u015fam alanlar\u0131nda hasarlara yol a\u00e7t\u0131. Kurakl\u0131k ve s\u0131cak hava dalgas\u0131n\u0131n evleri daha k\u0131r\u0131lgan hale getirmesi nedeniyle 10,4 milyon evde \u00e7atlaklar olu\u015ftu.<\/p>\n<p>Frans\u0131zlar\u0131n \u00e7o\u011funun olu\u015fan bu \u00e7atlaklar nedeniyle evlerinde endi\u015fe i\u00e7inde ya\u015fad\u0131\u011f\u0131, imkan\u0131 olanlar\u0131n bah\u00e7eye ta\u015f\u0131nd\u0131\u011f\u0131, sigorta \u015firketlerinin bu durumu do\u011fal afet kapsam\u0131na almamas\u0131 nedeniyle ailelerin zor durumda kald\u0131\u011f\u0131 ifade ediliyor.<\/p>\n<p>Ma\u011fdurlar, yetkililerin yeterince ilgi g\u00f6stermemesi nedeniyle dernekler vas\u0131tas\u0131yla seslerini duyurmaya \u00e7al\u0131\u015f\u0131yor. \u00d6te yandan, bir evin do\u011fal afet sigortas\u0131 kapsam\u0131na al\u0131nmas\u0131 ve prosed\u00fcrlerin tamamlanmas\u0131 i\u00e7in ise en az 10 ay gerekiyor. Bu s\u00fcre\u00e7 kapsam\u0131nda hasarl\u0131 evlerin tamirine ili\u015fkin sorumluluk sadece ev sahiplerini ba\u011fl\u0131yor.<\/p>\n<p>Fransa\u2019da 26 Temmuz 2022\u2019de yay\u0131mlanan kararnameyle yaln\u0131z 20 belediye kurakl\u0131ktan etkilenen b\u00f6lgeler aras\u0131na al\u0131nm\u0131\u015ft\u0131. Di\u011fer b\u00f6lgelerdeki hasarl\u0131 evlerin sahiplerinin durumunun ne olaca\u011f\u0131 ise hen\u00fcz netlik kazanm\u0131\u015f de\u011fil.<\/p>\n<p>\u00dclkedeki evlerde olu\u015fan \u00e7atlaklar\u0131n ana nedeni, kurakl\u0131k ve buna ba\u011fl\u0131 olarak nemini kaybeden kil tabakas\u0131n\u0131n bozulmas\u0131 olarak g\u00f6steriliyor. (AA)<\/p>\n<\/div>\n<\/div>\n","protected":false},"excerpt":{"rendered":"<p>Fransa&#8217;da kurakl\u0131k ve s\u0131cak hava dalgas\u0131 sonucu 10,4 milyon evde \u00e7atlaklar olu\u015ftu. Fransa\u2019da ya\u015fanan kurakl\u0131k nedeniyle 10,4 milyon evde duvar &#8230;<\/p>\n","protected":false},"author":1,"featured_media":29027,"comment_status":"closed","ping_status":"open","sticky":false,"template":"","format":"standard","meta":{"footnotes":""},"categories":[24],"tags":[6298,5140,520],"class_list":["post-29026","post","type-post","status-publish","format-standard","has-post-thumbnail","hentry","category-dunya","tag-catlaklar","tag-kuraklik","tag-nedeniyle"],"_links":{"self":[{"href":"https:\/\/haberulus.net\/index.php?rest_route=\/wp\/v2\/posts\/29026","targetHints":{"allow":["GET"]}}],"collection":[{"href":"https:\/\/haberulus.net\/index.php?rest_route=\/wp\/v2\/posts"}],"about":[{"href":"https:\/\/haberulus.net\/index.php?rest_route=\/wp\/v2\/types\/post"}],"author":[{"embeddable":true,"href":"https:\/\/haberulus.net\/index.php?rest_route=\/wp\/v2\/users\/1"}],"replies":[{"embeddable":true,"href":"https:\/\/haberulus.net\/index.php?rest_route=%2Fwp%2Fv2%2Fcomments&post=29026"}],"version-history":[{"count":1,"href":"https:\/\/haberulus.net\/index.php?rest_route=\/wp\/v2\/posts\/29026\/revisions"}],"predecessor-version":[{"id":29028,"href":"https:\/\/haberulus.net\/index.php?rest_route=\/wp\/v2\/posts\/29026\/revisions\/29028"}],"wp:featuredmedia":[{"embeddable":true,"href":"https:\/\/haberulus.net\/index.php?rest_route=\/wp\/v2\/media\/29027"}],"wp:attachment":[{"href":"https:\/\/haberulus.net\/index.php?rest_route=%2Fwp%2Fv2%2Fmedia&parent=29026"}],"wp:term":[{"taxonomy":"category","embeddable":true,"href":"https:\/\/haberulus.net\/index.php?rest_route=%2Fwp%2Fv2%2Fcategories&post=29026"},{"taxonomy":"post_tag","embeddable":true,"href":"https:\/\/haberulus.net\/index.php?rest_route=%2Fwp%2Fv2%2Ftags&post=29026"}],"curies":[{"name":"wp","href":"https:\/\/api.w.org\/{rel}","templated":true}]}}