{"id":29550,"date":"2022-08-23T10:36:03","date_gmt":"2022-08-23T10:36:03","guid":{"rendered":"https:\/\/haberulus.net\/?p=29550"},"modified":"2022-08-23T10:36:03","modified_gmt":"2022-08-23T10:36:03","slug":"bekir-bozdag-gecemedigi-sinavin-puanini-dusurdu","status":"publish","type":"post","link":"https:\/\/haberulus.net\/?p=29550","title":{"rendered":"Bekir Bozda\u011f ge\u00e7emedi\u011fi s\u0131nav\u0131n puan\u0131n\u0131 d\u00fc\u015f\u00fcrd\u00fc"},"content":{"rendered":"<p><b>2019&#8217;daki baraj puan\u0131n 91 oldu\u011fu arabuluculuk s\u0131nav\u0131ndan 72 puan alan Adalet Bakan\u0131 Bekir Bozda\u011f, bu y\u0131lki s\u0131navla ilgili &#8220;Kota uygulamas\u0131 yapmayaca\u011f\u0131z. 70 ve \u00fczerinde puan alan herkes arabulucu olacak&#8221; dedi.<\/b><\/p>\n<p>Bart\u0131n Adalet Saray\u0131\u2019n\u0131n a\u00e7\u0131l\u0131\u015f\u0131nda konu\u015fan Adalet Bakan\u0131 Bekir Bozda\u011f, arabuluculuk s\u0131nav\u0131na ili\u015fkin a\u00e7\u0131klamada bulundu. Bozda\u011f, \u201cArabuluculuk s\u0131nav\u0131 ilan\u0131 bug\u00fcn ya da yar\u0131n Adalet Bakanl\u0131\u011f\u0131 sitesinden yay\u0131nlanacak. Kota uygulamas\u0131 yapmayaca\u011f\u0131z bu s\u0131navda, 70 ve \u00fczerinde ba\u015far\u0131 elde eden s\u0131nava giren herkes arabulucu olma hakk\u0131n\u0131 elde etme etmi\u015f olacak\u201d dedi.<\/p>\n<p><strong>6 B\u0130N 271 ADAY 91 PUAN ALDI<\/strong><\/p>\n<p>19 Temmuz 2017 tarihinde yap\u0131lan kabine de\u011fi\u015fikli\u011fi sonras\u0131 Adalet Bakanl\u0131\u011f\u0131 koltu\u011funu Abdulhamit G\u00fcl\u2019e devreden Bekir Bozda\u011f, 2019 y\u0131l\u0131nda yap\u0131lan arabuluculuk s\u0131nav\u0131ndan 72 puan alarak \u201cba\u015far\u0131s\u0131z\u201d olmu\u015ftu. 24 Kas\u0131m\u2019da 27 bin 537 ki\u015finin kat\u0131ld\u0131\u011f\u0131 s\u0131navda 91 ve \u00fcst\u00fcnde puan alan 6 bin 271 aday ba\u015far\u0131l\u0131 olmu\u015ftu.<\/p>\n<p><strong>D\u00d6RT SORU \u0130PTAL ED\u0130LM\u0130\u015eT\u0130<\/strong><\/p>\n<p>S\u0131nav\u0131n ard\u0131ndan d\u00f6rt soru tart\u0131\u015fma konusu oldu. Bu tart\u0131\u015fmalardan sonra Ankara Barosu d\u00f6rt soru i\u00e7in iptal davas\u0131 a\u00e7t\u0131. Ankara 9. \u0130dare Mahkemesi, 3 sorunun iptaline karar verdi. B\u00f6ylece arabulucu olmak i\u00e7in gerekli taban puan 91\u2019den 88\u2019e d\u00fc\u015ft\u00fc. 88 ve \u00fcst\u00fc puan alan 5-6 bin ki\u015fi daha arabulucu olmay\u0131 hak etmi\u015f say\u0131ld\u0131.<\/p>\n","protected":false},"excerpt":{"rendered":"<p>2019&#8217;daki baraj puan\u0131n 91 oldu\u011fu arabuluculuk s\u0131nav\u0131ndan 72 puan alan Adalet Bakan\u0131 Bekir Bozda\u011f, bu y\u0131lki s\u0131navla ilgili &#8220;Kota uygulamas\u0131 &#8230;<\/p>\n","protected":false},"author":1,"featured_media":29551,"comment_status":"closed","ping_status":"open","sticky":false,"template":"","format":"standard","meta":{"footnotes":""},"categories":[26],"tags":[1653,6369,733],"class_list":["post-29550","post","type-post","status-publish","format-standard","has-post-thumbnail","hentry","category-gundem","tag-adalet","tag-arabulucu","tag-sinavi"],"_links":{"self":[{"href":"https:\/\/haberulus.net\/index.php?rest_route=\/wp\/v2\/posts\/29550","targetHints":{"allow":["GET"]}}],"collection":[{"href":"https:\/\/haberulus.net\/index.php?rest_route=\/wp\/v2\/posts"}],"about":[{"href":"https:\/\/haberulus.net\/index.php?rest_route=\/wp\/v2\/types\/post"}],"author":[{"embeddable":true,"href":"https:\/\/haberulus.net\/index.php?rest_route=\/wp\/v2\/users\/1"}],"replies":[{"embeddable":true,"href":"https:\/\/haberulus.net\/index.php?rest_route=%2Fwp%2Fv2%2Fcomments&post=29550"}],"version-history":[{"count":1,"href":"https:\/\/haberulus.net\/index.php?rest_route=\/wp\/v2\/posts\/29550\/revisions"}],"predecessor-version":[{"id":29552,"href":"https:\/\/haberulus.net\/index.php?rest_route=\/wp\/v2\/posts\/29550\/revisions\/29552"}],"wp:featuredmedia":[{"embeddable":true,"href":"https:\/\/haberulus.net\/index.php?rest_route=\/wp\/v2\/media\/29551"}],"wp:attachment":[{"href":"https:\/\/haberulus.net\/index.php?rest_route=%2Fwp%2Fv2%2Fmedia&parent=29550"}],"wp:term":[{"taxonomy":"category","embeddable":true,"href":"https:\/\/haberulus.net\/index.php?rest_route=%2Fwp%2Fv2%2Fcategories&post=29550"},{"taxonomy":"post_tag","embeddable":true,"href":"https:\/\/haberulus.net\/index.php?rest_route=%2Fwp%2Fv2%2Ftags&post=29550"}],"curies":[{"name":"wp","href":"https:\/\/api.w.org\/{rel}","templated":true}]}}