{"id":29697,"date":"2022-08-23T12:51:06","date_gmt":"2022-08-23T12:51:06","guid":{"rendered":"https:\/\/haberulus.net\/?p=29697"},"modified":"2022-08-23T12:51:06","modified_gmt":"2022-08-23T12:51:06","slug":"pfizer-biontech-omicron-varyantina-karsi-asilar-dagitima-hazir","status":"publish","type":"post","link":"https:\/\/haberulus.net\/?p=29697","title":{"rendered":"Pfizer\/BioNTech: Omicron varyant\u0131na kar\u015f\u0131 a\u015f\u0131lar da\u011f\u0131t\u0131ma haz\u0131r"},"content":{"rendered":"<p><b>Corona vir\u00fcs\u00fc salg\u0131n\u0131na kar\u015f\u0131 Pfizer ile birlikte Covid-19 a\u015f\u0131s\u0131 geli\u015ftiren BioNTech, Omicron BA.4 ve BA.5 a\u015f\u0131lar\u0131n\u0131n da\u011f\u0131t\u0131m\u0131na haz\u0131r olduklar\u0131n\u0131 duyurdu.<\/b><\/p>\n<p>Bilim insanlar\u0131 \u00d6zlem T\u00fcreci ve U\u011fur \u015eahin\u2019in Almanya\u2019da kurdu\u011fu BioNTech ile Pfizer\u2019\u0131n geli\u015ftirdi\u011fi Covid-19 a\u015f\u0131s\u0131 ile ilgili dikkat \u00e7ekici bir a\u00e7\u0131klama geldi.<\/p>\n<p>Pfizer ve BioNTech\u2019in \u00f6nceki g\u00fcn Omicron BA.4 ve Omicron BA.5\u2019e kar\u015f\u0131 geli\u015ftirilen corona vir\u00fcs\u00fc a\u015f\u0131lar\u0131 i\u00e7in ABD G\u0131da ve \u0130la\u00e7 Dairesi\u2019ne (FDA) ba\u015fvurdu\u011fu da a\u00e7\u0131kland\u0131. U\u011fur \u015eahin bu konuyla ilgili de yorumlarda bulundu.<\/p>\n<p>Yap\u0131lan yaz\u0131l\u0131 a\u00e7\u0131klamada, \u201cFDA\u2019n\u0131n bize incelemeler i\u00e7in onay vermesinden sonra ABD\u2019ye ilk dozlar\u0131 g\u00f6ndermek i\u00e7in haz\u0131r\u0131z. Fakat \u015fu an Omicron BA.4 ve BA.5 i\u00e7in yetkili kurumun onay vermesini bekliyoruz\u201d ifadesini kulland\u0131.<\/p>\n<p>ABD medyas\u0131, onay \u00e7\u0131kmas\u0131 durumunda ABD Ba\u015fkan\u0131 Joe Biden y\u00f6netiminin Eyl\u00fcl ay\u0131n\u0131n ba\u015f\u0131nda yeni nesil a\u015f\u0131lar\u0131n da\u011f\u0131t\u0131m\u0131na ba\u015flamay\u0131 planlad\u0131\u011f\u0131n\u0131 \u00f6ne s\u00fcrd\u00fc.<\/p>\n<p><strong>\u00c7OCUKLARDA Y\u00dcKSEK KORUMA\u00a0<\/strong><\/p>\n<p>\u00d6te yandan \u015firketler, \u00fc\u00e7 doz Covid-19 a\u015f\u0131s\u0131n\u0131n 6 ayl\u0131k ve 4 ya\u015f\u0131ndaki \u00e7ocuklarda y\u00fcksek oranda koruma sa\u011flad\u0131\u011f\u0131n\u0131 duyurdu.<\/p>\n<p>3 doz a\u015f\u0131n\u0131n \u00e7ocuklarda y\u00fczde 73.2 oran\u0131nda koruma sa\u011flad\u0131\u011f\u0131 belirtilirken vakalar\u0131n b\u00fcy\u00fck \u00e7o\u011funlu\u011funun Omicron BA.2 oldu\u011fu belirtildi. ABD G\u0131da ve \u0130la\u00e7 Dairesi, 17 Haziran\u2019da \u00e7ocuklara a\u015f\u0131ya onay vermi\u015f fakat Avrupal\u0131 yetkililer hen\u00fcz incelemeleri tamamlamam\u0131\u015ft\u0131.<\/p>\n<p>Konuyla ilgili olarak BioNTech\u2019in CEO\u2019su U\u011fur \u015eahin bir a\u00e7\u0131klama yapt\u0131. \u015eahin, Bu sonu\u00e7lar bize 3 doz Covid-19 a\u015f\u0131s\u0131n\u0131n koruma sa\u011flad\u0131\u011f\u0131n\u0131 g\u00f6steriyor. \u00dcstelik Omicron BA.2 varyant\u0131n\u0131n y\u00fcksek bir bula\u015ft\u0131r\u0131c\u0131l\u0131k yaratt\u0131\u011f\u0131 bir d\u00f6nemde. Biz ayr\u0131ca Omicron BA.4\/BA.5\u2019e uygun a\u015f\u0131lar da geli\u015ftirmek \u00fczere \u00e7al\u0131\u015fmalara ba\u015fl\u0131yoruz\u201d ifadesini kulland\u0131.<\/p>\n","protected":false},"excerpt":{"rendered":"<p>Corona vir\u00fcs\u00fc salg\u0131n\u0131na kar\u015f\u0131 Pfizer ile birlikte Covid-19 a\u015f\u0131s\u0131 geli\u015ftiren BioNTech, Omicron BA.4 ve BA.5 a\u015f\u0131lar\u0131n\u0131n da\u011f\u0131t\u0131m\u0131na haz\u0131r &#8230;<\/p>\n","protected":false},"author":1,"featured_media":29698,"comment_status":"closed","ping_status":"open","sticky":false,"template":"","format":"standard","meta":{"footnotes":""},"categories":[30],"tags":[11,1588],"class_list":["post-29697","post","type-post","status-publish","format-standard","has-post-thumbnail","hentry","category-saglik","tag-abd","tag-omicron"],"_links":{"self":[{"href":"https:\/\/haberulus.net\/index.php?rest_route=\/wp\/v2\/posts\/29697","targetHints":{"allow":["GET"]}}],"collection":[{"href":"https:\/\/haberulus.net\/index.php?rest_route=\/wp\/v2\/posts"}],"about":[{"href":"https:\/\/haberulus.net\/index.php?rest_route=\/wp\/v2\/types\/post"}],"author":[{"embeddable":true,"href":"https:\/\/haberulus.net\/index.php?rest_route=\/wp\/v2\/users\/1"}],"replies":[{"embeddable":true,"href":"https:\/\/haberulus.net\/index.php?rest_route=%2Fwp%2Fv2%2Fcomments&post=29697"}],"version-history":[{"count":1,"href":"https:\/\/haberulus.net\/index.php?rest_route=\/wp\/v2\/posts\/29697\/revisions"}],"predecessor-version":[{"id":29699,"href":"https:\/\/haberulus.net\/index.php?rest_route=\/wp\/v2\/posts\/29697\/revisions\/29699"}],"wp:featuredmedia":[{"embeddable":true,"href":"https:\/\/haberulus.net\/index.php?rest_route=\/wp\/v2\/media\/29698"}],"wp:attachment":[{"href":"https:\/\/haberulus.net\/index.php?rest_route=%2Fwp%2Fv2%2Fmedia&parent=29697"}],"wp:term":[{"taxonomy":"category","embeddable":true,"href":"https:\/\/haberulus.net\/index.php?rest_route=%2Fwp%2Fv2%2Fcategories&post=29697"},{"taxonomy":"post_tag","embeddable":true,"href":"https:\/\/haberulus.net\/index.php?rest_route=%2Fwp%2Fv2%2Ftags&post=29697"}],"curies":[{"name":"wp","href":"https:\/\/api.w.org\/{rel}","templated":true}]}}