{"id":30277,"date":"2022-08-24T12:51:04","date_gmt":"2022-08-24T12:51:04","guid":{"rendered":"https:\/\/haberulus.net\/?p=30277"},"modified":"2022-08-24T12:51:04","modified_gmt":"2022-08-24T12:51:04","slug":"internet-alisverislerinde-yeni-donem-14-gunluk-cayma-hakki-kalkiyor","status":"publish","type":"post","link":"https:\/\/haberulus.net\/?p=30277","title":{"rendered":"\u0130nternet al\u0131\u015fveri\u015flerinde yeni d\u00f6nem: 14 g\u00fcnl\u00fck cayma hakk\u0131 kalk\u0131yor"},"content":{"rendered":"<p><b>\u0130nternetten yap\u0131lan al\u0131\u015fveri\u015flerde 14 g\u00fcnl\u00fck cayma hakk\u0131, elektronik e\u015fyalar i\u00e7in kald\u0131r\u0131l\u0131yor. T\u00fcketici, telefon ve bilgisayar gibi \u00fcr\u00fcnlerin paketini a\u00e7masa bile \u00fcr\u00fcn\u00fc iade edemeyecek. Geri kalan t\u00fcm \u00fcr\u00fcnlerde ise, \u00fcr\u00fcn kusurlu de\u011filse iade kargo \u00fccreti t\u00fcketiciye ait olacak. \u0130\u015fte t\u00fcm detaylar&#8230;<\/b><\/p>\n<p>Ticaret Bakanl\u0131\u011f\u0131, internetten al\u0131\u015fveri\u015f yapanlar\u0131 ilgilendiren iki \u00f6nemli de\u011fi\u015fikli\u011fe gitti.<\/p>\n<p>D\u00fcn Resmi Gazete\u2019de yay\u0131mlanan \u2018Mesafeli S\u00f6zle\u015fmeler Y\u00f6netmeli\u011finde De\u011fi\u015fiklik Yap\u0131lmas\u0131na Dair Y\u00f6netmeli\u011fi\u2019ni sozcu.com.tr\u2019ye de\u011ferlendiren T\u00fcketici Konfederasyonu Ba\u015fkan\u0131 Ayd\u0131n A\u011fao\u011flu, elektronik \u00fcr\u00fcnlerde 14 g\u00fcnl\u00fck ko\u015fulsuz cayma hakk\u0131n\u0131n kald\u0131r\u0131ld\u0131\u011f\u0131n\u0131 s\u00f6yledi.<\/p>\n<p>Sozcu.com.tr\u2019ye konu\u015fan T\u00fcketici Haklar\u0131 Derne\u011fi Genel Ba\u015fkan\u0131 Turhan \u00c7akar ise, geri kalan t\u00fcm \u00fcr\u00fcnlerin iadesi i\u00e7in iade kargo \u00fccretinin art\u0131k t\u00fcketiciler taraf\u0131ndan kar\u015f\u0131lanaca\u011f\u0131n\u0131 belirtti.<\/p>\n<p>Ancak, teslim edilen \u00fcr\u00fcn kusurluysa, t\u00fcketiciden iade kargo \u00fccreti al\u0131namayacak.<\/p>\n<p>Yap\u0131lan bu de\u011fi\u015fiklikler, 1 Ekim\u2019den itibaren uygulanmaya ba\u015flanacak.<\/p>\n<p><b>ELEKTRON\u0130K \u00dcR\u00dcNDE PAKET A\u00c7ILMASA B\u0130LE \u0130ADE YOK<\/b><\/p>\n<p>Sozcu.com.tr\u2019ye konu\u015fan A\u011fao\u011flu, s\u00f6z konusu de\u011fi\u015fikliklerin tart\u0131\u015fmaya a\u00e7\u0131lmadan Resmi Gazete\u2019de yay\u0131mlanmas\u0131na tepki g\u00f6sterdi.<\/p>\n<p>\u201cD\u00fczenlemede tespit etti\u011fimiz iki olumsuz var\u201d diyen A\u011fao\u011flu, \u201c\u0130lki, elektronik \u00fcr\u00fcnlerde paketi a\u00e7masan\u0131z bile cayma hakk\u0131n\u0131n kald\u0131r\u0131lm\u0131\u015f olmas\u0131. Yani t\u00fcketici gelen paketin hafifli\u011finden \u015f\u00fcphelenip, \u2018acaba doland\u0131r\u0131l\u0131yor muyum\u2019 diye \u015f\u00fcphelense ve paketi a\u00e7madan iade etmek istese bile edemeyecek\u201d dedi.<\/p>\n<p>A\u011fao\u011flu, \u201cKargocu \u2018ben paketi sa\u011flam teslim ettim\u2019 derken, sat\u0131\u015f\u0131 yapan ma\u011faza da \u2018ben de kargoya sa\u011flam verdim\u2019 diyecek. T\u00fcketici kendi kendi mi aldatm\u0131\u015f olacak\u201d diye konu\u015ftu.<\/p>\n<p>Tespit ettikleri ikinci olumsuzlu\u011fun da \u00fcr\u00fcn\u00fcn iadesi durumunda art\u0131k iade kargo \u00fccretini vatanda\u015f\u0131n kendisinin kar\u015f\u0131lamas\u0131 oldu\u011funu s\u00f6yleyen A\u011fao\u011flu, \u015f\u00f6yle devam etti:<\/p>\n<p>\u201cMevcut d\u00fczenlemede sat\u0131c\u0131lar t\u00fcketiciden b\u00f6yle bir \u00fccret talep edemezdi. Yap\u0131lan de\u011fi\u015fiklik ile sat\u0131c\u0131 \u2018iade halinde kargo bedeli t\u00fcketiciye aittir\u2019 \u015feklinde \u015ferh d\u00fc\u015febilecek. T\u00fcm sat\u0131c\u0131lar bundan faydalan\u0131r ve bu \u00fccreti talep eder.<\/p>\n<p>Biz isterdik ki bu d\u00fczenleme tart\u0131\u015fmaya a\u00e7\u0131ls\u0131n, biz de hem sat\u0131c\u0131 hem t\u00fcketici taraf\u0131ndaki ma\u011fduriyetleri ifade edelim.\u201d<\/p>\n<p><b>\u00dcR\u00dcN AYIPLIYSA, \u0130ADE KARGO \u00dcCRET\u0130 \u00d6DENMEYECEK<\/b><\/p>\n<p>S\u00f6z konusu y\u00f6netmelikte, iade kargo \u00fccretini vatanda\u015f\u0131n \u00f6deyecek olmas\u0131 ile ilgili ifade \u015fu \u015fekilde:<\/p>\n<p>\u201cT\u00fcketici, \u00f6n bilgilendirmede kararla\u015ft\u0131r\u0131lmas\u0131 ve sat\u0131c\u0131n\u0131n \u00f6ng\u00f6rd\u00fc\u011f\u00fc ta\u015f\u0131y\u0131c\u0131 ile iadesinde tutar\u0131na yer verilmesi halinde teslim masraflar\u0131n\u0131 ge\u00e7memek \u00fczere iade masraf\u0131n\u0131 kar\u015f\u0131lamakla y\u00fck\u00fcml\u00fcd\u00fcr. Ancak, t\u00fcketiciye teslim edilen mal\u0131n Kanunun 8 inci maddesi kapsam\u0131nda ay\u0131pl\u0131 olmas\u0131 durumunda t\u00fcketici iadeye ili\u015fkin masraflardan sorumlu tutulamaz.\u201d<\/p>\n<p><b>\u2018T\u00dcKET\u0130C\u0130 ALEYH\u0130NE, \u0130PTAL ED\u0130LMEL\u0130\u2019<\/b><\/p>\n<p>T\u00fcketici Haklar\u0131 Derne\u011fi Genel Ba\u015fkan\u0131 Turhan \u00c7akar, internet gibi mesafeli al\u0131\u015fveri\u015flerde \u00fcr\u00fcn ay\u0131pl\u0131 de\u011filse iade kargo \u00fccretini vatanda\u015f\u0131n \u00f6deyecek olmas\u0131na tepki g\u00f6sterdi ve \u201cBu, t\u00fcketici aleyhinedir. Bu h\u00fckm\u00fcn iptal edilmesi gerekir\u201d diye konu\u015ftu.<\/p>\n","protected":false},"excerpt":{"rendered":"<p>\u0130nternetten yap\u0131lan al\u0131\u015fveri\u015flerde 14 g\u00fcnl\u00fck cayma hakk\u0131, elektronik e\u015fyalar i\u00e7in kald\u0131r\u0131l\u0131yor. T\u00fcketici, telefon ve bilgisayar gibi \u00fcr\u00fcnlerin &#8230;<\/p>\n","protected":false},"author":1,"featured_media":30278,"comment_status":"closed","ping_status":"open","sticky":false,"template":"","format":"standard","meta":{"footnotes":""},"categories":[25],"tags":[673,4563,6473,2790,55],"class_list":["post-30277","post","type-post","status-publish","format-standard","has-post-thumbnail","hentry","category-ekonomi","tag-iade","tag-paket","tag-satici","tag-tuketici","tag-urun"],"_links":{"self":[{"href":"https:\/\/haberulus.net\/index.php?rest_route=\/wp\/v2\/posts\/30277","targetHints":{"allow":["GET"]}}],"collection":[{"href":"https:\/\/haberulus.net\/index.php?rest_route=\/wp\/v2\/posts"}],"about":[{"href":"https:\/\/haberulus.net\/index.php?rest_route=\/wp\/v2\/types\/post"}],"author":[{"embeddable":true,"href":"https:\/\/haberulus.net\/index.php?rest_route=\/wp\/v2\/users\/1"}],"replies":[{"embeddable":true,"href":"https:\/\/haberulus.net\/index.php?rest_route=%2Fwp%2Fv2%2Fcomments&post=30277"}],"version-history":[{"count":1,"href":"https:\/\/haberulus.net\/index.php?rest_route=\/wp\/v2\/posts\/30277\/revisions"}],"predecessor-version":[{"id":30279,"href":"https:\/\/haberulus.net\/index.php?rest_route=\/wp\/v2\/posts\/30277\/revisions\/30279"}],"wp:featuredmedia":[{"embeddable":true,"href":"https:\/\/haberulus.net\/index.php?rest_route=\/wp\/v2\/media\/30278"}],"wp:attachment":[{"href":"https:\/\/haberulus.net\/index.php?rest_route=%2Fwp%2Fv2%2Fmedia&parent=30277"}],"wp:term":[{"taxonomy":"category","embeddable":true,"href":"https:\/\/haberulus.net\/index.php?rest_route=%2Fwp%2Fv2%2Fcategories&post=30277"},{"taxonomy":"post_tag","embeddable":true,"href":"https:\/\/haberulus.net\/index.php?rest_route=%2Fwp%2Fv2%2Ftags&post=30277"}],"curies":[{"name":"wp","href":"https:\/\/api.w.org\/{rel}","templated":true}]}}