{"id":30785,"date":"2022-08-25T09:21:06","date_gmt":"2022-08-25T09:21:06","guid":{"rendered":"https:\/\/haberulus.net\/?p=30785"},"modified":"2022-08-25T09:21:06","modified_gmt":"2022-08-25T09:21:06","slug":"pakistandan-yanlislikla-atilan-fuzeyle-ilgili-hindistana-ortak-sorusturma-cagrisi","status":"publish","type":"post","link":"https:\/\/haberulus.net\/?p=30785","title":{"rendered":"Pakistan\u2019dan yanl\u0131\u015fl\u0131kla at\u0131lan f\u00fczeyle ilgili Hindistan\u2019a ortak soru\u015fturma \u00e7a\u011fr\u0131s\u0131"},"content":{"rendered":"<p><b>Hindistan&#8217;\u0131n martta Pakistan&#8217;a yanl\u0131\u015fl\u0131kla f\u00fcze atmas\u0131 b\u00f6lgede tansiyonu y\u00fckseltmi\u015fti.<\/b><\/p>\n<div>\n<div>\n<p>Pakistan D\u0131\u015fi\u015fleri Bakanl\u0131\u011f\u0131, Hindistan h\u00fck\u00fcmetinin martta Pakistan\u2019a \u201cyanl\u0131\u015fl\u0131kla f\u00fcze ate\u015flenmesi\u201d nedeniyle 3 hava kuvvetleri yetkilisini g\u00f6revden almas\u0131n\u0131 reddederek ortak soru\u015fturma \u00e7a\u011fr\u0131s\u0131n\u0131 yineledi.<\/p>\n<p>Bakanl\u0131ktan yap\u0131lan a\u00e7\u0131klamada, Yeni Delhi&#8217;nin ald\u0131\u011f\u0131 \u00f6nlemlerin eksik ve yetersiz oldu\u011fu vurgulanarak, Hindistan&#8217;\u0131n emir komuta sistemi ve g\u00fcvenlik protokolleriyle ilgili \u0130slamabad&#8217;\u0131n sorular\u0131na cevap vermedi\u011fi belirtildi. A\u00e7\u0131klamada, Hindistan&#8217;\u0131n 3 hava kuvvetleri yetkilisinin g\u00f6revden al\u0131nmas\u0131yla s\u00f6z konusu hadisenin kapat\u0131ld\u0131\u011f\u0131 iddias\u0131 reddedilerek, konuyla ilgili ortak soru\u015fturma talebi yinelendi.<\/p>\n<p>Hindistan&#8217;\u0131n tedbirsizli\u011finin t\u00fcm b\u00f6lgedeki bar\u0131\u015f ve g\u00fcvenlik \u00e7evresini tehlikeye att\u0131\u011f\u0131na i\u015faret edilen a\u00e7\u0131klamada, Yeni Delhi&#8217;den Pakistan&#8217;\u0131n sorular\u0131na cevap vermesi istendi.<\/p>\n<p>D\u00fcn, Hindistan h\u00fck\u00fcmeti, martta Pakistan\u2019a \u201cyanl\u0131\u015fl\u0131kla f\u00fcze ate\u015flenmesi\u201d nedeniyle 3 hava kuvvetleri yetkilisini g\u00f6revden alm\u0131\u015ft\u0131.<\/p>\n<p><strong>NE OLMU\u015eTU?<\/strong><\/p>\n<p>Pakistan Ordusu S\u00f6zc\u00fcs\u00fc T\u00fcmgeneral Babar \u0130ftikhar, 10 Mart\u2019ta yapt\u0131\u011f\u0131 a\u00e7\u0131klamada, Hindistan\u2019a ait bir s\u00fcpersonik f\u00fczenin \u00fclke hava sahas\u0131n\u0131 ihlal edip Pencap eyaletine d\u00fc\u015ft\u00fc\u011f\u00fcn\u00fc, silahs\u0131z bir f\u00fcze oldu\u011funun tahmin edildi\u011fini duyurmu\u015ftu.<\/p>\n<p>\u0130slamabad y\u00f6netimi, konuyla ilgili Hindistan\u2019a protesto notas\u0131 vermi\u015fti.<\/p>\n<p>Hindistan Savunma Bakanl\u0131\u011f\u0131nca 11 Mart&#8217;ta yap\u0131lan a\u00e7\u0131klamada da 9 Mart\u2019ta rutin bak\u0131m s\u0131ras\u0131nda teknik ar\u0131za sebebiyle sava\u015f ba\u015fl\u0131\u011f\u0131 ta\u015f\u0131mayan f\u00fczenin yanl\u0131\u015fl\u0131kla f\u0131rlat\u0131ld\u0131\u011f\u0131 ve bunun Pakistan\u2019a d\u00fc\u015ft\u00fc\u011f\u00fc do\u011frulan\u0131rken, olay \u201cson derece \u00fcz\u00fcc\u00fc\u201d olarak nitelendirilmi\u015fti. (AA)<\/p>\n<\/div>\n<\/div>\n","protected":false},"excerpt":{"rendered":"<p>Hindistan&#8217;\u0131n martta Pakistan&#8217;a yanl\u0131\u015fl\u0131kla f\u00fcze atmas\u0131 b\u00f6lgede tansiyonu y\u00fckseltmi\u015fti. Pakistan D\u0131\u015fi\u015fleri Bakanl\u0131\u011f\u0131, Hindistan h\u00fck\u00fcmetinin &#8230;<\/p>\n","protected":false},"author":1,"featured_media":30786,"comment_status":"closed","ping_status":"open","sticky":false,"template":"","format":"standard","meta":{"footnotes":""},"categories":[24],"tags":[63,4851,1150,1266],"class_list":["post-30785","post","type-post","status-publish","format-standard","has-post-thumbnail","hentry","category-dunya","tag-aciklamada","tag-fuze","tag-hindistan","tag-pakistan"],"_links":{"self":[{"href":"https:\/\/haberulus.net\/index.php?rest_route=\/wp\/v2\/posts\/30785","targetHints":{"allow":["GET"]}}],"collection":[{"href":"https:\/\/haberulus.net\/index.php?rest_route=\/wp\/v2\/posts"}],"about":[{"href":"https:\/\/haberulus.net\/index.php?rest_route=\/wp\/v2\/types\/post"}],"author":[{"embeddable":true,"href":"https:\/\/haberulus.net\/index.php?rest_route=\/wp\/v2\/users\/1"}],"replies":[{"embeddable":true,"href":"https:\/\/haberulus.net\/index.php?rest_route=%2Fwp%2Fv2%2Fcomments&post=30785"}],"version-history":[{"count":1,"href":"https:\/\/haberulus.net\/index.php?rest_route=\/wp\/v2\/posts\/30785\/revisions"}],"predecessor-version":[{"id":30787,"href":"https:\/\/haberulus.net\/index.php?rest_route=\/wp\/v2\/posts\/30785\/revisions\/30787"}],"wp:featuredmedia":[{"embeddable":true,"href":"https:\/\/haberulus.net\/index.php?rest_route=\/wp\/v2\/media\/30786"}],"wp:attachment":[{"href":"https:\/\/haberulus.net\/index.php?rest_route=%2Fwp%2Fv2%2Fmedia&parent=30785"}],"wp:term":[{"taxonomy":"category","embeddable":true,"href":"https:\/\/haberulus.net\/index.php?rest_route=%2Fwp%2Fv2%2Fcategories&post=30785"},{"taxonomy":"post_tag","embeddable":true,"href":"https:\/\/haberulus.net\/index.php?rest_route=%2Fwp%2Fv2%2Ftags&post=30785"}],"curies":[{"name":"wp","href":"https:\/\/api.w.org\/{rel}","templated":true}]}}