{"id":31387,"date":"2022-08-26T09:06:09","date_gmt":"2022-08-26T09:06:09","guid":{"rendered":"https:\/\/haberulus.net\/?p=31387"},"modified":"2022-08-26T09:06:09","modified_gmt":"2022-08-26T09:06:09","slug":"trabzonsporun-kiralamak-istedigi-naci-unuvara-vatandaslik-engeli","status":"publish","type":"post","link":"https:\/\/haberulus.net\/?p=31387","title":{"rendered":"Trabzonspor\u2019un kiralamak istedi\u011fi Naci \u00dcn\u00fcvar\u2019a vatanda\u015fl\u0131k engeli"},"content":{"rendered":"<p><b>Trabzonspor&#8217;un kiral\u0131k olarak Ajax&#8217;tan kadrosuna katmak etmek istedi\u011fi Naci \u00dcn\u00fcvar, transferdeki tek engelin &#8216;T\u00fcrk vatanda\u015fl\u0131\u011f\u0131&#8217; oldu\u011funu s\u00f6yledi.<\/b><\/p>\n<p>Hollanda\u00a0 ekiplerinden Ajax formas\u0131 giyen 19 ya\u015f\u0131ndaki gen\u00e7 futbolcu Naci \u00dcn\u00fcvar\u2019\u0131n Trabzonspor\u2019a transferi konusunda \u00a0tek engelin \u2018T\u00fcrk vatanda\u015fl\u0131\u011f\u0131\u201d detay\u0131 oldu\u011fu ortaya \u00e7\u0131kt\u0131.<\/p>\n<p>Ajax CEO\u2019su Edwin van der Sar, \u0130stanbul\u2019daki \u015fampiyonlar ligi kura \u00e7ekimi sonras\u0131 yapt\u0131\u011f\u0131 a\u00e7\u0131klamada Naci \u00dcn\u00fcvar i\u00e7in ise \u201cNaci \u00dcn\u00fcvar, harika tekni\u011fe sahip bir oyuncu. Ajax akademisindeki \u00e7ok b\u00fcy\u00fck bir yetenek. Umuyorum ki T\u00fcrkiye\u2019de s\u00fcre almak onun i\u00e7in iyi olur\u201d diye konu\u015ftu.<\/p>\n<p>Edwin van der Sar\u2019\u0131n bu a\u00e7\u0131klamas\u0131, Naci \u00dcn\u00fcvar\u2019\u0131n Trabzonspor\u2019a kiral\u0131k transferinin tamamland\u0131\u011f\u0131 \u015feklinde yorumland\u0131. Ancak Hollanda Postas\u0131\u2019na konu\u015fan gen\u00e7 yetenek \u00a0Trabzonspor formas\u0131n\u0131 giymeyi \u00e7ok istedi\u011fini tek engelin \u2018T\u00fcrk vatanda\u015fl\u0131\u011f\u0131\u201d oldu\u011funu s\u00f6yledi.<\/p>\n<p><strong>NAC\u0130 \u00dcN\u00dcVAR: \u0130HMALKAR DAVRANDIK<\/strong><\/p>\n<p>Trabzonspor, Naci \u00dcn\u00fcvar\u2019\u0131 kiral\u0131k olarak kadrosuna katma konusunda ciddi mesafe kat etmesine ra\u011fmen, transferin ger\u00e7ekle\u015fmesi vatanda\u015fl\u0131k engeline tak\u0131ld\u0131. Gen\u00e7 futbolcu, yapt\u0131\u011f\u0131 \u00f6zel a\u00e7\u0131klamas\u0131nda teklifi do\u011frularken, transferin hen\u00fcz ger\u00e7ekle\u015fmemesinin tek nedeninin T\u00fcrk vatanda\u015fl\u0131\u011f\u0131 bulunmamas\u0131ndan kaynakland\u0131\u011f\u0131n\u0131 s\u00f6yledi. Aile, gen\u00e7 yetene\u011fin h\u0131zl\u0131 bir \u015fekilde T\u00fcrk vatanda\u015f\u0131 olmas\u0131 konusunda giri\u015fimlere ba\u015flad\u0131.<\/p>\n<p>Naci \u00dcn\u00fcvar, s\u00fcre\u00e7 konusunda yapt\u0131\u011f\u0131 a\u00e7\u0131klamas\u0131nda \u015fu ifadeleri kulland\u0131:<\/p>\n<p>\u201cEvet, Trabzpnspor\u2019dan transfer tekili ald\u0131\u011f\u0131m do\u011frudur. Ailem, bu konuda birka\u00e7 kez Trabzonspor ile g\u00f6r\u00fc\u015fmeler yapt\u0131. Transferim i\u00e7in asl\u0131nda her \u015fey tamam. Tek engel, benim \u015fu anda T\u00fcrk vatanda\u015f\u0131 olmamam. Asl\u0131nda ailemin Hollanda vatanda\u015fl\u0131\u011f\u0131 yan\u0131nda T\u00fcrk vatanda\u015fl\u0131klar\u0131 da var. Fakat ailem beni do\u011fumumdan sonra n\u00fcfusa kay\u0131t ettirmemi\u015f. Biz de bu konuda biraz ihmalkar davrand\u0131k. \u015eimdi de 19 ya\u015f\u0131nda oldu\u011fum i\u00e7in yeti\u015fkinler grubuna giriyor ve bir yabanc\u0131n\u0131n T\u00fcrk vatanda\u015f\u0131 olabilmesi i\u00e7in yapmas\u0131 gerektiklerini bende yapmam gerekiyor. Bu s\u00fcre\u00e7 de uzun zaman alacak gibi g\u00f6r\u00fcn\u00fcyor. Ailem, T\u00fcrk vatanda\u015fl\u0131\u011f\u0131n\u0131 h\u0131zl\u0131 bir \u015fekilde alabilmem i\u00e7in kollar\u0131 s\u0131vam\u0131\u015f durumda, ama pek kolay g\u00f6r\u00fcnm\u00fcyor. E\u011fer transfer d\u00f6nemi sona ermeden \u00f6nce T\u00fcrk vatanda\u015f\u0131 olabilirsem, o zaman Trabzonspor\u2019a transferim ger\u00e7ekle\u015febilir. Say\u0131n Abdullah Avc\u0131, beni tak\u0131mda T\u00fcrk stat\u00fcs\u00fcnde oynatmak istiyor, yabanc\u0131 stat\u00fcs\u00fcnde de\u011fil. \u015eimdi bekleyip g\u00f6rece\u011fiz. Umar\u0131m, T\u00fcrk vatanda\u015fl\u0131\u011f\u0131n\u0131 \u00e7ok k\u0131sa s\u00fcre i\u00e7erisinde alabilirim.\u201d<\/p>\n","protected":false},"excerpt":{"rendered":"<p>Trabzonspor&#8217;un kiral\u0131k olarak Ajax&#8217;tan kadrosuna katmak etmek istedi\u011fi Naci \u00dcn\u00fcvar, transferdeki tek engelin &#8216;T\u00fcrk vatanda\u015fl\u0131\u011f\u0131&#8217; oldu\u011funu s\u00f6yledi &#8230;<\/p>\n","protected":false},"author":1,"featured_media":31388,"comment_status":"closed","ping_status":"open","sticky":false,"template":"","format":"standard","meta":{"footnotes":""},"categories":[31],"tags":[6610,586,402,1286,87],"class_list":["post-31387","post","type-post","status-publish","format-standard","has-post-thumbnail","hentry","category-spor","tag-naci-unuvar","tag-tek","tag-trabzonspor","tag-transferi","tag-turk"],"_links":{"self":[{"href":"https:\/\/haberulus.net\/index.php?rest_route=\/wp\/v2\/posts\/31387","targetHints":{"allow":["GET"]}}],"collection":[{"href":"https:\/\/haberulus.net\/index.php?rest_route=\/wp\/v2\/posts"}],"about":[{"href":"https:\/\/haberulus.net\/index.php?rest_route=\/wp\/v2\/types\/post"}],"author":[{"embeddable":true,"href":"https:\/\/haberulus.net\/index.php?rest_route=\/wp\/v2\/users\/1"}],"replies":[{"embeddable":true,"href":"https:\/\/haberulus.net\/index.php?rest_route=%2Fwp%2Fv2%2Fcomments&post=31387"}],"version-history":[{"count":1,"href":"https:\/\/haberulus.net\/index.php?rest_route=\/wp\/v2\/posts\/31387\/revisions"}],"predecessor-version":[{"id":31389,"href":"https:\/\/haberulus.net\/index.php?rest_route=\/wp\/v2\/posts\/31387\/revisions\/31389"}],"wp:featuredmedia":[{"embeddable":true,"href":"https:\/\/haberulus.net\/index.php?rest_route=\/wp\/v2\/media\/31388"}],"wp:attachment":[{"href":"https:\/\/haberulus.net\/index.php?rest_route=%2Fwp%2Fv2%2Fmedia&parent=31387"}],"wp:term":[{"taxonomy":"category","embeddable":true,"href":"https:\/\/haberulus.net\/index.php?rest_route=%2Fwp%2Fv2%2Fcategories&post=31387"},{"taxonomy":"post_tag","embeddable":true,"href":"https:\/\/haberulus.net\/index.php?rest_route=%2Fwp%2Fv2%2Ftags&post=31387"}],"curies":[{"name":"wp","href":"https:\/\/api.w.org\/{rel}","templated":true}]}}