{"id":31904,"date":"2022-08-27T08:51:04","date_gmt":"2022-08-27T08:51:04","guid":{"rendered":"https:\/\/haberulus.net\/?p=31904"},"modified":"2022-08-27T08:51:04","modified_gmt":"2022-08-27T08:51:04","slug":"iste-gelecek-haftadan-itibaren-aciklanacak-ekonomik-veriler","status":"publish","type":"post","link":"https:\/\/haberulus.net\/?p=31904","title":{"rendered":"\u0130\u015fte gelecek haftadan itibaren a\u00e7\u0131klanacak ekonomik veriler"},"content":{"rendered":"<p><b>T\u00fcrkiye&#8217;yi gelecek haftadan itibaren yo\u011fun bir ekonomi g\u00fcndemi bekliyor.<\/b><\/p>\n<p>T\u00fcrkiye\u2019yi gelecek haftadan itibaren yo\u011fun bir ekonomik veri g\u00fcndemi beklerken g\u00f6zler bir yandan b\u00fcy\u00fcme, ihracat ve enflasyon gibi rakamlarda bir yandan da eyl\u00fclde a\u00e7\u0131klanmas\u0131 beklenen Orta Vadeli Program\u2019da (OVP) olacak.<\/p>\n<p>Gelecek hafta sal\u0131 g\u00fcn\u00fc 30 A\u011fustos Zafer Bayram\u0131 dolay\u0131s\u0131yla verilecek araya ra\u011fmen ekonomi g\u00fcndemi daha da hareketlenecek.<\/p>\n<p>Pazartesi g\u00fcn\u00fc, a\u011fustos ay\u0131na ili\u015fkin ekonomik g\u00fcven endeksi belli olacak. Endeks, temmuz ay\u0131nda y\u00fczde 0,2 azalarak 93,4 de\u011ferini alm\u0131\u015ft\u0131.<\/p>\n<p><b>31 A\u011eUSTOS\u2019TA B\u00dcY\u00dcME A\u00c7IKLANACAK<\/b><\/p>\n<p>Piyasalar\u0131n g\u00f6z\u00fc, 31 A\u011fustos \u00c7ar\u015famba g\u00fcn\u00fc a\u00e7\u0131klanacak y\u0131l\u0131n ikinci \u00e7eyre\u011fine ili\u015fkin b\u00fcy\u00fcme verisinde olacak. Bu y\u0131l\u0131n nisan-haziran d\u00f6nemine ili\u015fkin gayrisafi yurt i\u00e7i has\u0131la (GSYH) verileri T\u00dc\u0130K taraf\u0131ndan saat 10.00\u2019da duyurulacak. T\u00fcrkiye ekonomisi, ge\u00e7en y\u0131l y\u00fczde 11, bu y\u0131l\u0131n ilk \u00e7eyre\u011finde y\u00fczde 7,3 b\u00fcy\u00fcm\u00fc\u015ft\u00fc.<\/p>\n<p>Hazine ve Maliye Bakan\u0131 Nureddin Nebati, ilk \u00e7eyrekte elde edilen y\u00fczde 7,3\u2019l\u00fck b\u00fcy\u00fcme rakam\u0131n\u0131 an\u0131msatarak, \u201c\u0130kinci \u00e7eyrekte bunun da \u00fczerinde bir b\u00fcy\u00fcme bekliyoruz.\u201d de\u011ferlendirmesinde bulunmu\u015ftu.<\/p>\n<p><b>2 EYL\u00dcL\u2019DE \u0130HRACAT A\u00c7IKLANACAK<\/b><\/p>\n<p>Ticaret Bakanl\u0131\u011f\u0131 ve T\u00fcrkiye \u0130hracat\u00e7\u0131lar Meclisi taraf\u0131ndan da a\u011fustos ay\u0131na ili\u015fkin ge\u00e7ici d\u0131\u015f ticaret verilerinin 2 Eyl\u00fcl Cuma g\u00fcn\u00fc a\u00e7\u0131klanmas\u0131 bekleniyor. D\u0131\u015f ticaret verileri, Ticaret Bakan\u0131 Mehmet Mu\u015f ile T\u00fcrkiye \u0130hracat\u00e7\u0131lar Meclisi Ba\u015fkan\u0131 Mustafa G\u00fcltepe taraf\u0131ndan Gaziantep\u2019te duyurulacak.<\/p>\n<p>\u0130hracat, temmuzda ge\u00e7en y\u0131l\u0131n ayn\u0131 ay\u0131na g\u00f6re y\u00fczde 13,4 art\u0131\u015fla 18,6 milyar dolar olurken, en y\u00fcksek temmuz ay\u0131 ihracat rakam\u0131na ula\u015f\u0131lm\u0131\u015ft\u0131. \u0130hracat bu y\u0131l\u0131n 7 ay\u0131nda da rekor k\u0131rm\u0131\u015ft\u0131.<\/p>\n<p><b>5 EYL\u00dcL\u2019DE ENFLASYON A\u00c7IKLANACAK<\/b><\/p>\n<p>T\u00dc\u0130K, 3 Eyl\u00fcl\u2019\u00fcn hafta sonuna denk gelmesi nedeniyle a\u011fustos ay\u0131 enflasyon verilerini 5 Eyl\u00fcl Pazartesi g\u00fcn\u00fc duyuracak. Temmuzda t\u00fcketici fiyat endeksi y\u0131ll\u0131k y\u00fczde 79,60, ayl\u0131k y\u00fczde 2,37, yurt i\u00e7i \u00fcretici fiyat endeksi ise y\u0131ll\u0131k y\u00fczde 144,61, ayl\u0131k y\u00fczde 5,17 artm\u0131\u015ft\u0131.<\/p>\n<p>Temmuz ay\u0131na ili\u015fkin i\u015fsizlik rakamlar\u0131 ise 12 Eyl\u00fcl Pazartesi g\u00fcn\u00fc belli olacak. \u0130\u015fsizlik oran\u0131 haziranda 0,3 puanl\u0131k azal\u0131\u015f ile y\u00fczde 10,3 seviyesinde ger\u00e7ekle\u015fmi\u015fti.<\/p>\n<p>Merkez Bankas\u0131n\u0131n temmuz ay\u0131na ili\u015fkin \u00f6demeler dengesi istatistikleri de ayn\u0131 g\u00fcn a\u00e7\u0131klanacak. Cari i\u015flemler hesab\u0131, haziranda 3 milyar 458 milyon dolar a\u00e7\u0131k vermi\u015fti.<\/p>\n<p><b>13 EYL\u00dcL\u2019DE CR\u0130O VE SANAY\u0130 \u00dcRET\u0130M VER\u0130LER\u0130<\/b><\/p>\n<p>Ekonomik geli\u015fmelerin \u00f6zel sekt\u00f6r \u00fczerindeki etkileri bak\u0131m\u0131ndan 13 Eyl\u00fcl Sal\u0131 g\u00fcn\u00fc duyurulacak temmuz ay\u0131na ili\u015fkin ciro endeksleri, perakende sat\u0131\u015f endeksleri ve sanayi \u00fcretim endeksi de yak\u0131ndan takip edilecek. Sanayi \u00fcretimi haziranda y\u0131ll\u0131k y\u00fczde 8,5, ayl\u0131k y\u00fczde 1,5 artm\u0131\u015ft\u0131.<\/p>\n<p>A\u011fustos ay\u0131na ili\u015fkin merkezi y\u00f6netim b\u00fct\u00e7e ger\u00e7ekle\u015fmeleri ise 15 Eyl\u00fcl Per\u015fembe g\u00fcn\u00fc Hazine ve Maliye Bakanl\u0131\u011f\u0131 taraf\u0131ndan duyurulacak. Ayn\u0131 g\u00fcn, konut sat\u0131\u015f istatistikleri de belli olacak.<\/p>\n<p>G\u00f6zler, 22 Eyl\u00fcl\u2019de toplanacak Merkez Bankas\u0131 Para Politikas\u0131 Kurulu (PPK) toplant\u0131s\u0131nda da olacak. Kurul, bir hafta vadeli repo ihale faiz oran\u0131n\u0131 (politika faizi) y\u00fczde 14\u2019ten y\u00fczde 13\u2019e indirmi\u015fti.<\/p>\n<p><b>ORTA VADEL\u0130 PROGRAM A\u00c7IKLANACAK<\/b><\/p>\n<p>Makro ekonomik g\u00f6stergelerin yan\u0131 s\u0131ra, eyl\u00fclde a\u00e7\u0131klanmas\u0131 beklenen ve T\u00fcrkiye ekonomisinin \u00fc\u00e7 y\u0131ll\u0131k yol haritas\u0131 niteli\u011fini ta\u015f\u0131yan OVP\u2019nin ayr\u0131nt\u0131lar\u0131 da yak\u0131ndan takip edilecek. OVP ile 2023-2025 d\u00f6nemine ili\u015fkin enflasyon, istihdam, b\u00fcy\u00fcme, ihracat, cari a\u00e7\u0131k gibi temel makro g\u00f6stergeler de belirlenmi\u015f olacak.<\/p>\n<p>K\u00fcresel ve b\u00f6lgesel sorunlar\u0131n ekonomiye etkilerinin OVP\u2019ye nas\u0131l yans\u0131yaca\u011f\u0131 ve ekonomi politikalar\u0131na ili\u015fkin ilke ve hedefleri nas\u0131l etkileyece\u011fi de merakla bekleniyor. OVP ile Orta Vadeli Plan birle\u015ftirilirken, b\u00f6ylece 2023 b\u00fct\u00e7esine ili\u015fkin temel b\u00fcy\u00fckl\u00fckler de belli olacak.<\/p>\n<p>Ekonomi Koordinasyon Kurulunun (EKK) son toplant\u0131s\u0131n\u0131n OVP\u2019ye haz\u0131rl\u0131k \u00e7al\u0131\u015fmalar\u0131 ele al\u0131n\u0131rken, Hazine ve Maliye Bakan\u0131 Nebati, OVP\u2019nin eyl\u00fcl ay\u0131n\u0131n ba\u015f\u0131nda duyurulaca\u011f\u0131n\u0131 a\u00e7\u0131klam\u0131\u015ft\u0131.<\/p>\n<p><b>B\u00dcT\u00c7E EK\u0130MDE MECL\u0130S\u2019E GELECEK<\/b><\/p>\n<p>Program\u0131n a\u00e7\u0131klanmas\u0131yla, 2023 y\u0131l\u0131 merkezi y\u00f6netim b\u00fct\u00e7esine ili\u015fkin haz\u0131rl\u0131klar da h\u0131z kazanacak. Bakanl\u0131klar, eyl\u00fclde yo\u011fun b\u00fct\u00e7e mesaisinde bulunacak ve Hazine ve Maliye Bakanl\u0131\u011f\u0131 ile Strateji ve B\u00fct\u00e7e Ba\u015fkanl\u0131\u011f\u0131nca haz\u0131rlanacak 2023 b\u00fct\u00e7esi 17 Ekim\u2019de TBMM\u2019ye sunulacak.<\/p>\n<p>Ekonomi y\u00f6netimi, 1 Ekim\u2019de yap\u0131lacak a\u00e7\u0131l\u0131\u015f\u0131n\u0131n ard\u0131ndan TBMM\u2019ye sunulacak torba kanun teklifine ili\u015fkin de yo\u011fun mesai y\u00fcr\u00fctecek. Ekonomik d\u00fczenlemeleri i\u00e7eren torba kanun teklifinde, dar gelirliye destek paketi, Kredi ve Yurtlar Kurumu bor\u00e7lar\u0131yla ilgili d\u00fczenleme ile Fiyat \u0130stikrar Komitesi\u2019nin yeniden yap\u0131land\u0131r\u0131lmas\u0131 gibi konular yer alacak.<\/p>\n<p><b>SOSYAL KONUT PROJES\u0130<\/b><\/p>\n<p>Cumhurba\u015fkan\u0131 Recep Tayyip Erdo\u011fan da 13 Eyl\u00fcl\u2019de Cumhuriyet tarihinin en b\u00fcy\u00fck sosyal konut hamlesinin detaylar\u0131n\u0131 a\u00e7\u0131klayacak. \u00c7evre, \u015eehircilik ve \u0130klim De\u011fi\u015fikli\u011fi Bakanl\u0131\u011f\u0131 \u00f6nc\u00fcl\u00fc\u011f\u00fcnde y\u00fcr\u00fct\u00fclecek projeyle vatanda\u015flar\u0131n, 81 ilde kira \u00f6der gibi ev sahibi olmas\u0131 \u00f6ng\u00f6r\u00fcl\u00fcyor. Konut, konut arsas\u0131 ve sanayi sitelerinin yer alaca\u011f\u0131 projede, gen\u00e7ler, emekliler, \u015fehit yak\u0131nlar\u0131 ve gaziler ile engellilere kontenjan ayr\u0131lacak. (AA)<\/p>\n","protected":false},"excerpt":{"rendered":"<p>T\u00fcrkiye&#8217;yi gelecek haftadan itibaren yo\u011fun bir ekonomi g\u00fcndemi bekliyor. T\u00fcrkiye\u2019yi gelecek haftadan itibaren yo\u011fun bir ekonomik veri g\u00fcndemi &#8230;<\/p>\n","protected":false},"author":1,"featured_media":31905,"comment_status":"closed","ping_status":"open","sticky":false,"template":"","format":"standard","meta":{"footnotes":""},"categories":[25],"tags":[516,3462,810,2183,909],"class_list":["post-31904","post","type-post","status-publish","format-standard","has-post-thumbnail","hentry","category-ekonomi","tag-ekonomi","tag-eylul","tag-ihracat","tag-olacak","tag-veri"],"_links":{"self":[{"href":"https:\/\/haberulus.net\/index.php?rest_route=\/wp\/v2\/posts\/31904","targetHints":{"allow":["GET"]}}],"collection":[{"href":"https:\/\/haberulus.net\/index.php?rest_route=\/wp\/v2\/posts"}],"about":[{"href":"https:\/\/haberulus.net\/index.php?rest_route=\/wp\/v2\/types\/post"}],"author":[{"embeddable":true,"href":"https:\/\/haberulus.net\/index.php?rest_route=\/wp\/v2\/users\/1"}],"replies":[{"embeddable":true,"href":"https:\/\/haberulus.net\/index.php?rest_route=%2Fwp%2Fv2%2Fcomments&post=31904"}],"version-history":[{"count":1,"href":"https:\/\/haberulus.net\/index.php?rest_route=\/wp\/v2\/posts\/31904\/revisions"}],"predecessor-version":[{"id":31906,"href":"https:\/\/haberulus.net\/index.php?rest_route=\/wp\/v2\/posts\/31904\/revisions\/31906"}],"wp:featuredmedia":[{"embeddable":true,"href":"https:\/\/haberulus.net\/index.php?rest_route=\/wp\/v2\/media\/31905"}],"wp:attachment":[{"href":"https:\/\/haberulus.net\/index.php?rest_route=%2Fwp%2Fv2%2Fmedia&parent=31904"}],"wp:term":[{"taxonomy":"category","embeddable":true,"href":"https:\/\/haberulus.net\/index.php?rest_route=%2Fwp%2Fv2%2Fcategories&post=31904"},{"taxonomy":"post_tag","embeddable":true,"href":"https:\/\/haberulus.net\/index.php?rest_route=%2Fwp%2Fv2%2Ftags&post=31904"}],"curies":[{"name":"wp","href":"https:\/\/api.w.org\/{rel}","templated":true}]}}