{"id":31964,"date":"2022-08-27T10:06:04","date_gmt":"2022-08-27T10:06:04","guid":{"rendered":"https:\/\/haberulus.net\/?p=31964"},"modified":"2022-08-27T10:06:04","modified_gmt":"2022-08-27T10:06:04","slug":"cennet-pina-koyuna-birakilan-pis-ve-atik-sular-isyan-ettirdi","status":"publish","type":"post","link":"https:\/\/haberulus.net\/?p=31964","title":{"rendered":"Cennet Pina Koyu\u2019na b\u0131rak\u0131lan pis ve at\u0131k sular isyan ettirdi"},"content":{"rendered":"<p><b>Mu\u011fla\u2019n\u0131n Milas il\u00e7esindeki Mavi bayrakl\u0131 cennet Pina Koyu\u2019na oteller b\u00f6lgesinden derelere b\u0131rak\u0131lan ard\u0131ndan denize ula\u015f\u0131lan foseptik sular\u0131 g\u00f6renlerin tepkisine neden oldu. <\/b><\/p>\n<p>Mu\u011fla&#8217;n\u0131n Milas il\u00e7esine ba\u011fl\u0131 Me\u015felik K\u00f6y\u00fc&#8217;ne ba\u011fl\u0131 cennet ormanlarla kapl\u0131 Pina Koyu&#8217;na be\u015f y\u0131ld\u0131zl\u0131 otellerin bulundu\u011fu b\u00f6lgeden derelere oradan da koyun sahilinden denize kadar akan fosseptik ve pis sular vatanda\u015flar\u0131 ve sivil toplum \u00f6rg\u00fctlerini isyan ettirdi.<\/p>\n<p><strong>\u0130K\u0130 HAFTADIR P\u0130S SULAR DEN\u0130ZE AKIYOR<\/strong><\/p>\n<p>B\u00f6lgede inceleme yapan ve \u00f6zel bir \u015firkete ait i\u00e7me suyu ar\u0131tma sistemleri \u015firketinde \u00e7al\u0131\u015fan 44 ya\u015f\u0131ndaki evli ve iki \u00e7ocuk babas\u0131 \u00d6zg\u00fcr Erba\u015f, \u015f\u00f6yle konu\u015ftu:<\/p>\n<p>*Buraya s\u0131k s\u0131k bal\u0131k avlamaya geliriz. \u0130ki hafta \u00f6nce tespit etti\u011fimiz ve s\u00fcrekli akan pis ve foseptik sular\u0131 g\u00f6r\u00fcnce akl\u0131m\u0131z durdu.<\/p>\n<p>*Ancak suyun akt\u0131\u011f\u0131 yerdeki a\u011fa\u00e7lar\u0131n kurumaya ba\u015flad\u0131\u011f\u0131n\u0131, masmavi denizimizin \u00e7amur rengine d\u00f6nd\u00fc\u011f\u00fcn\u00fc g\u00f6rd\u00fck, san\u0131yorum aylard\u0131r bu b\u00f6yle. \u0130nceleme yapt\u0131\u011f\u0131m\u0131zda sular\u0131n bir otel taraf\u0131ndan b\u0131rak\u0131ld\u0131\u011f\u0131n\u0131 tespit ettik, kayna\u011f\u0131n\u0131 bulduk.<\/p>\n<p>*Havada ya\u011fmur yok, b\u00f6lgede dere yok, kuyu yok, bu pis su resmen deterjanl\u0131 ar\u0131tma suyu. Hatta olay yerine gitti\u011fimizde otel g\u00fcvenlik g\u00f6revlileri taraf\u0131ndan \u00e7ekim yapt\u0131\u011f\u0131m\u0131z i\u00e7in tehdit edildik.<\/p>\n<p>*Turizm b\u00f6lgesinde b\u00f6yle \u015fey olur mu dedi\u011fimizde ise, bize ilgili makamlardan izin ald\u0131klar\u0131n\u0131 istedi\u011fimiz yere \u015fikayet edebilece\u011fimizi s\u00f6ylediler.<\/p>\n<p>*Oteller \u00e7ok uyan\u0131k bulunduklar\u0131 koya de\u011fil, bir arka koya pis sular\u0131n\u0131 ak\u0131t\u0131yorlar. B\u0131rak\u0131n turizmde bindi\u011fimiz dal\u0131 kesmeyi buras\u0131 ge\u00e7en y\u0131l ormanlar\u0131 yanan k\u00fcl olan bir b\u00f6lge ormanlar yand\u0131 \u015fimdi denizi do\u011fay\u0131 katlediyorlar.<\/p>\n<p>*B\u0130MER VE C\u0130MER&#8217; e ilgili belediyeye resmi makamlara m\u00fcracaat ettik, bir sonu\u00e7 alamad\u0131k. iki haftad\u0131r yapt\u0131\u011f\u0131m\u0131z t\u00fcm giri\u015fimler sonu\u00e7suz kald\u0131. Bu do\u011fa katliam\u0131na dur denilmesi gerekiyor.<\/p>\n<p><strong>\u00a0\u201cORMANLARI YAKTILAR DEN\u0130ZE P\u0130S SULARINI BO\u015eALTIYORLAR, D\u00dc\u015eMAN OLSA BUNU YAPMAZ\u201d<\/strong><\/p>\n<p>Bodrum Yurtta\u015f \u0130nsiyatifi S\u00f6zc\u00fcs\u00fc Ayhan Karahan durumun kabul edilemez oldu\u011funu ge\u00e7en y\u0131l yak\u0131lan ormanlardan sonra bu kez de denizin i\u00e7erisine binlerce ton at\u0131k suyun b\u0131rak\u0131ld\u0131\u011f\u0131n\u0131 belirterek \u015f\u00f6yle konu\u015ftu:<\/p>\n<p>*D\u00fc\u015fman olsa bunu yapmaz. Oraya yap\u0131lan y\u00fczlerce milyar dolarl\u0131k turistik tesisler ar\u0131tmalar\u0131n nas\u0131l olurda \u00f6nce ormana oradan denizin i\u00e7ine b\u0131rak\u0131rlar.<\/p>\n<p>*O b\u00f6lgede ev yok, i\u015fyeri yok sadece 4-5 tane l\u00fcks otel var. Bu konunun kesin takip\u00e7isi olaca\u011f\u0131z.<\/p>\n<p>*Yak\u0131lan ormanlar\u0131 korumaya \u00e7al\u0131\u015f\u0131rken ayn\u0131 b\u00f6lgedeki otellerden b\u0131rak\u0131lan fosseptik sular\u0131 denize kadar ula\u015f\u0131yor, vatanda\u015f tespit etmi\u015f, g\u00fcvenlik g\u00f6revlileri tehdit etmi\u015f, yetkililer l\u00fcks otellerin b\u0131rakt\u0131\u011f\u0131 at\u0131k sular\u0131 g\u00f6rm\u00fcyor, duymuyor, bilmiyor, yeter art\u0131k bu do\u011faya sald\u0131r\u0131lar, d\u00fc\u015fman olsa bunu yapmaz, \u00a0ormanlar\u0131 yak\u0131n, denize pisliklerinizi at\u0131n, insanlar nerede nas\u0131l ya\u015fayacaklar, bunu yapanlara en a\u011f\u0131r cezan\u0131n verilmesi i\u00e7in her t\u00fcrl\u00fc hukuki giri\u015fimi ba\u015flataca\u011f\u0131z.<\/p>\n<p>Milas&#8217;\u0131n Me\u015felik K\u00f6y\u00fc Muhtar\u0131 Devrim Esen ise S\u00d6ZC\u00dc&#8217;ye yapt\u0131\u011f\u0131 a\u00e7\u0131klamada \u201cVatanda\u015f\u0131n \u00e7ekti\u011fi g\u00f6r\u00fcnt\u00fcleri g\u00f6r\u00fcnce \u015fok oldum, \u00e7ok \u00fcz\u00fcld\u00fcm. O b\u00f6lge Halep \u00e7am\u0131 ormanlar\u0131 ve turistik tesisleri ile g\u00fczel bir b\u00f6lge. Milas Belediyesi zab\u0131tas\u0131 ile hemen irtibata ge\u00e7tim, gidip b\u00f6lgede inceleme yap\u0131p gerekli i\u015flemleri ba\u015flataca\u011f\u0131z, turizm b\u00f6lgesinde istenmeyen g\u00f6r\u00fcnt\u00fcler\u201d diye konu\u015ftu.<\/p>\n","protected":false},"excerpt":{"rendered":"<p>Mu\u011fla\u2019n\u0131n Milas il\u00e7esindeki Mavi bayrakl\u0131 cennet Pina Koyu\u2019na oteller b\u00f6lgesinden derelere b\u0131rak\u0131lan ard\u0131ndan denize ula\u015f\u0131lan foseptik sular\u0131 &#8230;<\/p>\n","protected":false},"author":1,"featured_media":31965,"comment_status":"closed","ping_status":"open","sticky":false,"template":"","format":"standard","meta":{"footnotes":""},"categories":[26],"tags":[158,566,1710,6692,3611],"class_list":["post-31964","post","type-post","status-publish","format-standard","has-post-thumbnail","hentry","category-gundem","tag-bolge","tag-bolgede","tag-denize","tag-ormanlari","tag-sulari"],"_links":{"self":[{"href":"https:\/\/haberulus.net\/index.php?rest_route=\/wp\/v2\/posts\/31964","targetHints":{"allow":["GET"]}}],"collection":[{"href":"https:\/\/haberulus.net\/index.php?rest_route=\/wp\/v2\/posts"}],"about":[{"href":"https:\/\/haberulus.net\/index.php?rest_route=\/wp\/v2\/types\/post"}],"author":[{"embeddable":true,"href":"https:\/\/haberulus.net\/index.php?rest_route=\/wp\/v2\/users\/1"}],"replies":[{"embeddable":true,"href":"https:\/\/haberulus.net\/index.php?rest_route=%2Fwp%2Fv2%2Fcomments&post=31964"}],"version-history":[{"count":1,"href":"https:\/\/haberulus.net\/index.php?rest_route=\/wp\/v2\/posts\/31964\/revisions"}],"predecessor-version":[{"id":31966,"href":"https:\/\/haberulus.net\/index.php?rest_route=\/wp\/v2\/posts\/31964\/revisions\/31966"}],"wp:featuredmedia":[{"embeddable":true,"href":"https:\/\/haberulus.net\/index.php?rest_route=\/wp\/v2\/media\/31965"}],"wp:attachment":[{"href":"https:\/\/haberulus.net\/index.php?rest_route=%2Fwp%2Fv2%2Fmedia&parent=31964"}],"wp:term":[{"taxonomy":"category","embeddable":true,"href":"https:\/\/haberulus.net\/index.php?rest_route=%2Fwp%2Fv2%2Fcategories&post=31964"},{"taxonomy":"post_tag","embeddable":true,"href":"https:\/\/haberulus.net\/index.php?rest_route=%2Fwp%2Fv2%2Ftags&post=31964"}],"curies":[{"name":"wp","href":"https:\/\/api.w.org\/{rel}","templated":true}]}}