{"id":32642,"date":"2022-08-28T20:36:03","date_gmt":"2022-08-28T20:36:03","guid":{"rendered":"https:\/\/haberulus.net\/?p=32642"},"modified":"2022-08-28T20:36:03","modified_gmt":"2022-08-28T20:36:03","slug":"bakan-koca-saglik-calisanlari-alacaklari-tesvik-miktarini-yarin-ogrenebilecek","status":"publish","type":"post","link":"https:\/\/haberulus.net\/?p=32642","title":{"rendered":"Bakan Koca: Sa\u011fl\u0131k \u00e7al\u0131\u015fanlar\u0131 alacaklar\u0131 te\u015fvik miktar\u0131n\u0131 yar\u0131n \u00f6\u011frenebilecek"},"content":{"rendered":"<p><b>Sa\u011fl\u0131k Bakan\u0131 Fahrettin Koca, sa\u011fl\u0131k \u00e7al\u0131\u015fanlar\u0131n\u0131n, alacaklar\u0131 te\u015fvik \u00f6demesi miktarlar\u0131n\u0131 yar\u0131n \u00f6\u011freneceklerini bildirdi.<\/b><\/p>\n<p>Bakan Koca, sosyal medya hesab\u0131ndan, a\u00e7\u0131klamada bulundu. Sa\u011fl\u0131k \u00e7al\u0131\u015fanlar\u0131n\u0131n te\u015fvik miktar\u0131na de\u011finen Koca, \u015fu ifadeleri kulland\u0131;<\/p>\n<p>*Ek \u00d6deme b\u00fct\u00e7esi art\u0131k Bakanl\u0131k taraf\u0131ndan y\u00f6netiliyor. SUT&#8217;a ba\u011fl\u0131 hastane tahakkuku tek belirleyici de\u011fil.<\/p>\n<p>*Herkese verilen taban \u00f6demesi SUT fiyatlar\u0131ndan etkilenmeyecek ve her zam d\u00f6neminde maa\u015fla birlikte artacak.<\/p>\n<p>*Te\u015fvik \u00f6demeleri SUT art\u0131\u015f\u0131na ba\u011f\u0131ml\u0131 olmaktan \u00e7\u0131kar\u0131ld\u0131. Daha \u00f6nce ya\u015fanan problemler s\u00f6z konusu bile olmayacak.<\/p>\n<p>*Hayat insana her g\u00fcn yeni bir \u015fey \u00f6\u011fretiyor. \u00d6rne\u011fin hangi sa\u011fl\u0131k \u00e7al\u0131\u015fan\u0131 ne kadar te\u015fvik \u00f6demesi alaca\u011f\u0131n\u0131 yar\u0131n \u00f6\u011frenebilecek.<\/p>\n<p>\u00a0<\/p>\n","protected":false},"excerpt":{"rendered":"<p>Sa\u011fl\u0131k Bakan\u0131 Fahrettin Koca, sa\u011fl\u0131k \u00e7al\u0131\u015fanlar\u0131n\u0131n, alacaklar\u0131 te\u015fvik \u00f6demesi miktarlar\u0131n\u0131 yar\u0131n \u00f6\u011freneceklerini bildirdi. Bakan Koca, sosyal &#8230;<\/p>\n","protected":false},"author":1,"featured_media":32643,"comment_status":"closed","ping_status":"open","sticky":false,"template":"","format":"standard","meta":{"footnotes":""},"categories":[30],"tags":[1726],"class_list":["post-32642","post","type-post","status-publish","format-standard","has-post-thumbnail","hentry","category-saglik","tag-odeme"],"_links":{"self":[{"href":"https:\/\/haberulus.net\/index.php?rest_route=\/wp\/v2\/posts\/32642","targetHints":{"allow":["GET"]}}],"collection":[{"href":"https:\/\/haberulus.net\/index.php?rest_route=\/wp\/v2\/posts"}],"about":[{"href":"https:\/\/haberulus.net\/index.php?rest_route=\/wp\/v2\/types\/post"}],"author":[{"embeddable":true,"href":"https:\/\/haberulus.net\/index.php?rest_route=\/wp\/v2\/users\/1"}],"replies":[{"embeddable":true,"href":"https:\/\/haberulus.net\/index.php?rest_route=%2Fwp%2Fv2%2Fcomments&post=32642"}],"version-history":[{"count":1,"href":"https:\/\/haberulus.net\/index.php?rest_route=\/wp\/v2\/posts\/32642\/revisions"}],"predecessor-version":[{"id":32644,"href":"https:\/\/haberulus.net\/index.php?rest_route=\/wp\/v2\/posts\/32642\/revisions\/32644"}],"wp:featuredmedia":[{"embeddable":true,"href":"https:\/\/haberulus.net\/index.php?rest_route=\/wp\/v2\/media\/32643"}],"wp:attachment":[{"href":"https:\/\/haberulus.net\/index.php?rest_route=%2Fwp%2Fv2%2Fmedia&parent=32642"}],"wp:term":[{"taxonomy":"category","embeddable":true,"href":"https:\/\/haberulus.net\/index.php?rest_route=%2Fwp%2Fv2%2Fcategories&post=32642"},{"taxonomy":"post_tag","embeddable":true,"href":"https:\/\/haberulus.net\/index.php?rest_route=%2Fwp%2Fv2%2Ftags&post=32642"}],"curies":[{"name":"wp","href":"https:\/\/api.w.org\/{rel}","templated":true}]}}