{"id":33105,"date":"2022-08-29T16:06:04","date_gmt":"2022-08-29T16:06:04","guid":{"rendered":"https:\/\/haberulus.net\/?p=33105"},"modified":"2022-08-29T16:06:04","modified_gmt":"2022-08-29T16:06:04","slug":"yok-saglik-calisanlari-icin-yasal-mevzuat-calismasi-ivedilikle-tamamlanacak","status":"publish","type":"post","link":"https:\/\/haberulus.net\/?p=33105","title":{"rendered":"Y\u00d6K: Sa\u011fl\u0131k \u00e7al\u0131\u015fanlar\u0131 i\u00e7in yasal mevzuat \u00e7al\u0131\u015fmas\u0131 ivedilikle tamamlanacak"},"content":{"rendered":"<p><b>Y\u00fcksek\u00f6\u011fretim Kurulu (Y\u00d6K) Ba\u015fkan\u0131 Erol \u00d6zvar, &#8220;Y\u00fcksek\u00f6\u011fretim kurumlar\u0131na ba\u011fl\u0131 faaliyet g\u00f6steren \u00fcniversite hastanelerinde \u00e7al\u0131\u015fan sa\u011fl\u0131k personelinin herhangi bir hak kayb\u0131na u\u011framayacak \u015fekilde \u00f6zl\u00fck haklar\u0131nda gerekli iyile\u015ftirmelerin yap\u0131lmas\u0131 i\u00e7in Y\u00fcksek\u00f6\u011fretim Kurulu b\u00fcnyesinde ba\u015flat\u0131lan yasal mevzuat \u00e7al\u0131\u015fmas\u0131 ivedilikle tamamlanacakt\u0131r&#8221; dedi.<\/b><\/p>\n<p>Y\u00d6K\u2019ten yap\u0131lan a\u00e7\u0131klamaya g\u00f6re, \u00fcniversite hastanelerinde \u00e7al\u0131\u015fan sa\u011fl\u0131k personeline y\u00f6nelik ek \u00f6deme\/iyile\u015ftirme konusunda yap\u0131lacak mevzuat \u00e7al\u0131\u015fmas\u0131na ili\u015fkin Y\u00d6K Ba\u015fkan\u0131 Erol \u00d6zvar ba\u015fkanl\u0131\u011f\u0131nda, b\u00fcnyesinde t\u0131p fak\u00fcltesi bulunan 81 devlet \u00fcniversitesi rekt\u00f6r\u00fcn\u00fcn kat\u0131l\u0131m\u0131yla bir toplant\u0131 ger\u00e7ekle\u015ftirildi.<\/p>\n<p>Toplant\u0131da, Y\u00d6K Ba\u015fkan\u0131 \u00d6zvar\u2019\u0131n a\u00e7\u0131l\u0131\u015f konu\u015fmas\u0131n\u0131n ard\u0131ndan rekt\u00f6rlerle fikir al\u0131\u015fveri\u015finde bulunuldu. Toplant\u0131 bitiminde \u00f6n\u00fcm\u00fczdeki s\u00fcrece ili\u015fkin yol haritas\u0131n\u0131 a\u00e7\u0131klayan Y\u00d6K Ba\u015fkan\u0131 \u00d6zvar, \u015funlar\u0131 s\u00f6yledi:<\/p>\n<p>* \u201cY\u00fcksek\u00f6\u011fretim kurumlar\u0131na ba\u011fl\u0131 faaliyet g\u00f6steren \u00fcniversite hastanelerinde \u00e7al\u0131\u015fan sa\u011fl\u0131k personelinin herhangi bir hak kayb\u0131na u\u011framayacak \u015fekilde \u00f6zl\u00fck haklar\u0131nda gerekli iyile\u015ftirmelerin yap\u0131lmas\u0131 i\u00e7in Y\u00fcksek\u00f6\u011fretim Kurulu b\u00fcnyesinde ba\u015flat\u0131lan yasal mevzuat \u00e7al\u0131\u015fmas\u0131 ivedilikle tamamlanacakt\u0131r.<\/p>\n<p>* Bu konudaki \u00e7al\u0131\u015fmalarda Sa\u011fl\u0131k Bakanl\u0131\u011f\u0131\u2019n\u0131n 12 A\u011fustos 2022 tarihli ve 31921 say\u0131l\u0131 Resmi Gazete\u2019de yay\u0131mlanan Ek \u00d6deme Y\u00f6netmeli\u011fi ile sa\u011fl\u0131k personeline d\u00f6ner sermayeden yap\u0131lacak ek \u00f6deme oranlar\u0131nda iyile\u015ftirmelere e\u015f de\u011fer bir d\u00fczenleme esas al\u0131nacakt\u0131r.<\/p>\n<p>* Y\u00fcksek\u00f6\u011fretim kurumlar\u0131na ba\u011fl\u0131 faaliyet g\u00f6steren \u00fcniversite hastanelerinde \u00e7al\u0131\u015fan sa\u011fl\u0131k personelinin sorunlar\u0131na kal\u0131c\u0131 \u00e7\u00f6z\u00fcmler getirecek yasal d\u00fczenleme \u00fczerinde \u00e7al\u0131\u015fmalar devam etmektedir.\u201d<\/p>\n<p>Y\u00d6K Ba\u015fkan\u0131 \u00d6zvar, \u00fcniversite hastanelerinde \u00e7al\u0131\u015fan sa\u011fl\u0131k personelinin \u00f6zl\u00fck haklar\u0131 konusunda ma\u011fduriyet ya\u015famamas\u0131 i\u00e7in hassasiyetle ve kararl\u0131 bir \u015fekilde \u00e7al\u0131\u015f\u0131ld\u0131\u011f\u0131n\u0131 vurgulayarak, \u201cSorunun m\u00fcmk\u00fcn olan en k\u0131sa s\u00fcrede \u00e7\u00f6z\u00fcme kavu\u015fturulaca\u011f\u0131n\u0131 kamuoyunun bilgisine sunar\u0131z\u201d ifadelerini kulland\u0131. <strong>(DHA)<\/strong><\/p>\n","protected":false},"excerpt":{"rendered":"<p>Y\u00fcksek\u00f6\u011fretim Kurulu (Y\u00d6K) Ba\u015fkan\u0131 Erol \u00d6zvar, &#8220;Y\u00fcksek\u00f6\u011fretim kurumlar\u0131na ba\u011fl\u0131 faaliyet g\u00f6steren \u00fcniversite hastanelerinde \u00e7al\u0131\u015fan sa\u011fl\u0131k &#8230;<\/p>\n","protected":false},"author":1,"featured_media":33106,"comment_status":"closed","ping_status":"open","sticky":false,"template":"","format":"standard","meta":{"footnotes":""},"categories":[30],"tags":[40,170,6835,2769,1725],"class_list":["post-33105","post","type-post","status-publish","format-standard","has-post-thumbnail","hentry","category-saglik","tag-baskani","tag-hak","tag-ozvar","tag-yok","tag-yuksekogretim"],"_links":{"self":[{"href":"https:\/\/haberulus.net\/index.php?rest_route=\/wp\/v2\/posts\/33105","targetHints":{"allow":["GET"]}}],"collection":[{"href":"https:\/\/haberulus.net\/index.php?rest_route=\/wp\/v2\/posts"}],"about":[{"href":"https:\/\/haberulus.net\/index.php?rest_route=\/wp\/v2\/types\/post"}],"author":[{"embeddable":true,"href":"https:\/\/haberulus.net\/index.php?rest_route=\/wp\/v2\/users\/1"}],"replies":[{"embeddable":true,"href":"https:\/\/haberulus.net\/index.php?rest_route=%2Fwp%2Fv2%2Fcomments&post=33105"}],"version-history":[{"count":1,"href":"https:\/\/haberulus.net\/index.php?rest_route=\/wp\/v2\/posts\/33105\/revisions"}],"predecessor-version":[{"id":33107,"href":"https:\/\/haberulus.net\/index.php?rest_route=\/wp\/v2\/posts\/33105\/revisions\/33107"}],"wp:featuredmedia":[{"embeddable":true,"href":"https:\/\/haberulus.net\/index.php?rest_route=\/wp\/v2\/media\/33106"}],"wp:attachment":[{"href":"https:\/\/haberulus.net\/index.php?rest_route=%2Fwp%2Fv2%2Fmedia&parent=33105"}],"wp:term":[{"taxonomy":"category","embeddable":true,"href":"https:\/\/haberulus.net\/index.php?rest_route=%2Fwp%2Fv2%2Fcategories&post=33105"},{"taxonomy":"post_tag","embeddable":true,"href":"https:\/\/haberulus.net\/index.php?rest_route=%2Fwp%2Fv2%2Ftags&post=33105"}],"curies":[{"name":"wp","href":"https:\/\/api.w.org\/{rel}","templated":true}]}}