{"id":33537,"date":"2022-08-30T12:36:04","date_gmt":"2022-08-30T12:36:04","guid":{"rendered":"https:\/\/haberulus.net\/?p=33537"},"modified":"2022-08-30T12:36:04","modified_gmt":"2022-08-30T12:36:04","slug":"chpli-vekillerden-akpye-kopru-tepkisi","status":"publish","type":"post","link":"https:\/\/haberulus.net\/?p=33537","title":{"rendered":"CHP\u2019li vekillerden AKP\u2019ye \u2018k\u00f6pr\u00fc\u2019 tepkisi"},"content":{"rendered":"<p><b>Elaz\u0131\u011f ile Tunceli aras\u0131ndaki her g\u00fcn 3 bin arac\u0131n feribotla Tunceli&#8217;ye ge\u00e7mek zorunda kald\u0131\u011f\u0131 ula\u015f\u0131m sorunu hala \u00e7\u00f6z\u00fclemedi. CHP Milletvekilleri G\u00fcrsel Erol ve Polat \u015earo\u011flu, Pertek \u0130skelesi\u2019nde a\u00e7\u0131klama yaparak AKP iktidar\u0131na tepki g\u00f6sterdi. CHP&#8217;li Erol, AKP\u2019lilerin her se\u00e7im d\u00f6neminde k\u00f6pr\u00fc s\u00f6z\u00fc verdi\u011fini hat\u0131rlatarak &#8220;Bu k\u00f6pr\u00fcn\u00fcn bug\u00fcne kadar yap\u0131lmam\u0131\u015f olmas\u0131 \u00fcz\u00fcnt\u00fc verici&#8221; dedi.<\/b><\/p>\n<p>Cumhurba\u015fkan\u0131 Recep Tayyip Erdo\u011fan&#8217;\u0131n, Ba\u015fbakan oldu\u011fu d\u00f6nemde, Tunceli ziyareti s\u0131ras\u0131nda Pertek&#8217;e k\u00f6pr\u00fc s\u00f6z\u00fc vermesine ra\u011fmen y\u0131llard\u0131r yap\u0131lmayan ve binlerce vatanda\u015f\u0131n ma\u011fdur oldu\u011fu Pertek \u0130skelesi&#8217;nde CHP Elaz\u0131\u011f Milletvekili G\u00fcrsel Erol ve CHP Tunceli Milletvekili Polat \u015earo\u011flu ortak bas\u0131n a\u00e7\u0131klamas\u0131 yapt\u0131. Bas\u0131n a\u00e7\u0131klamas\u0131na Pertek Belediye Ba\u015fkan\u0131 Ruhan Alan, Hozat Belediye Ba\u015fkan\u0131 Seyfi Geyik, CHP Elaz\u0131\u011f \u0130l Ba\u015fkan\u0131 Co\u015fkun \u00c7a\u011flar Duran ve parti y\u00f6neticileri kat\u0131ld\u0131.<\/p>\n<p><img decoding=\"async\" src=\"https:\/\/i01.sozcucdn.com\/wp-content\/uploads\/2022\/08\/30\/846c30b3-2751-47fa-9e32-d15bbc3fb0f3.jpg\"\/><\/p>\n<p><strong>\u201c\u0130KT\u0130DAR PERTEK K\u00d6PR\u00dcS\u00dc S\u00d6Z\u00dcN\u00dc UNUTTU\u201d<\/strong><\/p>\n<p>Yakla\u015f\u0131k 50 y\u0131ld\u0131r siyaset\u00e7ilerin k\u00f6pr\u00fcn\u00fcn yap\u0131laca\u011f\u0131na dair vaatlerinin oldu\u011funu belirten CHP Elaz\u0131\u011f Milletvekili G\u00fcrsel Erol, \u201c\u00d6zellikle 20 y\u0131ll\u0131k Ak Parti iktidar\u0131 d\u00f6neminde Elaz\u0131\u011f&#8217;da yap\u0131lan Ak Parti&#8217;nin her mitinginde cumhurba\u015fkan\u0131m\u0131z ve ondan \u00f6nce ba\u015fbakan s\u0131fat\u0131yla yap\u0131lan her mitingde ilk ba\u015fta Elaz\u0131\u011f ve Tunceli&#8217;ye verilen m\u00fcjde Pertek k\u00f6pr\u00fcs\u00fcn\u00fcn yap\u0131laca\u011f\u0131na dairdi.<\/p>\n<p>Her se\u00e7imde Pertek k\u00f6pr\u00fcs\u00fc iktidar taraf\u0131ndan g\u00fcndeme gelir s\u00f6zlerde bulunulur ama ne yaz\u0131k ki se\u00e7im bittikten sonra verilen di\u011fer s\u00f6zler gibi Pertek k\u00f6pr\u00fcs\u00fcn\u00fcn yap\u0131lmas\u0131 da s\u00f6z\u00fc unutulur ve hem\u015ferilerimiz bu rezilli\u011fi \u00e7ekmeye devam ederler. Feribot iskelesinde s\u0131ra bekleme s\u00fcresi yakla\u015f\u0131k bir bu\u00e7uk saat. \u0130nsanlar feribota binip kar\u015f\u0131dan kar\u015f\u0131ya ge\u00e7mek i\u00e7in insanlar bir bu\u00e7uk saat beklerler. Bu inan\u0131lmaz bir \u00e7ile.<\/p>\n<p>T\u00fcrkiye&#8217;nin bir\u00e7ok noktas\u0131nda ge\u00e7i\u015f garantisini veren k\u00f6pr\u00fclerden ara\u00e7lar ge\u00e7medi\u011fi halde kamu b\u00fct\u00e7esinden ara\u00e7lar\u0131n paralar\u0131 kar\u015f\u0131lan\u0131rken burada inan\u0131lmaz bir yo\u011funluk oldu\u011fu halde bu k\u00f6pr\u00fcn\u00fcn bug\u00fcne kadar yap\u0131lmam\u0131\u015f olmas\u0131 \u00fcz\u00fcnt\u00fc verici. Bu k\u00f6pr\u00fcn\u00fcn CHP iktidar\u0131 d\u00f6neminde kalk\u0131nmada \u00f6ncelikli pilot iller aras\u0131na al\u0131nacak olan Elaz\u0131\u011f&#8217;da ve Tunceli&#8217;nin bir b\u00fct\u00fcnl\u00fc\u011f\u00fc olarak birinci projemiz olacak ve ilin ekonomik kalk\u0131nmas\u0131 sa\u011flanacak.<\/p>\n<p>\u00d6n\u00fcm\u00fczdeki ay b\u00fct\u00e7e g\u00f6r\u00fc\u015fmeleri ba\u015flayacak mecliste biz her ne kadar bu projenin ger\u00e7ekle\u015fmesiyle ilgili genel ba\u015fkan\u0131m\u0131z bunu kamuoyuna a\u00e7\u0131klayacaksa da yat\u0131r\u0131m program\u0131na al\u0131nmas\u0131na y\u00f6nelik g\u00fcndeme getirece\u011fiz\u201d diye konu\u015ftu.<\/p>\n<p><strong>\u201cSORUNU G\u00d6RMEMEZL\u0130KTEN GELMEYE DEVAM ED\u0130YORLAR\u201d<\/strong><\/p>\n<p>CHP Tunceli Milletvekili Polat \u015earo\u011flu ise, \u201cHer y\u0131l meclisteki b\u00fct\u00e7e g\u00f6r\u00fc\u015fmelerinde Pertek k\u00f6pr\u00fcs\u00fcn\u00fcn yap\u0131lmas\u0131yla ilgili taleplerimizi diler getirirken burada da birka\u00e7 kez bas\u0131n a\u00e7\u0131klamas\u0131 yaparak insanlar\u0131n \u00e7ilesini g\u00f6sterdik. Ama s\u00fcrekli bu sorunu dile getirmemize ra\u011fmen g\u00f6rmemezlikten gelinmeye devam ediliyor.<\/p>\n<p>Be\u015fli \u00e7eteye para kazand\u0131rmak i\u00e7in Osmangazi K\u00f6pr\u00fcs\u00fcn\u00fc yapan h\u00fck\u00fcmet Akdeniz&#8217;i Karadeniz&#8217;e ba\u011flayan \u00fclke ekonomisine ciddi katk\u0131 sa\u011flayacak olan bir projeye inat ediyor ve defalarca burada s\u00f6z vermesine ra\u011fmen bu k\u00f6pr\u00fc yap\u0131lmad\u0131. Bu k\u00f6pr\u00fcy\u00fc yapmak bizim iktidar\u0131m\u0131za nasip olacak\u201d ifadelerini kulland\u0131.<\/p>\n","protected":false},"excerpt":{"rendered":"<p>Elaz\u0131\u011f ile Tunceli aras\u0131ndaki her g\u00fcn 3 bin arac\u0131n feribotla Tunceli&#8217;ye ge\u00e7mek zorunda kald\u0131\u011f\u0131 ula\u015f\u0131m sorunu hala \u00e7\u00f6z\u00fclemedi. CHP Milletvekilleri &#8230;<\/p>\n","protected":false},"author":1,"featured_media":33538,"comment_status":"closed","ping_status":"open","sticky":false,"template":"","format":"standard","meta":{"footnotes":""},"categories":[26],"tags":[1089,316,1716,77,2374],"class_list":["post-33537","post","type-post","status-publish","format-standard","has-post-thumbnail","hentry","category-gundem","tag-chp","tag-elazig","tag-iktidar","tag-soz","tag-tunceli"],"_links":{"self":[{"href":"https:\/\/haberulus.net\/index.php?rest_route=\/wp\/v2\/posts\/33537","targetHints":{"allow":["GET"]}}],"collection":[{"href":"https:\/\/haberulus.net\/index.php?rest_route=\/wp\/v2\/posts"}],"about":[{"href":"https:\/\/haberulus.net\/index.php?rest_route=\/wp\/v2\/types\/post"}],"author":[{"embeddable":true,"href":"https:\/\/haberulus.net\/index.php?rest_route=\/wp\/v2\/users\/1"}],"replies":[{"embeddable":true,"href":"https:\/\/haberulus.net\/index.php?rest_route=%2Fwp%2Fv2%2Fcomments&post=33537"}],"version-history":[{"count":1,"href":"https:\/\/haberulus.net\/index.php?rest_route=\/wp\/v2\/posts\/33537\/revisions"}],"predecessor-version":[{"id":33539,"href":"https:\/\/haberulus.net\/index.php?rest_route=\/wp\/v2\/posts\/33537\/revisions\/33539"}],"wp:featuredmedia":[{"embeddable":true,"href":"https:\/\/haberulus.net\/index.php?rest_route=\/wp\/v2\/media\/33538"}],"wp:attachment":[{"href":"https:\/\/haberulus.net\/index.php?rest_route=%2Fwp%2Fv2%2Fmedia&parent=33537"}],"wp:term":[{"taxonomy":"category","embeddable":true,"href":"https:\/\/haberulus.net\/index.php?rest_route=%2Fwp%2Fv2%2Fcategories&post=33537"},{"taxonomy":"post_tag","embeddable":true,"href":"https:\/\/haberulus.net\/index.php?rest_route=%2Fwp%2Fv2%2Ftags&post=33537"}],"curies":[{"name":"wp","href":"https:\/\/api.w.org\/{rel}","templated":true}]}}