{"id":34357,"date":"2022-08-31T17:51:06","date_gmt":"2022-08-31T17:51:06","guid":{"rendered":"https:\/\/haberulus.net\/?p=34357"},"modified":"2022-08-31T17:51:06","modified_gmt":"2022-08-31T17:51:06","slug":"fahrettin-altundan-reutersin-haberine-tepki","status":"publish","type":"post","link":"https:\/\/haberulus.net\/?p=34357","title":{"rendered":"Fahrettin Altun\u2019dan Reuters\u2019in haberine tepki"},"content":{"rendered":"<p><b>\u0130ngiliz haber ajans\u0131 Reuters\u2019\u0131n haz\u0131rlad\u0131\u011f\u0131 &#8220;\u00d6zel dosya-\u0130\u00e7erden bilgi aktaranlar Erdo\u011fan\u2019\u0131n nas\u0131l T\u00fcrkiye\u2019deki yaz\u0131 i\u015flerini etkiledi\u011fini ortaya \u00e7\u0131kard\u0131&#8221; ba\u015fl\u0131kl\u0131 habere \u0130leti\u015fim Ba\u015fkan\u0131 Fahrettin Altun tepki g\u00f6sterdi. Altun, yapt\u0131\u011f\u0131 a\u00e7\u0131klamada &#8220;Daha \u00f6nce de pek \u00e7ok kez oldu\u011fu gibi temelsiz kli\u015fe \u00f6n yarg\u0131larla \u00f6r\u00fcl\u00fc hayali ve uydurma senaryolar\u0131 s\u00f6zde haber ad\u0131 alt\u0131nda servis ediyorsunuz&#8221; ifadesini kulland\u0131.<\/b><\/p>\n<p>T\u00fcrkiye\u2019deki medyay\u0131 analiz ederek baz\u0131 yetkili ve uzmanlar\u0131n g\u00f6r\u00fc\u015flerine yer veren \u0130ngiltere\u2019nin \u00fcnl\u00fc haber ajans\u0131 Reuters, Cumhurba\u015fkanl\u0131\u011f\u0131 \u0130leti\u015fim Ba\u015fkan\u0131 Fahrettin Altun\u2019un ve kurmaylar\u0131n\u0131n medya kurulu\u015flar\u0131na WhatsApp\u2019tan hangi haberlerin \u00f6ne \u00e7\u0131kar\u0131lmas\u0131 hangilerinin g\u00f6rmezden gelinmesi gerekti\u011fi y\u00f6n\u00fcnde talimatlar verdi\u011fini \u00f6ne s\u00fcrm\u00fc\u015ft\u00fc.<\/p>\n<p>\u0130leti\u015fim Ba\u015fkan\u0131 Altun, Reuters\u2019\u0131n haberiyle ilgili \u201cReuters&#8217;\u0131n \u0130leti\u015fim Ba\u015fkanl\u0131\u011f\u0131 hakk\u0131ndaki dezenformasyon haberine ili\u015fkin\u201d ba\u015fl\u0131kl\u0131 bir a\u00e7\u0131klama yay\u0131nlad\u0131. Altun, a\u00e7\u0131klamada \u015fu ifadeleri kulland\u0131:<\/p>\n<p>* T\u00fcrkiye \u0130leti\u015fim Modeli ile ulusal ve uluslararas\u0131 \u00e7apta ba\u015far\u0131l\u0131 \u00e7al\u0131\u015fmalara imza atan \u0130leti\u015fim Ba\u015fkanl\u0131\u011f\u0131m\u0131z\u0131n, \u0130ngiltere merkezli Reuters haber ajans\u0131 taraf\u0131ndan hedef al\u0131nmas\u0131, bizler i\u00e7in sadece ne kadar do\u011fru yolda oldu\u011fumuzun g\u00f6stergesi ve gurur vesilesidir.<\/p>\n<p>* Son d\u00f6rt y\u0131lda T\u00fcrkiye&#8217;ye y\u00f6nelik dezenformasyon kampanyalar\u0131na kar\u015f\u0131 koyduk, \u00fclkemizi bu sald\u0131r\u0131lara kar\u015f\u0131 daha dayan\u0131kl\u0131 hale getirdik ve \u015feffaf bir ileti\u015fim ortam\u0131 olu\u015fturduk. Ayn\u0131 do\u011frultuda Say\u0131n Cumhurba\u015fkan\u0131m\u0131z\u0131n liderli\u011finde T\u00fcrkiye&#8217;ye uzun y\u0131llar hizmet etmeye kararl\u0131y\u0131z.<\/p>\n<p>* Recep Tayyip Erdo\u011fan ve T\u00fcrkiye kar\u015f\u0131t\u0131 alg\u0131 operasyonlar\u0131n\u0131n ve sistematik manip\u00fclasyonlar\u0131n bir aparat\u0131 olan Reuters, daha \u00f6nce de pek \u00e7ok kez \u00e7arp\u0131tma ve yalan haberlere imza atm\u0131\u015ft\u0131.<\/p>\n<p><strong>\u201cHABER AJANSI BA\u015eKANLI\u011eIMIZI HEDEF ALMAYA \u00c7ALI\u015eIYOR\u201d<\/strong><\/p>\n<p>* Reuters, DEA\u015e ter\u00f6r\u00fcn\u00fcn zirve noktas\u0131na \u00e7\u0131kt\u0131\u011f\u0131 d\u00f6nemde, bu ter\u00f6r \u00f6rg\u00fct\u00fcne kar\u015f\u0131 amans\u0131z bir m\u00fccadele veren T\u00fcrkiye&#8217;ye kar\u015f\u0131 dezenformasyon yaparken, esas\u0131nda baz\u0131 Bat\u0131l\u0131 devletlerin yabanc\u0131 ter\u00f6ristlerin Suriye&#8217;ye ge\u00e7i\u015fini g\u00f6rmezden geldi\u011fini veya istihbarat servisleri marifetiyle bunu fiilen m\u00fcmk\u00fcn k\u0131ld\u0131\u011f\u0131n\u0131 perdeliyordu.<\/p>\n<p>* T\u00fcrkiye&#8217;nin Cumhurba\u015fkanl\u0131\u011f\u0131 H\u00fck\u00fcmet Sistemi&#8217;ne ge\u00e7i\u015f i\u00e7in ilk ad\u0131mlar\u0131 att\u0131\u011f\u0131 d\u00f6nemde de sahneye \u00e7\u0131kan Reuters, Say\u0131n Cumhurba\u015fkan\u0131m\u0131z\u0131n a\u00e7\u0131klamalar\u0131n\u0131 \u00e7arp\u0131tm\u0131\u015f ve nihayet kendi haberlerini tekzip etmek durumunda kalm\u0131\u015ft\u0131. Reuters&#8217;in T\u00fcrkiye&#8217;ye y\u00f6nelik ekonomik ve finansal operasyonlarda kendine d\u00fc\u015fen rol\u00fc nas\u0131l oynad\u0131\u011f\u0131n\u0131 da elbette unutmuyoruz.<\/p>\n<p>* B\u00f6yle bir haber ajans\u0131, bug\u00fcn de T\u00fcrkiye \u0130leti\u015fim Modelini ve Ba\u015fkanl\u0131\u011f\u0131m\u0131z\u0131 hedef almaya \u00e7al\u0131\u015f\u0131yor. Reuters&#8217;in niyetini de neye hizmet etti\u011fini de bu do\u011frultuda yapt\u0131klar\u0131n\u0131 da gayet iyi biliyoruz.<\/p>\n<p><strong>\u201cUYDURMA SENARYOLARI S\u00d6ZDE HABER ADI ALTINDA SERV\u0130S ED\u0130YORSUNUZ\u201d<\/strong><\/p>\n<p>* Sadece T\u00fcrkiye ile ilgili konularda de\u011fil, d\u00fcnyan\u0131n farkl\u0131 noktalar\u0131nda operasyonel habercili\u011finiz y\u00fcz\u00fcnden i\u015fgal edilen, darbeler yapt\u0131r\u0131lan, i\u00e7 sava\u015f \u00e7\u0131kart\u0131lan, ter\u00f6r \u00f6rg\u00fctlerini besleyen sisteme kar\u015f\u0131 hakikati savunan bir T\u00fcrkiye var!<\/p>\n<p>* G\u00f6r\u00fcyoruz ki ekonomik kriz b\u00fct\u00fcn Avrupa&#8217;y\u0131 ve \u00fclkeniz \u0130ngiltere&#8217;yi oldu\u011fu gibi kurum olarak sizi de etkiledi. Bu nedenle daha ucuz ve kolay oldu\u011fu i\u00e7in masa ba\u015f\u0131 habercili\u011fe tevess\u00fcl ediyorsunuz. Daha \u00f6nce de pek \u00e7ok kez oldu\u011fu gibi temelsiz kli\u015fe \u00f6n yarg\u0131larla \u00f6r\u00fcl\u00fc hayali ve uydurma senaryolar\u0131 s\u00f6zde haber ad\u0131 alt\u0131nda servis ediyorsunuz.<\/p>\n<p>* \u015eartlar ne olursa olsun ger\u00e7ek gazetecili\u011fin b\u00f6yle yap\u0131lmayaca\u011f\u0131n\u0131 size bir kez daha hat\u0131rlat\u0131yor ve sizi sadece ve sadece hakikat i\u00e7in habercilik yapmaya davet ediyoruz.<\/p>\n","protected":false},"excerpt":{"rendered":"<p>\u0130ngiliz haber ajans\u0131 Reuters\u2019\u0131n haz\u0131rlad\u0131\u011f\u0131 &#8220;\u00d6zel dosya-\u0130\u00e7erden bilgi aktaranlar Erdo\u011fan\u2019\u0131n nas\u0131l T\u00fcrkiye\u2019deki yaz\u0131 i\u015flerini etkiledi\u011fini ortaya &#8230;<\/p>\n","protected":false},"author":1,"featured_media":34358,"comment_status":"closed","ping_status":"open","sticky":false,"template":"","format":"standard","meta":{"footnotes":""},"categories":[24],"tags":[4760,6994,6993,3954,15],"class_list":["post-34357","post","type-post","status-publish","format-standard","has-post-thumbnail","hentry","category-dunya","tag-altun","tag-haber-ajansi","tag-iletisim","tag-reuters","tag-turkiye"],"_links":{"self":[{"href":"https:\/\/haberulus.net\/index.php?rest_route=\/wp\/v2\/posts\/34357","targetHints":{"allow":["GET"]}}],"collection":[{"href":"https:\/\/haberulus.net\/index.php?rest_route=\/wp\/v2\/posts"}],"about":[{"href":"https:\/\/haberulus.net\/index.php?rest_route=\/wp\/v2\/types\/post"}],"author":[{"embeddable":true,"href":"https:\/\/haberulus.net\/index.php?rest_route=\/wp\/v2\/users\/1"}],"replies":[{"embeddable":true,"href":"https:\/\/haberulus.net\/index.php?rest_route=%2Fwp%2Fv2%2Fcomments&post=34357"}],"version-history":[{"count":1,"href":"https:\/\/haberulus.net\/index.php?rest_route=\/wp\/v2\/posts\/34357\/revisions"}],"predecessor-version":[{"id":34359,"href":"https:\/\/haberulus.net\/index.php?rest_route=\/wp\/v2\/posts\/34357\/revisions\/34359"}],"wp:featuredmedia":[{"embeddable":true,"href":"https:\/\/haberulus.net\/index.php?rest_route=\/wp\/v2\/media\/34358"}],"wp:attachment":[{"href":"https:\/\/haberulus.net\/index.php?rest_route=%2Fwp%2Fv2%2Fmedia&parent=34357"}],"wp:term":[{"taxonomy":"category","embeddable":true,"href":"https:\/\/haberulus.net\/index.php?rest_route=%2Fwp%2Fv2%2Fcategories&post=34357"},{"taxonomy":"post_tag","embeddable":true,"href":"https:\/\/haberulus.net\/index.php?rest_route=%2Fwp%2Fv2%2Ftags&post=34357"}],"curies":[{"name":"wp","href":"https:\/\/api.w.org\/{rel}","templated":true}]}}