{"id":35024,"date":"2022-09-01T20:21:04","date_gmt":"2022-09-01T20:21:04","guid":{"rendered":"https:\/\/haberulus.net\/?p=35024"},"modified":"2022-09-01T20:21:04","modified_gmt":"2022-09-01T20:21:04","slug":"ab-akilli-telefon-ureticilerine-kati-kurallar-getirmeye-hazirlaniyor","status":"publish","type":"post","link":"https:\/\/haberulus.net\/?p=35024","title":{"rendered":"AB, ak\u0131ll\u0131 telefon \u00fcreticilerine kat\u0131 kurallar getirmeye haz\u0131rlan\u0131yor"},"content":{"rendered":"<p><b>Avrupa Birli\u011fi (AB), Apple ve Samsung gibi firmalar\u0131n ak\u0131ll\u0131 telefon ile tabletlerinin pil \u00f6m\u00fcrlerini uzatmak ve g\u00fcncelleme zorunlulu\u011funu kald\u0131racak yeni bir yasa haz\u0131rl\u0131yor.<\/b><\/p>\n<p>AB Komisyonu, ak\u0131ll\u0131 telefon ve tablet gibi \u00e7e\u015fitli elektronik \u00fcr\u00fcnlerin s\u00fcrd\u00fcr\u00fclebilir, enerji tasarruflu ve dayan\u0131kl\u0131 olacak bi\u00e7imde \u00e7evreci tasarlanmas\u0131na y\u00f6nelik yasa tasar\u0131s\u0131n\u0131 yay\u0131mlad\u0131.<\/p>\n<p><strong>KULLANICININ RIZASI \u0130STENECEK<\/strong><\/p>\n<p>Tasar\u0131ya g\u00f6re, kullan\u0131c\u0131n\u0131n a\u00e7\u0131k r\u0131zas\u0131 olmamas\u0131 halinde s\u00f6z konusu \u00fcr\u00fcnlerin enerji t\u00fcketimleri i\u015fletim sistemi yaz\u0131l\u0131m g\u00fcncellemesinden veya bir donan\u0131m g\u00fcncellemesinden sonra k\u00f6t\u00fcle\u015femeyecek. Yaz\u0131l\u0131m g\u00fcncelleme \u00fcr\u00fcn performans\u0131n\u0131 olumsuz etkileyemeyecek.<\/p>\n<p><strong>G\u00dcNCELLEME \u0130STEMEYEN\u0130N TELEFON PERFORMANSI DE\u011e\u0130\u015eMEYECEK<\/strong><\/p>\n<p>Cihazlarda bir g\u00fcncellemenin reddedilmesi sonucunda herhangi bir performans de\u011fi\u015fikli\u011fi ya\u015fanamayacak.<\/p>\n<p><strong>YEDEK PAR\u00c7A ZORUNLULU\u011eU GEL\u0130YOR<\/strong><\/p>\n<p>\u00dcreticiler, cihazlar\u0131n\u0131n sat\u0131\u015fa sunulmas\u0131n\u0131n ard\u0131ndan profesyonel tamircilere 5 y\u0131l boyunca batarya, kapak, ekran, kamera, d\u00fc\u011fme, hoparl\u00f6r, mikrofon gibi 15 farkl\u0131 yedek par\u00e7ay\u0131 tedarik etmek zorunda olacak.<\/p>\n<p><strong>MAKUL \u00dcCRET \u0130STENECEK<\/strong><\/p>\n<p>T\u00fcketicilerin de 5 y\u0131l boyunca cihaz\u0131n pil, ekran, arka kapak, sim ve haf\u0131za kart\u0131 giri\u015fi gibi yedek par\u00e7alara eri\u015fimi olacak. \u00dcreticiler bozulan cihazlar\u0131n tamirinde makul ve orant\u0131l\u0131 \u00fccret talep edecek.<\/p>\n<p>Cihaz pillerinin kapasitelerinin 500 tam \u015farj sonras\u0131nda y\u00fczde 83\u2019\u00fcn\u00fcn alt\u0131na d\u00fc\u015fmemesi, bin tam \u015farj sonras\u0131nda da y\u00fczde 80 kapasiteye sahip olmas\u0131 gerekecek.<\/p>\n<p>AB Komisyonu, eyl\u00fcl ay\u0131 boyunca taslak hakk\u0131nda halk\u0131n g\u00f6r\u00fc\u015fleri toplad\u0131ktan sonra d\u00fczenlemeye son halini verecek.<\/p>\n<p>AB daha \u00f6nce, 2024 sonbahar\u0131na kadar \u00fcye \u00fclkelerde sat\u0131lan ak\u0131ll\u0131 telefon, tablet ve kamera gibi elektronik cihazlarda USB-C \u015farj giri\u015fi kullan\u0131lmas\u0131n\u0131 zorunlu hale getirecek yasal d\u00fczenleme haz\u0131rlam\u0131\u015ft\u0131. <strong>AA<\/strong><\/p>\n","protected":false},"excerpt":{"rendered":"<p>Avrupa Birli\u011fi (AB), Apple ve Samsung gibi firmalar\u0131n ak\u0131ll\u0131 telefon ile tabletlerinin pil \u00f6m\u00fcrlerini uzatmak ve g\u00fcncelleme zorunlulu\u011funu &#8230;<\/p>\n","protected":false},"author":1,"featured_media":35025,"comment_status":"closed","ping_status":"open","sticky":false,"template":"","format":"standard","meta":{"footnotes":""},"categories":[32],"tags":[4019,7082],"class_list":["post-35024","post","type-post","status-publish","format-standard","has-post-thumbnail","hentry","category-teknoloji","tag-cihaz","tag-guncelleme"],"_links":{"self":[{"href":"https:\/\/haberulus.net\/index.php?rest_route=\/wp\/v2\/posts\/35024","targetHints":{"allow":["GET"]}}],"collection":[{"href":"https:\/\/haberulus.net\/index.php?rest_route=\/wp\/v2\/posts"}],"about":[{"href":"https:\/\/haberulus.net\/index.php?rest_route=\/wp\/v2\/types\/post"}],"author":[{"embeddable":true,"href":"https:\/\/haberulus.net\/index.php?rest_route=\/wp\/v2\/users\/1"}],"replies":[{"embeddable":true,"href":"https:\/\/haberulus.net\/index.php?rest_route=%2Fwp%2Fv2%2Fcomments&post=35024"}],"version-history":[{"count":1,"href":"https:\/\/haberulus.net\/index.php?rest_route=\/wp\/v2\/posts\/35024\/revisions"}],"predecessor-version":[{"id":35026,"href":"https:\/\/haberulus.net\/index.php?rest_route=\/wp\/v2\/posts\/35024\/revisions\/35026"}],"wp:featuredmedia":[{"embeddable":true,"href":"https:\/\/haberulus.net\/index.php?rest_route=\/wp\/v2\/media\/35025"}],"wp:attachment":[{"href":"https:\/\/haberulus.net\/index.php?rest_route=%2Fwp%2Fv2%2Fmedia&parent=35024"}],"wp:term":[{"taxonomy":"category","embeddable":true,"href":"https:\/\/haberulus.net\/index.php?rest_route=%2Fwp%2Fv2%2Fcategories&post=35024"},{"taxonomy":"post_tag","embeddable":true,"href":"https:\/\/haberulus.net\/index.php?rest_route=%2Fwp%2Fv2%2Ftags&post=35024"}],"curies":[{"name":"wp","href":"https:\/\/api.w.org\/{rel}","templated":true}]}}