{"id":3537,"date":"2022-07-06T12:21:04","date_gmt":"2022-07-06T12:21:04","guid":{"rendered":"https:\/\/haberulus.net\/?p=3537"},"modified":"2022-07-06T12:21:04","modified_gmt":"2022-07-06T12:21:04","slug":"rtukten-halk-tv-ve-tele1e-bir-ceza-daha","status":"publish","type":"post","link":"https:\/\/haberulus.net\/?p=3537","title":{"rendered":"RT\u00dcK\u2019ten Halk TV ve TELE1\u2019e bir ceza daha"},"content":{"rendered":"<p><b>CHP Genel Ba\u015fkan\u0131 Kemal K\u0131l\u0131\u00e7daro\u011flu&#8217;nun &#8216;TURKEN&#8217; vakf\u0131 a\u00e7\u0131klamas\u0131n\u0131 ikinci kez yay\u0131nlayan Halk TV&#8217;ye bir ceza daha kesti. HDP milletvekilinin canl\u0131 yay\u0131nda &#8216;Say\u0131n \u00d6calan&#8217; s\u00f6zleri nedeniyle de Halk TV&#8217;ye 3 program durdurma cezas\u0131 verildi. TELE 1&#8217;e de RT\u00dcK ele\u015ftirisi yapt\u0131\u011f\u0131 i\u00e7in para cezas\u0131 kesildi.<\/b><\/p>\n<p>RT\u00dcK, CHP lideri Kemal K\u0131l\u0131\u00e7daro\u011flu&#8217;nun 24 May\u0131s 2022 tarihli \u201cTURKEN Vakf\u0131\u201d a\u00e7\u0131klamas\u0131n\u0131 ikinci kez yay\u0131nlayan Halk TV&#8217;ye ikinci kez idari para cezas\u0131 verdi.<\/p>\n<p>RT\u00dcK, 30 May\u0131s&#8217;taki toplant\u0131s\u0131nda, K\u0131l\u0131\u00e7daro\u011flu&#8217;nun TURKEN Vakf\u0131 a\u00e7\u0131klamalar\u0131n\u0131 canl\u0131 yay\u0131nlayan 4 TV kanal\u0131na para cezas\u0131 vermi\u015fti. Halk TV de karara tepki olarak, cezaya gerek\u00e7e g\u00f6sterilen K\u0131l\u0131\u00e7daro\u011flu&#8217;nun a\u00e7\u0131klamas\u0131n\u0131 yeniden yay\u0131nlam\u0131\u015ft\u0131.<\/p>\n<p>Halk TV&#8217;ye ayr\u0131ca HDP Milletvekili Mehmet Tiryaki&#8217;nin, ter\u00f6rist ba\u015f\u0131 Abdullah \u00d6calan i\u00e7in kulland\u0131\u011f\u0131 \u201cSay\u0131n\u201d ifadesi nedeniyle para ve 3 kez program durdurma cezas\u0131 da verildi.<\/p>\n<p><strong>TELE 1\u2019E SAYI\u015eTAY CEZASI<\/strong><\/p>\n<p>RT\u00dcK, TELE1&#8217;e de Say\u0131\u015ftay raporuna dayanarak kendisini ele\u015ftirdi\u011fi gerek\u00e7esiyle para cezas\u0131 verdi.<\/p>\n","protected":false},"excerpt":{"rendered":"<p>CHP Genel Ba\u015fkan\u0131 Kemal K\u0131l\u0131\u00e7daro\u011flu&#8217;nun &#8216;TURKEN&#8217; vakf\u0131 a\u00e7\u0131klamas\u0131n\u0131 ikinci kez yay\u0131nlayan Halk TV&#8217;ye bir ceza daha kesti. HDP milletvekilinin &#8230;<\/p>\n","protected":false},"author":1,"featured_media":3538,"comment_status":"open","ping_status":"open","sticky":false,"template":"","format":"standard","meta":{"footnotes":""},"categories":[26],"tags":[171,1248,215],"class_list":["post-3537","post","type-post","status-publish","format-standard","has-post-thumbnail","hentry","category-gundem","tag-ceza","tag-halk-tv","tag-para"],"_links":{"self":[{"href":"https:\/\/haberulus.net\/index.php?rest_route=\/wp\/v2\/posts\/3537","targetHints":{"allow":["GET"]}}],"collection":[{"href":"https:\/\/haberulus.net\/index.php?rest_route=\/wp\/v2\/posts"}],"about":[{"href":"https:\/\/haberulus.net\/index.php?rest_route=\/wp\/v2\/types\/post"}],"author":[{"embeddable":true,"href":"https:\/\/haberulus.net\/index.php?rest_route=\/wp\/v2\/users\/1"}],"replies":[{"embeddable":true,"href":"https:\/\/haberulus.net\/index.php?rest_route=%2Fwp%2Fv2%2Fcomments&post=3537"}],"version-history":[{"count":1,"href":"https:\/\/haberulus.net\/index.php?rest_route=\/wp\/v2\/posts\/3537\/revisions"}],"predecessor-version":[{"id":3539,"href":"https:\/\/haberulus.net\/index.php?rest_route=\/wp\/v2\/posts\/3537\/revisions\/3539"}],"wp:featuredmedia":[{"embeddable":true,"href":"https:\/\/haberulus.net\/index.php?rest_route=\/wp\/v2\/media\/3538"}],"wp:attachment":[{"href":"https:\/\/haberulus.net\/index.php?rest_route=%2Fwp%2Fv2%2Fmedia&parent=3537"}],"wp:term":[{"taxonomy":"category","embeddable":true,"href":"https:\/\/haberulus.net\/index.php?rest_route=%2Fwp%2Fv2%2Fcategories&post=3537"},{"taxonomy":"post_tag","embeddable":true,"href":"https:\/\/haberulus.net\/index.php?rest_route=%2Fwp%2Fv2%2Ftags&post=3537"}],"curies":[{"name":"wp","href":"https:\/\/api.w.org\/{rel}","templated":true}]}}