{"id":35408,"date":"2022-09-02T13:06:06","date_gmt":"2022-09-02T13:06:06","guid":{"rendered":"https:\/\/haberulus.net\/?p=35408"},"modified":"2022-09-02T13:06:06","modified_gmt":"2022-09-02T13:06:06","slug":"abdde-tarim-disi-istihdam-agustosta-beklentilerin-uzerinde-artti","status":"publish","type":"post","link":"https:\/\/haberulus.net\/?p=35408","title":{"rendered":"ABD\u2019de tar\u0131m d\u0131\u015f\u0131 istihdam a\u011fustosta beklentilerin \u00fczerinde artt\u0131"},"content":{"rendered":"<p><b>ABD&#8217;de tar\u0131m d\u0131\u015f\u0131 istihdam a\u011fustos ay\u0131nda 315 bin ile beklentilerin \u00fczerinde artt\u0131.<\/b><\/p>\n<p>ABD\u2019de A\u011fustos ay\u0131nda tar\u0131m d\u0131\u015f\u0131 istihdam 315 bin ile beklentilerin \u00fczerinde art\u0131\u015f g\u00f6sterdi.<\/p>\n<p>Ge\u00e7ti\u011fimiz ay 528 bin olarak a\u00e7\u0131klanan veri 526 bin seviyesine revize edildi. \u200bReuters anketine kat\u0131lan 75 ekonomist tar\u0131m d\u0131\u015f\u0131 istihdam\u0131n A\u011fustos ay\u0131nda 300 bin art\u0131\u015f kaydetmesini bekliyorlard\u0131.<\/p>\n<p><b>\u0130\u015eS\u0130ZL\u0130K ARTTI<\/b><\/p>\n<p>\u0130\u015f g\u00fcc\u00fcne kat\u0131l\u0131m A\u011fustos ay\u0131nda y\u00fczde 62,1 seviyesinden y\u00fczde 62,4 seviyesine y\u00fckseldi.\u200b ABD \u00c7al\u0131\u015fma Bakanl\u0131\u011f\u0131 verilerine g\u00f6re a\u011fustos ay\u0131 i\u015fsizlik oran\u0131 y\u00fczde 3,7 seviyesine y\u00fckseldi.\u200b\u200b Ge\u00e7ti\u011fimiz ay i\u015fsizlik oran\u0131 y\u00fczde 3,5\u200b\u200b olarak a\u00e7\u0131klanm\u0131\u015ft\u0131.<\/p>\n<p>Reuters anketine kat\u0131lan ekonomistler i\u015fsizlik oran\u0131n\u0131n y\u00fczde 3,5 seviyesinde kalaca\u011f\u0131n\u0131 tahmin ediyorlard\u0131.<\/p>\n<p><b>SAATL\u0130K \u00dcCRETLER GER\u0130LED\u0130<\/b><\/p>\n<p>ABD\u2019de ortalama saatlik \u00fccretler A\u011fustos ay\u0131nda y\u00fczde 0.3 seviyesine geriledi.\u200b Beklentiler saatlik \u00fccretlerin y\u00fczde 0,4 artaca\u011f\u0131 y\u00f6n\u00fcndeydi. Ortalama saatlik \u00fccretlerdeki y\u0131ll\u0131k art\u0131\u015f \u00f6nceki ayki y\u00fczde 5,2 seviyesinde de\u011fi\u015fim g\u00f6stermedi. (REUTERS)<\/p>\n","protected":false},"excerpt":{"rendered":"<p>ABD&#8217;de tar\u0131m d\u0131\u015f\u0131 istihdam a\u011fustos ay\u0131nda 315 bin ile beklentilerin \u00fczerinde artt\u0131. ABD\u2019de A\u011fustos ay\u0131nda tar\u0131m d\u0131\u015f\u0131 istihdam 315 bin ile &#8230;<\/p>\n","protected":false},"author":1,"featured_media":35409,"comment_status":"closed","ping_status":"open","sticky":false,"template":"","format":"standard","meta":{"footnotes":""},"categories":[25],"tags":[],"class_list":["post-35408","post","type-post","status-publish","format-standard","has-post-thumbnail","hentry","category-ekonomi"],"_links":{"self":[{"href":"https:\/\/haberulus.net\/index.php?rest_route=\/wp\/v2\/posts\/35408","targetHints":{"allow":["GET"]}}],"collection":[{"href":"https:\/\/haberulus.net\/index.php?rest_route=\/wp\/v2\/posts"}],"about":[{"href":"https:\/\/haberulus.net\/index.php?rest_route=\/wp\/v2\/types\/post"}],"author":[{"embeddable":true,"href":"https:\/\/haberulus.net\/index.php?rest_route=\/wp\/v2\/users\/1"}],"replies":[{"embeddable":true,"href":"https:\/\/haberulus.net\/index.php?rest_route=%2Fwp%2Fv2%2Fcomments&post=35408"}],"version-history":[{"count":1,"href":"https:\/\/haberulus.net\/index.php?rest_route=\/wp\/v2\/posts\/35408\/revisions"}],"predecessor-version":[{"id":35410,"href":"https:\/\/haberulus.net\/index.php?rest_route=\/wp\/v2\/posts\/35408\/revisions\/35410"}],"wp:featuredmedia":[{"embeddable":true,"href":"https:\/\/haberulus.net\/index.php?rest_route=\/wp\/v2\/media\/35409"}],"wp:attachment":[{"href":"https:\/\/haberulus.net\/index.php?rest_route=%2Fwp%2Fv2%2Fmedia&parent=35408"}],"wp:term":[{"taxonomy":"category","embeddable":true,"href":"https:\/\/haberulus.net\/index.php?rest_route=%2Fwp%2Fv2%2Fcategories&post=35408"},{"taxonomy":"post_tag","embeddable":true,"href":"https:\/\/haberulus.net\/index.php?rest_route=%2Fwp%2Fv2%2Ftags&post=35408"}],"curies":[{"name":"wp","href":"https:\/\/api.w.org\/{rel}","templated":true}]}}