{"id":35444,"date":"2022-09-02T13:51:09","date_gmt":"2022-09-02T13:51:09","guid":{"rendered":"https:\/\/haberulus.net\/?p=35444"},"modified":"2022-09-02T13:51:09","modified_gmt":"2022-09-02T13:51:09","slug":"av-yasagi-kalkti-tezgahta-fiyatlar-yari-yariya-dustu","status":"publish","type":"post","link":"https:\/\/haberulus.net\/?p=35444","title":{"rendered":"Av yasa\u011f\u0131 kalkt\u0131, tezgahta fiyatlar yar\u0131 yar\u0131ya d\u00fc\u015ft\u00fc"},"content":{"rendered":"<p><b>1 Eyl\u00fcl itibar\u0131yla av yasa\u011f\u0131n\u0131n kalkmas\u0131yla yeni sezon ba\u015flad\u0131. \u0130zmir&#8217;de \u00f6nceki gece\u00a0&#8216;vira bismillah&#8217; diyen bal\u0131k\u00e7\u0131lar\u0131n a\u00e7\u0131lmas\u0131n\u0131n ard\u0131ndan\u00a0bal\u0131k tezgahlar\u0131nda fiyatlar, yar\u0131 yar\u0131ya d\u00fc\u015ft\u00fc.<\/b><\/p>\n<p>Avlanma yasa\u011f\u0131n\u0131n sona ermesiyle Marmara Denizi\u2019nin g\u00fcneyi ve Kuzey Ege\u2019de 1 Eyl\u00fcl\u2019de bal\u0131k\u00e7\u0131lar, a\u011flar\u0131n\u0131 suya b\u0131rakt\u0131. \u0130zmir\u2019in tarihi \u00e7ar\u015f\u0131s\u0131 Kemeralt\u0131\u2019ndaki bal\u0131k tezgahlar\u0131nda bolluk ba\u015flad\u0131. Fiyatlar\u0131n da d\u00fc\u015fmeye ba\u015flamas\u0131yla bal\u0131k sat\u0131\u015flar\u0131 artt\u0131. Havra Soka\u011f\u0131\u2019nda bal\u0131k satan Serkan \u00c7\u00f6mlek, sat\u0131\u015flar\u0131n daha da iyi olmas\u0131n\u0131 beklediklerini belirterek, \u201cEyl\u00fcl 1 itibar\u0131yla yasak kalkt\u0131. Tezgahlar\u0131m\u0131z bal\u0131k dolu. Bereketli ba\u015flad\u0131k. Fiyatlar yar\u0131 yar\u0131ya d\u00fc\u015ft\u00fc. Sardalya 80 ile 100 lira aras\u0131ndayd\u0131 35 liraya d\u00fc\u015ft\u00fc. Palamut sevilen bir bal\u0131\u011f\u0131m\u0131z. Karadeniz\u2019den geldi\u011fi i\u00e7in tanesi 50 liradan sat\u0131\u015fa sunuldu\u201d dedi.<\/p>\n<p><img decoding=\"async\" src=\"https:\/\/i01.sozcucdn.com\/wp-content\/uploads\/2022\/09\/02\/resim1_21183981.jpg\" alt=\"\" title=\"\"><\/p>\n<p><strong>\u2018DEN\u0130Z BALIKLARI \u00c7OK DE\u011eERL\u0130\u2019<\/strong><\/p>\n<p>Fiyatlar\u0131n daha da d\u00fc\u015fmesini beklemediklerini anlatan \u00c7\u00f6mlek, \u201cDeniz bal\u0131klar\u0131 zaten \u00e7ok de\u011ferli. Bug\u00fcn 35 liraya ba\u015fka bir yemek yiyemezsiniz. Sardalya, hamsi bu fiyatlarda sat\u0131l\u0131yor. Mazot fiyat\u0131 ve di\u011fer maliyetler nedeniyle fiyatlar daha da d\u00fc\u015fmez. Sardalya 80-100 liraya kadar \u00e7\u0131kt\u0131 hatta tezgahlara koyamad\u0131k. Karaburun sardalyas\u0131n\u0131 satamad\u0131k ama \u015fimdi 1,5 kilosu 50 lira ve 4-5 ki\u015filik bir aileyi doyurur. Bol bereket bekliyoruz. Vatanda\u015flar\u0131m\u0131za bol bol bal\u0131k yemelerini tavsiye ediyoruz\u201d diye konu\u015ftu.<\/p>\n<p><img decoding=\"async\" src=\"https:\/\/i01.sozcucdn.com\/wp-content\/uploads\/2022\/09\/02\/resim3_21183980-1.jpg\" alt=\"\" title=\"\"><\/p>\n<p><strong>\u2018F\u0130YATLAR DAHA DA D\u00dc\u015eER\u2019<\/strong><\/p>\n<p>\u0130zzettin Yedikarde\u015f de sezonun a\u00e7\u0131lmas\u0131n\u0131n y\u00fczleri g\u00fcld\u00fcrd\u00fc\u011f\u00fcn\u00fc dile getirdi. M\u00fc\u015fterilerin daha ucuz bal\u0131k yemeye ba\u015flayaca\u011f\u0131n\u0131 kaydeden Yedikarde\u015f, \u201cBunlar, bal\u0131k yenilebilecek fiyatlar. Barbun 70 lira, tavuk bal\u0131\u011f\u0131 da 50 ile 70 lira aras\u0131nda seyrediyor. Bize g\u00f6re \u00e7ok ucuz. Yaz aylar\u0131nda k\u0131y\u0131 bal\u0131k\u00e7\u0131l\u0131\u011f\u0131 yap\u0131l\u0131yordu. Az bal\u0131k geldi\u011fi i\u00e7in fiyatlar daha y\u00fcksekti. 15 Eyl\u00fcl\u2019den sonra Akdeniz\u2019de de av yasa\u011f\u0131 kalkacak. Fiyatlar daha da d\u00fc\u015fer\u201d dedi.<\/p>\n<p>Haftada 1 g\u00fcn bal\u0131k yediklerini belirten emekli Ali \u00c7elik ise \u201cAv yasa\u011f\u0131 yeni bitti\u011fi i\u00e7in fiyatlar tam istedi\u011fimiz gibi de\u011fil. 35 lira bile y\u00fcksek geliyor. 15-20 liraya d\u00fc\u015fmesini bekliyoruz. D\u00fc\u015ferse \u00e7ok mutlu oluruz. Bal\u0131k \u00e7ok sa\u011fl\u0131kl\u0131 bir g\u0131da. Herkesin, \u00f6zellikle \u00e7ocuklar\u0131n t\u00fcketmesini \u00f6neririm. Genelde hamsi al\u0131yorum. Tavuk bal\u0131\u011f\u0131, levrek, \u00e7upra da seviyoruz\u201d diye konu\u015ftu. (DHA)<\/p>\n","protected":false},"excerpt":{"rendered":"<p>1 Eyl\u00fcl itibar\u0131yla av yasa\u011f\u0131n\u0131n kalkmas\u0131yla yeni sezon ba\u015flad\u0131. \u0130zmir&#8217;de \u00f6nceki gece\u00a0&#8216;vira bismillah&#8217; diyen bal\u0131k\u00e7\u0131lar\u0131n a\u00e7\u0131lmas\u0131n\u0131n ard\u0131ndan &#8230;<\/p>\n","protected":false},"author":1,"featured_media":35445,"comment_status":"closed","ping_status":"open","sticky":false,"template":"","format":"standard","meta":{"footnotes":""},"categories":[25],"tags":[2214,763,78],"class_list":["post-35444","post","type-post","status-publish","format-standard","has-post-thumbnail","hentry","category-ekonomi","tag-balik","tag-fiyatlar","tag-lira"],"_links":{"self":[{"href":"https:\/\/haberulus.net\/index.php?rest_route=\/wp\/v2\/posts\/35444","targetHints":{"allow":["GET"]}}],"collection":[{"href":"https:\/\/haberulus.net\/index.php?rest_route=\/wp\/v2\/posts"}],"about":[{"href":"https:\/\/haberulus.net\/index.php?rest_route=\/wp\/v2\/types\/post"}],"author":[{"embeddable":true,"href":"https:\/\/haberulus.net\/index.php?rest_route=\/wp\/v2\/users\/1"}],"replies":[{"embeddable":true,"href":"https:\/\/haberulus.net\/index.php?rest_route=%2Fwp%2Fv2%2Fcomments&post=35444"}],"version-history":[{"count":1,"href":"https:\/\/haberulus.net\/index.php?rest_route=\/wp\/v2\/posts\/35444\/revisions"}],"predecessor-version":[{"id":35446,"href":"https:\/\/haberulus.net\/index.php?rest_route=\/wp\/v2\/posts\/35444\/revisions\/35446"}],"wp:featuredmedia":[{"embeddable":true,"href":"https:\/\/haberulus.net\/index.php?rest_route=\/wp\/v2\/media\/35445"}],"wp:attachment":[{"href":"https:\/\/haberulus.net\/index.php?rest_route=%2Fwp%2Fv2%2Fmedia&parent=35444"}],"wp:term":[{"taxonomy":"category","embeddable":true,"href":"https:\/\/haberulus.net\/index.php?rest_route=%2Fwp%2Fv2%2Fcategories&post=35444"},{"taxonomy":"post_tag","embeddable":true,"href":"https:\/\/haberulus.net\/index.php?rest_route=%2Fwp%2Fv2%2Ftags&post=35444"}],"curies":[{"name":"wp","href":"https:\/\/api.w.org\/{rel}","templated":true}]}}