{"id":35562,"date":"2022-09-02T18:51:20","date_gmt":"2022-09-02T18:51:20","guid":{"rendered":"https:\/\/haberulus.net\/?p=35562"},"modified":"2022-09-02T18:51:20","modified_gmt":"2022-09-02T18:51:20","slug":"erdogan-kisi-basina-milli-gelir-9500-dolara-dayandi","status":"publish","type":"post","link":"https:\/\/haberulus.net\/?p=35562","title":{"rendered":"Erdo\u011fan: Ki\u015fi ba\u015f\u0131na milli gelir 9500 dolara dayand\u0131"},"content":{"rendered":"<p><b>\u0130stanbul&#8217;da kat\u0131ld\u0131\u011f\u0131 programda konu\u015fan Cumhurba\u015fkan\u0131 ve AKP Genel Ba\u015fkan\u0131 Erdo\u011fan, &#8220;\u015eu anda ki\u015fi ba\u015f\u0131na milli gelir 9 bin 500 dolara dayand\u0131&#8221; dedi. Erdo\u011fan, se\u00e7im konusunda ise &#8220;Se\u00e7imi kazanacaksak kimseden medet ummadan kendi gayretimizle kazanaca\u011f\u0131z&#8221; \u015feklinde konu\u015ftu.<\/b><\/p>\n<p>Cumhurba\u015fkan\u0131 ve AKP Genel Ba\u015fkan\u0131 Recep Tayyip Erdo\u011fan, \u0130stanbul\u2019da d\u00fczenlenen AKP \u0130l Dan\u0131\u015fma Toplant\u0131s\u0131\u2019nda konu\u015ftu. Konu\u015fmas\u0131nda ekonomi ve se\u00e7im konusunda mesajlar veren Erdo\u011fan, muhalefete de tepki g\u00f6sterdi.<\/p>\n<p><strong>\u201cB\u00d6LGEM\u0130ZDE NE KADAR GER\u0130L\u0130M KONUSU VARSA HEPS\u0130N\u0130 GET\u0130R\u0130P M\u0130LLET\u0130M\u0130ZE DAYATTILAR\u201d<\/strong><\/p>\n<p>Erdo\u011fan, \u015funlar\u0131 s\u00f6yledi:<\/p>\n<p>* \u201cD\u00fcnyada ne kadar sapk\u0131n ideoloji varsa hepsini de getirip gen\u00e7lerimize dayatt\u0131lar. B\u00f6lgemizde ne kadar gerilim, \u00e7at\u0131\u015fma konusu varsa hepsini getirip milletimize dayatt\u0131lar. Herkes hak, \u00f6zg\u00fcrl\u00fck, medeniyet, kalk\u0131nma yoluyla ilerlerken bize b\u00f6l\u00fcnmeyi, k\u00fc\u00e7\u00fclmeyi, geri kalmay\u0131, vesayeti, darbeleri dayatt\u0131lar. T\u00fcrk milletinin bug\u00fcn sahip oldu\u011fu demokrasi standartlar\u0131na biz \u00e7\u0131kard\u0131k.<\/p>\n<p>* Kimi zaman idam sehpalar\u0131nda, kimi zaman vesayetin dehlizlerinde akamete u\u011frat\u0131ld\u0131k. Art\u0131k bu \u00fclkeye vesayetin pen\u00e7esini ge\u00e7irmesi eskisinden \u00e7ok daha zordur. Art\u0131k bu \u00fclkede geri kalm\u0131\u015fl\u0131\u011f\u0131n kader gibi kabullenilmesi eskisinden \u00e7ok daha zordur. Milletimizle birlikte \u00fclkemize Allah\u2019a hamdolsun \u00e7a\u011f atlatt\u0131k. Demokrasi ve kalk\u0131nma devrimleri sayesinde T\u00fcrkiye, \u00fclkesi ve milletiyle d\u00fcnyan\u0131n en \u00fcst ligine y\u00fckseldi. Milletimizle payla\u015ft\u0131\u011f\u0131m\u0131z her vizyon, hedef, program bu amaca y\u00f6neliktir. AK Parti sadece d\u00fcn\u00fcn sadece bug\u00fcn\u00fcn de\u011fil yar\u0131n\u0131n da partisidir.<\/p>\n<p>* \u00dclkemizin bug\u00fcn kar\u015f\u0131 kar\u015f\u0131ya bulundu\u011fu s\u0131k\u0131nt\u0131lar\u0131 \u00e7\u00f6zecek kararl\u0131\u011fa, dirayete yine biz sahibiz. B\u00fcy\u00fck ve g\u00fc\u00e7l\u00fc T\u00fcrkiye\u2019yi ad\u0131m ad\u0131m in\u015fa edecek olan yine biziz. \u0130stanbul 2023 se\u00e7imlerinin de Allah\u2019\u0131n izniyle lokomotifi olacakt\u0131r. Milletle bir olunca, g\u00f6n\u00fcller bulu\u015funca, sevenler kavu\u015funca \u0130stanbul ger\u00e7ekten \u00e7ok g\u00fczel. Orhan Gencebay \u00fcstad\u0131m\u0131za \u015fahs\u0131m, t\u00fcm dava arkada\u015flar\u0131m ad\u0131na \u00e7ok \u00e7ok te\u015fekk\u00fcr ediyorum. Bu g\u00fczelli\u011fi her g\u00fcn daha ileriye ta\u015f\u0131mak i\u00e7in yapt\u0131\u011f\u0131n\u0131z, yapaca\u011f\u0131n\u0131z \u00e7al\u0131\u015fmalarda sizlere ba\u015far\u0131lar diliyorum.<\/p>\n<p><strong>\u201cS\u00dcNN\u0130-ALEV\u0130, T\u00dcRK-K\u00dcRT \u00dcZER\u0130NDEN SENARYOLAR GER\u00c7EKLE\u015eT\u0130RMEYE \u00c7ALI\u015eIYORLAR\u201d<\/strong><\/p>\n<p>* \u0130slam d\u00fcnyas\u0131 ve T\u00fcrkiye olarak merhamet ve ahlak \u00fczerine kurulan medeniyetimizin g\u00fczelli\u011fini nerede kaybetmi\u015fsek orada aray\u0131p, bulacak ve d\u00fczeltece\u011fiz. Irak\u2019\u0131 2 milyon insan\u0131n kan\u0131 \u00fczerinde b\u00f6ld\u00fcler. Suriye\u2019yi bu \u015fekilde 1 milyon insan\u0131n kan\u0131 \u00fczerinde b\u00f6ld\u00fcler, par\u00e7alad\u0131lar, h\u00e2l\u00e2 ayn\u0131 oyunlara devam ediyorlar. Yemen\u2019den Arakam\u2019a, T\u00fcrkistan\u2019dan Balkanlar\u2019a, Filistin\u2019den Afganistan\u2019a ayn\u0131 ama\u00e7la farkl\u0131 g\u00f6r\u00fcn\u00fcml\u00fc oyunlar sergileniyor.<\/p>\n<p>* \u00dclkemizde de S\u00fcnni-Alevi, T\u00fcrk-K\u00fcrt \u00fczerinden benzer senaryolar ger\u00e7ekle\u015ftirmeye \u00e7al\u0131\u015f\u0131yorlar. Biz inan\u00e7, k\u00f6ken, mezhep, me\u015frep farkl\u0131 g\u00f6zetmeksizin herkesin hak ve \u00f6zg\u00fcrl\u00fcklerini garanti alt\u0131na alan demokratik hukuk devleti kurduk. 85 milyon vatanda\u015f\u0131m\u0131z\u0131n her biri birinci s\u0131n\u0131f vatanda\u015ft\u0131r.<\/p>\n<p>* Eksiklerimiz yok mudur, aksakl\u0131klar ya\u015fanm\u0131yor mu? Elbette vard\u0131r. Ama bizim bu eksikleri tamamlama, aksakl\u0131klar\u0131 tamamlama irademiz hepsinden daha g\u00fc\u00e7l\u00fcd\u00fcr. Alevi-Bekta\u015fi y\u00f6nelik karde\u015flerimize tahrikler de eksik olmuyor. Muharrem ay\u0131 vesilesiyle \u00f6nce Ankara\u2019da H\u00fcseyin Gaz\u0131 Vakf\u0131 Dergah\u0131\u2019nda ard\u0131ndan Hac\u0131 Bekta\u015f\u2019ta hazreti h\u00fcnkar\u0131n huzurunda birlik, beraberlik karde\u015flik \u00e7a\u011fr\u0131m\u0131z\u0131 tekrarlad\u0131k.<\/p>\n<p>* Ali gibi yi\u011fit, z\u00fclfikar gibi k\u0131l\u0131\u00e7 olmaz diyorsak, her t\u00fcrl\u00fc farkl\u0131l\u0131\u011f\u0131 bir kenara b\u0131rakarak inan\u00e7lar\u0131m\u0131za, k\u00fclt\u00fcr\u00fcm\u00fcze, de\u011ferlerimize s\u0131k\u0131 s\u0131k\u0131ya sar\u0131lmal\u0131y\u0131z. Alevi-Bekta\u015fi karde\u015flerimizin meselelerini \u00e7o\u011funu biz \u00e7\u00f6zd\u00fck, kalanlar\u0131 da ad\u0131m ad\u0131m \u00e7\u00f6z\u00fcme kavu\u015fturuyoruz.<\/p>\n<p>* Y\u0131llarca siyaset, sanat, ticaret yapan kimi isimlerin ger\u00e7ek y\u00fcz\u00fcn\u00fc ortaya sermelerinden asl\u0131nda memnuniyet duyuyoruz. Allahs\u0131z Alevilik olmaz, Muhammetsiz Alevilik olmaz, Alisiz Alevilik olmaz. Dinsiz, amelsiz sadece sadece sapk\u0131nl\u0131\u011f\u0131n \u00fczerine bina edilmi\u015f Alevilik, M\u00fcsl\u00fcmanl\u0131k, T\u00fcrkl\u00fck, K\u00fcrtl\u00fck hatta insanl\u0131k da olmaz.<\/p>\n<p>* Her kim aksini iddia ediyorsa kim bilir hangi karanl\u0131k mihraktan besleniyordur. Kim bilir hangi yabanc\u0131 istihbarat te\u015fkilat\u0131na \u00e7al\u0131\u015f\u0131yordur. Y\u00fcce yaradana peygamber efendimize, manevi ve milli k\u0131rm\u0131z\u0131 \u00e7izgilerimize tecav\u00fczden herkes aya\u011f\u0131n\u0131 denk almal\u0131d\u0131r. Aksi takdirde bunlar\u0131n hi\u00e7birini milletimiz de, tarih de affetmez, konunun hukuk y\u00f6n\u00fc varsa yarg\u0131 da affetmez.<\/p>\n<p>* \u015eu anda ki\u015fi ba\u015f\u0131na milli gelir 9 bin 500 dolara dayand\u0131. Hani ne oldu? Ne diyorlard\u0131? \u015eu anda rakam bu. Daha da iyi olacak. T\u0131pk\u0131 20 y\u0131ld\u0131r oldu\u011fu gibi 2023 se\u00e7imlerine kadar da \u00f6n\u00fcm\u00fcze getirilecek her oyunu bo\u015fa \u00e7\u0131karmaya, tuza\u011f\u0131 bozmaya kararl\u0131y\u0131z. Se\u00e7im g\u00fcn\u00fcne kadar \u00e7ok \u00e7al\u0131\u015farak AK Parti bayra\u011f\u0131n\u0131 \u0130stanbul bur\u00e7lar\u0131n\u0131n en zirvesine Ulubatl\u0131 Hasan dikmeye haz\u0131r m\u0131y\u0131z?<\/p>\n<p><strong>\u201cYAPILAN PAZARLIKLARIN K\u0130R\u0130 PASI HER YERDEN H\u0130SSED\u0130L\u0130YOR\u201d<\/strong><\/p>\n<p>* Biliyorsunuz yeni y\u00f6netim sistemimizle birlikte genel se\u00e7imler Cumhurba\u015fkanl\u0131\u011f\u0131 ve milletvekilli\u011fi olarak iki ayakl\u0131 hale geldi. Cumhur \u0130ttifak\u0131\u2019n\u0131n Cumhurba\u015fkan\u0131 aday\u0131 \u015fahs\u0131m oldu\u011funu aylar \u00f6ncesi payla\u015ft\u0131k. Di\u011fer ittifak ve partiler herhangi bir Cumhurba\u015fkan\u0131 aday\u0131 telaffuz edemediler. Yap\u0131lan pazarl\u0131klar\u0131n kiri pas\u0131 her yerden hissediliyor, g\u00f6r\u00fcl\u00fcyor. Milletin kar\u015f\u0131s\u0131na \u00e7\u0131kar\u0131lacak aday i\u00e7in bile bunca ayak oyunu, bunca alavere dalavere, bunca kolpa i\u00e7ine girdiler.<\/p>\n<p>* Biz 2023 hedefleri diyoruz, 2053 vizyonu diyoruz, b\u00fcy\u00fck ve g\u00fc\u00e7l\u00fc T\u00fcrkiye\u2019nin in\u015fas\u0131 diyoruz. Bunlar\u0131n her birinin alt\u0131n\u0131 dolduruyoruz. Elimizde as\u0131rl\u0131k eser ve hizmetlerden olu\u015fan 20 y\u0131ll\u0131k m\u00fcktesabat\u0131m\u0131z var. 4 d\u00f6n\u00fcm bostan yan gel yat Osman, deyip bu eser ve hizmet miras\u0131n\u0131 yemekle iktifa edebilirdik. B\u00f6yle bir gaflet ve aymazl\u0131k bize yak\u0131\u015fmaz. Daha da h\u0131zland\u0131r\u0131yoruz. Elbette her g\u00f6n\u00fclde bir aslan yatar. K\u0131l\u0131\u00e7daro\u011flu\u2019nun g\u00f6nl\u00fcndeki aslan kendini ilgilendirir. Toplad\u0131\u011f\u0131 6\u2019l\u0131 masa etraf\u0131nda oturanlar\u0131n her birinin ayr\u0131 ajandaya yaz\u0131l\u0131 hesaplar\u0131 kendilerini ilgilendirir.<\/p>\n<p><strong>\u201cSE\u00c7\u0130M\u0130 KAZANACAKSAK K\u0130MSEDEN MEDET UMMADAN KEND\u0130 GAYRET\u0130M\u0130ZLE KAZANACA\u011eIZ\u201d<\/strong><\/p>\n<p>* Masa alt\u0131ndaki PKK g\u00fcd\u00fcml\u00fc hesab\u0131 kendini ilgilendirir. Ellerini o\u011fu\u015fturan 8. ortak FET\u00d6\u2019n\u00fcn hesab\u0131 kendilerini ilgilendirir. Biz bunlar\u0131n hepsini takip ediyoruz ama hi\u00e7birini kaale alm\u0131yoruz. AK Parti milletin kurup, iktidara getirdi\u011fi bunca eser ve hizmetin \u00fcretilmesine f\u0131rsat verdi\u011fi partidir. Kar\u015f\u0131m\u0131zda kimin oldu\u011fu, \u00f6n\u00fcm\u00fcze hangi engelin konuldu\u011fu \u00f6nemli de\u011fil. 2023 y\u0131l\u0131nda se\u00e7imi kazanmakta kararl\u0131 m\u0131y\u0131z? Kazanacaksak kimseden medet ummadan kendi gayretimizle kazanaca\u011f\u0131z. \u015euna inanaca\u011f\u0131z; b\u00fct\u00fcn tuzaklar\u0131n \u00fczerinde bir tuzak vard\u0131r, o da Rabbimizin tuza\u011f\u0131d\u0131r\u2026<\/p>\n<p>* \u0130stanbul\u2019un toplamda 98 milletvekili vard\u0131. Gen\u00e7ler \u0130stanbul\u2019un 98 milletvekili vard\u0131. AK Parti olarak biz bunun 43\u2019\u00fcn\u00fc ald\u0131, CHP 28\u2019ini ald\u0131. MHP 7\u2019sini ald\u0131, HDP 12\u2019sini ald\u0131. \u015eimdi bize bu rakam yetmez. Allah\u2019\u0131n izniyle sand\u0131klar\u0131 \u00f6yle bir patlatal\u0131m ki, in\u015fallah \u0130stanbul\u2019da yar\u0131dan fazlas\u0131n\u0131 biz almakta kararl\u0131 m\u0131y\u0131z?\u201d<\/p>\n","protected":false},"excerpt":{"rendered":"<p>\u0130stanbul&#8217;da kat\u0131ld\u0131\u011f\u0131 programda konu\u015fan Cumhurba\u015fkan\u0131 ve AKP Genel Ba\u015fkan\u0131 Erdo\u011fan, &#8220;\u015eu anda ki\u015fi ba\u015f\u0131na milli gelir 9 bin 500 dolara dayand\u0131 &#8230;<\/p>\n","protected":false},"author":1,"featured_media":35563,"comment_status":"closed","ping_status":"open","sticky":false,"template":"","format":"standard","meta":{"footnotes":""},"categories":[26],"tags":[96,1821,442,320,87],"class_list":["post-35562","post","type-post","status-publish","format-standard","has-post-thumbnail","hentry","category-gundem","tag-istanbul","tag-kim","tag-parti","tag-secim","tag-turk"],"_links":{"self":[{"href":"https:\/\/haberulus.net\/index.php?rest_route=\/wp\/v2\/posts\/35562","targetHints":{"allow":["GET"]}}],"collection":[{"href":"https:\/\/haberulus.net\/index.php?rest_route=\/wp\/v2\/posts"}],"about":[{"href":"https:\/\/haberulus.net\/index.php?rest_route=\/wp\/v2\/types\/post"}],"author":[{"embeddable":true,"href":"https:\/\/haberulus.net\/index.php?rest_route=\/wp\/v2\/users\/1"}],"replies":[{"embeddable":true,"href":"https:\/\/haberulus.net\/index.php?rest_route=%2Fwp%2Fv2%2Fcomments&post=35562"}],"version-history":[{"count":1,"href":"https:\/\/haberulus.net\/index.php?rest_route=\/wp\/v2\/posts\/35562\/revisions"}],"predecessor-version":[{"id":35564,"href":"https:\/\/haberulus.net\/index.php?rest_route=\/wp\/v2\/posts\/35562\/revisions\/35564"}],"wp:featuredmedia":[{"embeddable":true,"href":"https:\/\/haberulus.net\/index.php?rest_route=\/wp\/v2\/media\/35563"}],"wp:attachment":[{"href":"https:\/\/haberulus.net\/index.php?rest_route=%2Fwp%2Fv2%2Fmedia&parent=35562"}],"wp:term":[{"taxonomy":"category","embeddable":true,"href":"https:\/\/haberulus.net\/index.php?rest_route=%2Fwp%2Fv2%2Fcategories&post=35562"},{"taxonomy":"post_tag","embeddable":true,"href":"https:\/\/haberulus.net\/index.php?rest_route=%2Fwp%2Fv2%2Ftags&post=35562"}],"curies":[{"name":"wp","href":"https:\/\/api.w.org\/{rel}","templated":true}]}}