{"id":36056,"date":"2022-09-03T15:06:17","date_gmt":"2022-09-03T15:06:17","guid":{"rendered":"https:\/\/haberulus.net\/?p=36056"},"modified":"2022-09-03T15:06:17","modified_gmt":"2022-09-03T15:06:17","slug":"avrupa-motokros-sampiyonasinda-zafer-jose-butronun-oldu","status":"publish","type":"post","link":"https:\/\/haberulus.net\/?p=36056","title":{"rendered":"Avrupa Motokros \u015eampiyonas\u0131\u2019nda zafer Jose Butron\u2019un oldu"},"content":{"rendered":"<p><b>D\u00fcnya Motokros \u015eampiyonas\u0131n\u0131n Afyonkarahisarda d\u00fczenlenen son etab\u0131 olan Bitci MXGP T\u00fcrkiye kapsam\u0131nda ger\u00e7ekle\u015ftirilen Avrupa Motokros \u015eampiyonas\u0131n\u0131n ilk yar\u0131\u015f\u0131n\u0131 1inci s\u0131rada tamamlayan KTM s\u00fcr\u00fcc\u00fcs\u00fc Jose Butron, \u015fampiyon oldu.<\/b><\/p>\n<p>D\u00fcnya Motokros \u015eampiyonas\u0131\u2019n\u0131n Afyonkarahisar\u2019da ger\u00e7ekle\u015ftirilen son etab\u0131 olan MXGP T\u00fcrkiye\u2019de yar\u0131\u015f heyecan\u0131 bug\u00fcn ba\u015flad\u0131. 4 kategoride ilk olarak yap\u0131lan serbest antrenmanlar\u0131n ard\u0131ndan s\u0131ralama antrenmanlar\u0131 ger\u00e7ekle\u015ftirildi. G\u00fcn\u00fcn ilk yar\u0131\u015f\u0131 olan Avrupa Motokros \u015eampiyonas\u0131\u2019nda ise KTM\u2019nin \u0130spanyol s\u00fcr\u00fcc\u00fcs\u00fc Jose Butron, 30:13.649\u2019luk derecesiyle damal\u0131 bayra\u011f\u0131 ilk s\u0131rada ge\u00e7erek \u015fampiyonlu\u011funu ilan etti.<\/p>\n<p>Afyonkarahisar\u2019da ger\u00e7ekle\u015ftirilen yar\u0131\u015f \u00f6ncesinde 26 puan farkla lider olan Butron, en yak\u0131n rakibi Tomas Kohut ile aras\u0131ndaki puan fark\u0131n\u0131 29\u2019a \u00e7\u0131kartarak yar\u0131n ger\u00e7ekle\u015ftirilecek son yar\u0131\u015f \u00f6ncesinde \u015fampiyonlu\u011funu ilan etti. Afyonkarahisar\u2019da ger\u00e7ekle\u015ftirilen ilk yar\u0131\u015f\u0131, genel klasmanda 2\u2019nci s\u0131rada yer alan Tomas Kohut 2\u2019nci basamakta, Simon Jost ise 3\u00fcnc\u00fc basamakta tamamlad\u0131.<\/p>\n<p><b>AVRUPA MOTOKROS \u015eAMP\u0130YONASINDA 12 T\u00dcRK YARI\u015eTI<\/b><\/p>\n<p>Avrupa Motokros \u015eampiyonas\u0131n\u0131n Afyonkarahisar\u2019daki etab\u0131 olan MXGP T\u00fcrkiye\u2019de ilk yar\u0131\u015fa 12 T\u00fcrk sporcu kat\u0131ld\u0131. T\u00fcrk sporcular aras\u0131nda en iyi dereceyi yar\u0131\u015f\u0131 9\u2019uncu s\u0131rada tamamlayan Mustafa \u00c7etin elde etti. \u00c7etin\u2019i 11\u2019inci olan Batuhan Demiryol, 12nci olan \u015eakir \u015eenkalayc\u0131 takip etti.<\/p>\n","protected":false},"excerpt":{"rendered":"<p>D\u00fcnya Motokros \u015eampiyonas\u0131n\u0131n Afyonkarahisarda d\u00fczenlenen son etab\u0131 olan Bitci MXGP T\u00fcrkiye kapsam\u0131nda ger\u00e7ekle\u015ftirilen Avrupa Motokros &#8230;<\/p>\n","protected":false},"author":1,"featured_media":36057,"comment_status":"closed","ping_status":"open","sticky":false,"template":"","format":"standard","meta":{"footnotes":""},"categories":[31],"tags":[7207,193,87,411],"class_list":["post-36056","post","type-post","status-publish","format-standard","has-post-thumbnail","hentry","category-spor","tag-motokros","tag-sampiyon","tag-turk","tag-yaris"],"_links":{"self":[{"href":"https:\/\/haberulus.net\/index.php?rest_route=\/wp\/v2\/posts\/36056","targetHints":{"allow":["GET"]}}],"collection":[{"href":"https:\/\/haberulus.net\/index.php?rest_route=\/wp\/v2\/posts"}],"about":[{"href":"https:\/\/haberulus.net\/index.php?rest_route=\/wp\/v2\/types\/post"}],"author":[{"embeddable":true,"href":"https:\/\/haberulus.net\/index.php?rest_route=\/wp\/v2\/users\/1"}],"replies":[{"embeddable":true,"href":"https:\/\/haberulus.net\/index.php?rest_route=%2Fwp%2Fv2%2Fcomments&post=36056"}],"version-history":[{"count":1,"href":"https:\/\/haberulus.net\/index.php?rest_route=\/wp\/v2\/posts\/36056\/revisions"}],"predecessor-version":[{"id":36058,"href":"https:\/\/haberulus.net\/index.php?rest_route=\/wp\/v2\/posts\/36056\/revisions\/36058"}],"wp:featuredmedia":[{"embeddable":true,"href":"https:\/\/haberulus.net\/index.php?rest_route=\/wp\/v2\/media\/36057"}],"wp:attachment":[{"href":"https:\/\/haberulus.net\/index.php?rest_route=%2Fwp%2Fv2%2Fmedia&parent=36056"}],"wp:term":[{"taxonomy":"category","embeddable":true,"href":"https:\/\/haberulus.net\/index.php?rest_route=%2Fwp%2Fv2%2Fcategories&post=36056"},{"taxonomy":"post_tag","embeddable":true,"href":"https:\/\/haberulus.net\/index.php?rest_route=%2Fwp%2Fv2%2Ftags&post=36056"}],"curies":[{"name":"wp","href":"https:\/\/api.w.org\/{rel}","templated":true}]}}