{"id":36059,"date":"2022-09-03T15:06:21","date_gmt":"2022-09-03T15:06:21","guid":{"rendered":"https:\/\/haberulus.net\/?p=36059"},"modified":"2022-09-03T15:06:21","modified_gmt":"2022-09-03T15:06:21","slug":"670-tarihi-elmali-yagli-gureslerinde-2-gun-musabakalari-sona-erdi","status":"publish","type":"post","link":"https:\/\/haberulus.net\/?p=36059","title":{"rendered":"670. Tarihi Elmal\u0131 Ya\u011fl\u0131 G\u00fcre\u015fleri\u2019nde 2. g\u00fcn m\u00fcsabakalar\u0131 sona erdi"},"content":{"rendered":"<p><b>Antalya&#8217;n\u0131n Elmal\u0131 il\u00e7esinde d\u00fczenlenen 670. Tarihi Elmal\u0131 Ya\u011fl\u0131 G\u00fcre\u015fleri&#8217;nde ikinci g\u00fcn m\u00fcsabakalar\u0131 tamamland\u0131.<\/b><\/p>\n<p>\u201cT\u00fcrk\u2019\u00fcn ilk er meydan\u0131\u201d olarak adland\u0131r\u0131lan ve K\u0131rkp\u0131nar\u2019dan daha eski olan Tarihi Elmal\u0131 Ya\u011fl\u0131 G\u00fcre\u015fleri, 15 bin ki\u015filik Recep G\u00fcrb\u00fcz Stad\u0131\u2019nda ger\u00e7ekle\u015ftiriliyor.<\/p>\n<p>Naml\u0131 pehlivanlar\u0131n 1352\u2019den beri kispet giydi\u011fi g\u00fcre\u015flerin ikinci g\u00fcn\u00fcnde 72 ba\u015fpehlivan er meydan\u0131na \u00e7\u0131kt\u0131.<\/p>\n<p>G\u00fcn\u00fcn ilk 2 tur g\u00fcre\u015flerinin ard\u0131ndan 18 ba\u015fpehlivan \u00fc\u00e7\u00fcnc\u00fc tura y\u00fckseldi. \u00dc\u00e7\u00fcnc\u00fc turda yap\u0131lan kura \u00e7ekimi sonucunda 14 ba\u015fpehlivan bu turu bay ge\u00e7erek 4. tura y\u00fckseldi. Bu turda ba\u015fpehlivanlar \u0130smail Balaban ile Mustafa Batu, S\u00fcleyman Ayk\u0131r\u0131 ile \u00d6zkan Y\u0131lmaz kar\u015f\u0131 kar\u015f\u0131ya geldi.<\/p>\n<p><img decoding=\"async\" src=\"https:\/\/i01.sozcucdn.com\/wp-content\/uploads\/2022\/09\/03\/aa-20220903-28803257-28803252-670_tarihi_elmali_yagli_gureslerinde_heyecan_devam_ediyor.jpg\" alt=\"\" title=\"\"><\/p>\n<p>Rakiplerini yenen \u0130smail Balaban ve \u00d6zkan Y\u0131lmaz 4. turda m\u00fccadele etmeye hak kazand\u0131.<\/p>\n<p>Balaban ve Y\u0131lmaz\u2019\u0131n yan\u0131 s\u0131ra Fatih Atl\u0131, Cengizhan \u015eim\u015fek, Mustafa Ta\u015f, Recep Kara, Tanju Gemici, Orhan Okulu, Menderes Salt\u0131k, Mustafa Do\u011fan \u00d6zkaya, H\u00fcseyin G\u00fcm\u00fc\u015falan, Salih Dorum, \u0130smail Ko\u00e7, Ali G\u00fcrb\u00fcz, \u0130smail Erkal ve Yusuf Can Zeybek yar\u0131n ba\u015fpehlivanl\u0131k i\u00e7in m\u00fccadele edecek.<\/p>\n<p>Yakla\u015f\u0131k 2 bin sporcunun kat\u0131ld\u0131\u011f\u0131 g\u00fcre\u015fler, yar\u0131n yap\u0131lacak ba\u015fpehlivanl\u0131k final m\u00fcsabakas\u0131yla sona erecek. (AA)<\/p>\n","protected":false},"excerpt":{"rendered":"<p>Antalya&#8217;n\u0131n Elmal\u0131 il\u00e7esinde d\u00fczenlenen 670. Tarihi Elmal\u0131 Ya\u011fl\u0131 G\u00fcre\u015fleri&#8217;nde ikinci g\u00fcn m\u00fcsabakalar\u0131 tamamland\u0131. \u201cT\u00fcrk\u2019\u00fcn ilk er meydan\u0131 &#8230;<\/p>\n","protected":false},"author":1,"featured_media":36060,"comment_status":"closed","ping_status":"open","sticky":false,"template":"","format":"standard","meta":{"footnotes":""},"categories":[31],"tags":[304,748],"class_list":["post-36059","post","type-post","status-publish","format-standard","has-post-thumbnail","hentry","category-spor","tag-baspehlivan","tag-tur"],"_links":{"self":[{"href":"https:\/\/haberulus.net\/index.php?rest_route=\/wp\/v2\/posts\/36059","targetHints":{"allow":["GET"]}}],"collection":[{"href":"https:\/\/haberulus.net\/index.php?rest_route=\/wp\/v2\/posts"}],"about":[{"href":"https:\/\/haberulus.net\/index.php?rest_route=\/wp\/v2\/types\/post"}],"author":[{"embeddable":true,"href":"https:\/\/haberulus.net\/index.php?rest_route=\/wp\/v2\/users\/1"}],"replies":[{"embeddable":true,"href":"https:\/\/haberulus.net\/index.php?rest_route=%2Fwp%2Fv2%2Fcomments&post=36059"}],"version-history":[{"count":1,"href":"https:\/\/haberulus.net\/index.php?rest_route=\/wp\/v2\/posts\/36059\/revisions"}],"predecessor-version":[{"id":36061,"href":"https:\/\/haberulus.net\/index.php?rest_route=\/wp\/v2\/posts\/36059\/revisions\/36061"}],"wp:featuredmedia":[{"embeddable":true,"href":"https:\/\/haberulus.net\/index.php?rest_route=\/wp\/v2\/media\/36060"}],"wp:attachment":[{"href":"https:\/\/haberulus.net\/index.php?rest_route=%2Fwp%2Fv2%2Fmedia&parent=36059"}],"wp:term":[{"taxonomy":"category","embeddable":true,"href":"https:\/\/haberulus.net\/index.php?rest_route=%2Fwp%2Fv2%2Fcategories&post=36059"},{"taxonomy":"post_tag","embeddable":true,"href":"https:\/\/haberulus.net\/index.php?rest_route=%2Fwp%2Fv2%2Ftags&post=36059"}],"curies":[{"name":"wp","href":"https:\/\/api.w.org\/{rel}","templated":true}]}}