{"id":36584,"date":"2022-09-04T22:21:03","date_gmt":"2022-09-04T22:21:03","guid":{"rendered":"https:\/\/haberulus.net\/?p=36584"},"modified":"2022-09-04T22:21:03","modified_gmt":"2022-09-04T22:21:03","slug":"aksener-iyi-partili-vekilin-kizina-nikah-sahitligi-yapti","status":"publish","type":"post","link":"https:\/\/haberulus.net\/?p=36584","title":{"rendered":"Ak\u015fener, \u0130Y\u0130 Partili vekilin k\u0131z\u0131na nikah \u015fahitli\u011fi yapt\u0131"},"content":{"rendered":"<p><b>\u0130Y\u0130 Parti Genel Ba\u015fkan\u0131 Meral Ak\u015fener, \u0130Y\u0130 Parti Samsun Milletvekili Bedri Ya\u015far&#8217;\u0131n k\u0131z\u0131 Esra Ya\u015far ile Fuat \u00d6zdil&#8217;in d\u00fc\u011f\u00fcn\u00fcnde nikah \u015fahitli\u011fi yapt\u0131.<\/b><\/p>\n<p>\u0130Y\u0130 Parti lideri Ak\u015fener\u2019e \u0130Y\u0130 Parti Genel Sekreteri U\u011fur Poyraz, Ankara milletvekili Koray Ayd\u0131n ve \u0130zmir milletvekili M\u00fcsavat Dervi\u015fo\u011flu da e\u015flik etti.<\/p>\n<p><img decoding=\"async\" src=\"https:\/\/cdn.sozcuhaberajansi.com\/image\/026e7b00-10cd-4bc7-9aba-99a7f4cca5c9.JPG\"\/><\/p>\n<p>Sosyal medyadan payla\u015f\u0131mda bulunan Ak\u015fener, \u201cBug\u00fcn de\u011ferli dava arkada\u015f\u0131m, Samsun Milletvekilimiz Say\u0131n Bedri Ya\u015far\u2019\u0131n k\u0131ymetli k\u0131z\u0131n\u0131n nikah t\u00f6renindeydik. Esra k\u0131z\u0131m\u0131za ve Fuat o\u011flumuza bir \u00f6m\u00fcr boyu mutluluklar diliyorum. Allah yuvalar\u0131nda huzuru daim etsin in\u015fallah\u201d ifadelerine yer verdi.<\/p>\n<p><img decoding=\"async\" src=\"https:\/\/cdn.sozcuhaberajansi.com\/image\/52491e92-c4e8-4271-9dff-1fa4196d8027.JPG\"\/><\/p>\n<p>Koray Ayd\u0131n ise, \u201cSamsun Milletvekilimiz Bedri Ya\u015far Beyin g\u00fczel k\u0131z\u0131 Esra ile \u00d6zdil ailesinin yak\u0131\u015f\u0131kl\u0131 o\u011flu Fuat\u2019\u0131n d\u00fc\u011f\u00fcnlerine kat\u0131ld\u0131k. Y\u00fcce Allah, evlatlar\u0131m\u0131z\u0131 kurduklar\u0131 yuvada bir \u00f6m\u00fcr boyu mesut ve bahtiyar etsin. Hanelerinden sevgiyi, huzuru ve mutlulu\u011fu eksik etmesin\u201d diye konu\u015ftu.<\/p>\n","protected":false},"excerpt":{"rendered":"<p>\u0130Y\u0130 Parti Genel Ba\u015fkan\u0131 Meral Ak\u015fener, \u0130Y\u0130 Parti Samsun Milletvekili Bedri Ya\u015far&#8217;\u0131n k\u0131z\u0131 Esra Ya\u015far ile Fuat \u00d6zdil&#8217;in d\u00fc\u011f\u00fcn\u00fcnde nikah \u015fahitli\u011fi &#8230;<\/p>\n","protected":false},"author":1,"featured_media":36585,"comment_status":"closed","ping_status":"open","sticky":false,"template":"","format":"standard","meta":{"footnotes":""},"categories":[26],"tags":[1486],"class_list":["post-36584","post","type-post","status-publish","format-standard","has-post-thumbnail","hentry","category-gundem","tag-milletvekili"],"_links":{"self":[{"href":"https:\/\/haberulus.net\/index.php?rest_route=\/wp\/v2\/posts\/36584","targetHints":{"allow":["GET"]}}],"collection":[{"href":"https:\/\/haberulus.net\/index.php?rest_route=\/wp\/v2\/posts"}],"about":[{"href":"https:\/\/haberulus.net\/index.php?rest_route=\/wp\/v2\/types\/post"}],"author":[{"embeddable":true,"href":"https:\/\/haberulus.net\/index.php?rest_route=\/wp\/v2\/users\/1"}],"replies":[{"embeddable":true,"href":"https:\/\/haberulus.net\/index.php?rest_route=%2Fwp%2Fv2%2Fcomments&post=36584"}],"version-history":[{"count":1,"href":"https:\/\/haberulus.net\/index.php?rest_route=\/wp\/v2\/posts\/36584\/revisions"}],"predecessor-version":[{"id":36586,"href":"https:\/\/haberulus.net\/index.php?rest_route=\/wp\/v2\/posts\/36584\/revisions\/36586"}],"wp:featuredmedia":[{"embeddable":true,"href":"https:\/\/haberulus.net\/index.php?rest_route=\/wp\/v2\/media\/36585"}],"wp:attachment":[{"href":"https:\/\/haberulus.net\/index.php?rest_route=%2Fwp%2Fv2%2Fmedia&parent=36584"}],"wp:term":[{"taxonomy":"category","embeddable":true,"href":"https:\/\/haberulus.net\/index.php?rest_route=%2Fwp%2Fv2%2Fcategories&post=36584"},{"taxonomy":"post_tag","embeddable":true,"href":"https:\/\/haberulus.net\/index.php?rest_route=%2Fwp%2Fv2%2Ftags&post=36584"}],"curies":[{"name":"wp","href":"https:\/\/api.w.org\/{rel}","templated":true}]}}