{"id":37115,"date":"2022-09-06T04:51:03","date_gmt":"2022-09-06T04:51:03","guid":{"rendered":"https:\/\/haberulus.net\/?p=37115"},"modified":"2022-09-06T04:51:03","modified_gmt":"2022-09-06T04:51:03","slug":"4-yildizli-otelde-korkutan-yangin","status":"publish","type":"post","link":"https:\/\/haberulus.net\/?p=37115","title":{"rendered":"4 y\u0131ld\u0131zl\u0131 otelde korkutan yang\u0131n"},"content":{"rendered":"<p><b>Bursa&#8217;da, 4 y\u0131ld\u0131zl\u0131 otelin \u00e7at\u0131s\u0131nda yang\u0131n \u00e7\u0131kt\u0131. Otel h\u0131zla tahliye edilirken, yang\u0131n itfaiye ekiplerince s\u00f6nd\u00fcr\u00fcld\u00fc.<\/b><\/p>\n<p>Yang\u0131n, saat 04.30 s\u0131ralar\u0131nda merkez Nil\u00fcfer il\u00e7esi, Konak Mahallesi\u2019nde meydana geldi. Lefko\u015fa Caddesi\u2019nde bulunan 4 y\u0131ld\u0131zl\u0131 otelin \u00e7at\u0131s\u0131nda, hen\u00fcz belirlenemeyen nedenle yang\u0131n \u00e7\u0131kt\u0131.<\/p>\n<p><img decoding=\"async\" src=\"https:\/\/i01.sozcucdn.com\/wp-content\/uploads\/2022\/09\/06\/3-1.jpg\" alt=\"\" title=\"\"><\/p>\n<p>6 katl\u0131 otelin \u00e7at\u0131 k\u0131sm\u0131nda k\u0131sa s\u00fcrede b\u00fcy\u00fcyen alevlerin ard\u0131ndan tatilciler h\u0131zla d\u0131\u015far\u0131 \u00e7\u0131kar\u0131ld\u0131. Bir\u00e7ok tatilci valizlerini alarak otelden uzakla\u015ft\u0131. \u0130hbar \u00fczerine b\u00f6lgeye \u00e7ok say\u0131da polis, itfaiye ve sa\u011fl\u0131k ekibi sevk edildi. Polis ekipleri \u00e7evrede geni\u015f g\u00fcvenlik \u00f6nlemi al\u0131rken, itfaiye ekipleri yang\u0131n\u0131 kontrol alt\u0131na almak i\u00e7in yo\u011fun \u00e7aba sarf etti.<\/p>\n<p>Alevler itfaiye ekiplerince k\u0131sa s\u00f6nd\u00fcr\u00fcld\u00fc. Olayda can kayb\u0131 ya\u015fanmazken, otelin \u00e7at\u0131s\u0131nda maddi hasar meydana geldi. Olayla ilgili soru\u015fturma ba\u015flat\u0131ld\u0131.(DHA)<\/p>\n","protected":false},"excerpt":{"rendered":"<p>Bursa&#8217;da, 4 y\u0131ld\u0131zl\u0131 otelin \u00e7at\u0131s\u0131nda yang\u0131n \u00e7\u0131kt\u0131. Otel h\u0131zla tahliye edilirken, yang\u0131n itfaiye ekiplerince s\u00f6nd\u00fcr\u00fcld\u00fc. Yang\u0131n, saat 04.30 &#8230;<\/p>\n","protected":false},"author":1,"featured_media":37116,"comment_status":"closed","ping_status":"open","sticky":false,"template":"","format":"standard","meta":{"footnotes":""},"categories":[26],"tags":[211,518],"class_list":["post-37115","post","type-post","status-publish","format-standard","has-post-thumbnail","hentry","category-gundem","tag-otel","tag-yangin"],"_links":{"self":[{"href":"https:\/\/haberulus.net\/index.php?rest_route=\/wp\/v2\/posts\/37115","targetHints":{"allow":["GET"]}}],"collection":[{"href":"https:\/\/haberulus.net\/index.php?rest_route=\/wp\/v2\/posts"}],"about":[{"href":"https:\/\/haberulus.net\/index.php?rest_route=\/wp\/v2\/types\/post"}],"author":[{"embeddable":true,"href":"https:\/\/haberulus.net\/index.php?rest_route=\/wp\/v2\/users\/1"}],"replies":[{"embeddable":true,"href":"https:\/\/haberulus.net\/index.php?rest_route=%2Fwp%2Fv2%2Fcomments&post=37115"}],"version-history":[{"count":1,"href":"https:\/\/haberulus.net\/index.php?rest_route=\/wp\/v2\/posts\/37115\/revisions"}],"predecessor-version":[{"id":37117,"href":"https:\/\/haberulus.net\/index.php?rest_route=\/wp\/v2\/posts\/37115\/revisions\/37117"}],"wp:featuredmedia":[{"embeddable":true,"href":"https:\/\/haberulus.net\/index.php?rest_route=\/wp\/v2\/media\/37116"}],"wp:attachment":[{"href":"https:\/\/haberulus.net\/index.php?rest_route=%2Fwp%2Fv2%2Fmedia&parent=37115"}],"wp:term":[{"taxonomy":"category","embeddable":true,"href":"https:\/\/haberulus.net\/index.php?rest_route=%2Fwp%2Fv2%2Fcategories&post=37115"},{"taxonomy":"post_tag","embeddable":true,"href":"https:\/\/haberulus.net\/index.php?rest_route=%2Fwp%2Fv2%2Ftags&post=37115"}],"curies":[{"name":"wp","href":"https:\/\/api.w.org\/{rel}","templated":true}]}}