{"id":37247,"date":"2022-09-06T09:06:06","date_gmt":"2022-09-06T09:06:06","guid":{"rendered":"https:\/\/haberulus.net\/?p=37247"},"modified":"2022-09-06T09:06:06","modified_gmt":"2022-09-06T09:06:06","slug":"isvicrede-enerji-kitligi-yasanirsa-tasarruf-tedbirlerine-uymayanlar-hapse-girecek","status":"publish","type":"post","link":"https:\/\/haberulus.net\/?p=37247","title":{"rendered":"\u0130svi\u00e7re\u2019de enerji k\u0131tl\u0131\u011f\u0131 ya\u015fan\u0131rsa tasarruf tedbirlerine uymayanlar hapse girecek"},"content":{"rendered":"<p><b>\u0130svi\u00e7re&#8217;de enerji s\u0131k\u0131nt\u0131s\u0131n\u0131n acil duruma gelmesi halinde h\u00fck\u00fcmetin \u00f6ng\u00f6rd\u00fc\u011f\u00fc tasarruf tedbirlerine uymayanlar\u0131n 3 y\u0131la kadar hapis cezas\u0131 veya para cezas\u0131yla cezaland\u0131r\u0131labilece\u011fi belirtildi.<\/b><\/p>\n<div>\n<div>\n<p>Enerji krizi tart\u0131\u015fmalar\u0131n\u0131n g\u00fcndemden d\u00fc\u015fmedi\u011fi \u0130svi\u00e7re\u2019de, k\u0131\u015f mevsiminde enerji sorununun acil durum seviyesine gelmesi halinde tasarruf tedbirlerini uygulamayanlar\u0131n hapis cezas\u0131na \u00e7arpt\u0131r\u0131laca\u011f\u0131 bildirildi.<\/p>\n<p>Blick gazetesinde yer alan haberde, k\u0131\u015f mevsiminde yeterli miktarda do\u011fal gaz bulunmamas\u0131 durumunda do\u011fal gaz ile \u0131s\u0131t\u0131lan evlerde odalar\u0131n \u0131s\u0131 seviyesinin 19 derece, s\u0131cak su seviyesinin ise 60 dereceyle s\u0131n\u0131rland\u0131r\u0131laca\u011f\u0131 kaydedildi. Bu durumda elektrikli sobalar\u0131n da kullan\u0131m\u0131n\u0131n yasaklanaca\u011f\u0131, evlerdeki sauna ve y\u00fczme havuzlar\u0131n\u0131n so\u011fuk tutulaca\u011f\u0131 belirtildi.<\/p>\n<p>Enerji s\u0131k\u0131nt\u0131s\u0131n\u0131n acil duruma gelmesi halinde h\u00fck\u00fcmetin \u00f6ng\u00f6rd\u00fc\u011f\u00fc tasarruf tedbirlerine uymayanlar\u0131n 3 y\u0131la kadar hapis cezas\u0131 veya para cezas\u0131yla cezaland\u0131r\u0131labilece\u011fi vurguland\u0131.<\/p>\n<p>Konuya ili\u015fkin bas\u0131na konu\u015fan \u0130svi\u00e7re\u2019nin eski Konfederasyon Ba\u015fkan\u0131 ve mevcut Ekonomi Bakan\u0131 Guy Parmelin, tasarruf tedbirlerinin polis taraf\u0131ndan denetlenmesi ihtimali hakk\u0131nda, \u201cBiz polis devleti de\u011filiz. Tedbirlerin kontrol\u00fc i\u00e7in polis her eve girmeyecek fakat se\u00e7ilen baz\u0131 noktalar tefti\u015f edilecek\u201d ifadelerini kulland\u0131.<\/p>\n<p><strong>CERN\u2019\u0130N \u00c7ALI\u015eMALARI DA DURAB\u0130L\u0130R<\/strong><\/p>\n<p>\u00d6te yandan \u0130svi\u00e7re\u2019deki enerji krizinin, \u00fclkede faaliyet g\u00f6steren Avrupa N\u00fckleer Ara\u015ft\u0131rma Merkezi\u2019ndeki (CERN) deneylerin durmas\u0131na yol a\u00e7abilece\u011fi belirtildi.<\/p>\n<p>Wall Street Journal gazetesine konu\u015fan CERN\u2019in enerji y\u00f6netimi sorumlusu Serge Claudet, \u00fclkede elektrik s\u0131k\u0131nt\u0131s\u0131n\u0131n krize evirilmesi halinde, merkezdeki mevcut deney faaliyetlerinin bir s\u00fcreli\u011fine durdurulmas\u0131na dair plan tasla\u011f\u0131 haz\u0131rlad\u0131klar\u0131n\u0131 a\u00e7\u0131klad\u0131. Claudet, \u201cSistemin istikrar\u0131 en b\u00fcy\u00fck endi\u015femizdir. Bu konuda ataca\u011f\u0131m\u0131z ad\u0131mlar, kendi b\u00f6lgemizde elektrik kesintilerini \u00f6nleyebilir\u201d dedi.<\/p>\n<p>\u0130svi\u00e7re\u2019nin Cenevre kentinin Fransa s\u0131n\u0131r\u0131 yak\u0131nlar\u0131nda yer alan CERN, deney \u00e7al\u0131\u015fmalar\u0131n\u0131n yo\u011funla\u015ft\u0131\u011f\u0131 s\u0131rada 200 megavat elektrik t\u00fcketiyor.<\/p>\n<p>Do\u011fadaki d\u00f6rt temel kuvvetin d\u0131\u015f\u0131nda yeni bir kuvvet arama \u00e7al\u0131\u015fmalar\u0131n\u0131 s\u00fcrd\u00fcrmek i\u00e7in in\u015fa edilen B\u00fcy\u00fck Hadron \u00c7arp\u0131\u015ft\u0131r\u0131c\u0131s\u0131 (LHC) da CERN\u2019de \u00e7al\u0131\u015ft\u0131r\u0131l\u0131yor. <strong>(AA)<\/strong><\/p>\n<\/div>\n<\/div>\n","protected":false},"excerpt":{"rendered":"<p>\u0130svi\u00e7re&#8217;de enerji s\u0131k\u0131nt\u0131s\u0131n\u0131n acil duruma gelmesi halinde h\u00fck\u00fcmetin \u00f6ng\u00f6rd\u00fc\u011f\u00fc tasarruf tedbirlerine uymayanlar\u0131n 3 y\u0131la kadar hapis cezas\u0131 veya &#8230;<\/p>\n","protected":false},"author":1,"featured_media":37248,"comment_status":"closed","ping_status":"open","sticky":false,"template":"","format":"standard","meta":{"footnotes":""},"categories":[24],"tags":[1143,728,7342],"class_list":["post-37247","post","type-post","status-publish","format-standard","has-post-thumbnail","hentry","category-dunya","tag-durum","tag-enerji","tag-tedbirlerin"],"_links":{"self":[{"href":"https:\/\/haberulus.net\/index.php?rest_route=\/wp\/v2\/posts\/37247","targetHints":{"allow":["GET"]}}],"collection":[{"href":"https:\/\/haberulus.net\/index.php?rest_route=\/wp\/v2\/posts"}],"about":[{"href":"https:\/\/haberulus.net\/index.php?rest_route=\/wp\/v2\/types\/post"}],"author":[{"embeddable":true,"href":"https:\/\/haberulus.net\/index.php?rest_route=\/wp\/v2\/users\/1"}],"replies":[{"embeddable":true,"href":"https:\/\/haberulus.net\/index.php?rest_route=%2Fwp%2Fv2%2Fcomments&post=37247"}],"version-history":[{"count":1,"href":"https:\/\/haberulus.net\/index.php?rest_route=\/wp\/v2\/posts\/37247\/revisions"}],"predecessor-version":[{"id":37249,"href":"https:\/\/haberulus.net\/index.php?rest_route=\/wp\/v2\/posts\/37247\/revisions\/37249"}],"wp:featuredmedia":[{"embeddable":true,"href":"https:\/\/haberulus.net\/index.php?rest_route=\/wp\/v2\/media\/37248"}],"wp:attachment":[{"href":"https:\/\/haberulus.net\/index.php?rest_route=%2Fwp%2Fv2%2Fmedia&parent=37247"}],"wp:term":[{"taxonomy":"category","embeddable":true,"href":"https:\/\/haberulus.net\/index.php?rest_route=%2Fwp%2Fv2%2Fcategories&post=37247"},{"taxonomy":"post_tag","embeddable":true,"href":"https:\/\/haberulus.net\/index.php?rest_route=%2Fwp%2Fv2%2Ftags&post=37247"}],"curies":[{"name":"wp","href":"https:\/\/api.w.org\/{rel}","templated":true}]}}