{"id":37814,"date":"2022-09-07T08:21:05","date_gmt":"2022-09-07T08:21:05","guid":{"rendered":"https:\/\/haberulus.net\/?p=37814"},"modified":"2022-09-07T08:21:05","modified_gmt":"2022-09-07T08:21:05","slug":"almanyada-sanayi-uretimi-temmuzda-geriledi","status":"publish","type":"post","link":"https:\/\/haberulus.net\/?p=37814","title":{"rendered":"Almanya\u2019da sanayi \u00fcretimi temmuzda geriledi"},"content":{"rendered":"<p><b>Almanya&#8217;da sanayi \u00fcretimi, malzeme s\u0131k\u0131nt\u0131s\u0131 ve y\u00fcksek enerji fiyatlar\u0131n\u0131n etkisiyle temmuzda y\u00fczde 0,3 azal\u0131\u015f kaydetti.<\/b><\/p>\n<p>Almanya Federal \u0130statistik Ofisi (Destatis), sanayi \u00fcretimine ili\u015fkin temmuz ay\u0131 ge\u00e7ici verilerini a\u00e7\u0131klad\u0131.<\/p>\n<p>Buna g\u00f6re, mevsim ve takvim etkisinden ar\u0131nd\u0131r\u0131lm\u0131\u015f sanayi \u00fcretimi, temmuzda bir \u00f6nceki aya k\u0131yasla y\u00fczde 0,3 d\u00fc\u015ft\u00fc. Piyasalarda sanayi \u00fcretimine ili\u015fkin beklenti y\u00fczde 0,5 d\u00fc\u015fmesi y\u00f6n\u00fcndeydi.<\/p>\n<p>Sanayi \u00fcretimi, temmuzda bir \u00f6nceki y\u0131l\u0131n ayn\u0131 d\u00f6nemine g\u00f6re ise y\u00fczde 1,1 d\u00fc\u015f\u00fc\u015f g\u00f6sterdi.<\/p>\n<p>Ayl\u0131k y\u00fczde 0,4 art\u0131\u015f olarak a\u00e7\u0131klanan haziran verisi de y\u00fczde 0,8 art\u0131\u015f olarak revize edildi.<\/p>\n<p>Veriler, temmuzda hazirana g\u00f6re enerji ve in\u015faat hari\u00e7 sanayi \u00fcretiminin 1 azald\u0131\u011f\u0131n\u0131 ortaya koydu.<\/p>\n<p>S\u00f6z konusu d\u00f6nemde sermaye mal\u0131 \u00fcretimi y\u00fczde 0,8 ve t\u00fcketim mallar\u0131 \u00fcretimi y\u00fczde 3 d\u00fc\u015ft\u00fc. Sanayi d\u0131\u015f\u0131nda, enerji \u00fcretiminde y\u00fczde 2,8 art\u0131\u015f ve in\u015faatta ise 1,4 art\u0131\u015f kaydedildi.<\/p>\n<p><b>ENERJ\u0130 YO\u011eUN SANAY\u0130 DALLARINDA DAHA YO\u011eUN<\/b><\/p>\n<p>Destatis, temmuzda nispeten az say\u0131da tatil g\u00fcn\u00fcn\u00fcn ge\u00e7en y\u0131l\u0131n ayn\u0131 ay\u0131na g\u00f6re \u00fcretimde daha da b\u00fcy\u00fck bir d\u00fc\u015f\u00fc\u015f\u00fc engelledi\u011fini belirterek, enerji yo\u011fun sanayi dallar\u0131nda \u00fcretimin temmuzda hazirana g\u00f6re y\u00fczde 1,9 d\u00fc\u015ft\u00fc\u011f\u00fcn\u00fc kaydetti.<\/p>\n<p>\u015eubat 2022\u2019den bu yana enerji yo\u011fun sanayi dallar\u0131nda \u00fcretimde d\u00fc\u015f\u00fc\u015f\u00fcn y\u00fczde 6,9&#8217;e ula\u015fmas\u0131 dikkati \u00e7ekti.<\/p>\n<p>Ciddi malzeme k\u0131tl\u0131\u011f\u0131n\u0131n sanayi \u00fcretimini hala engelledi\u011fini belirten Destatis, \u201cUkrayna\u2019daki sava\u015f nedeniyle bozulan tedarik zincirleri ve Kovid-19 krizinin neden oldu\u011fu s\u00fcregelen aksamalar sanayi de sipari\u015flerin i\u015flenmesinde sorunlara yol a\u00e7maya devam ediyor.\u201d de\u011ferlendirmesinde bulundu.<\/p>\n<p>Bu arada, Alman Ekonomi Ara\u015ft\u0131rma Enstit\u00fcs\u00fcne (Ifo), g\u00f6re, a\u011fustosta Almanya&#8217;daki \u015firketlerin y\u00fczde 62&#8217;si ara \u00fcr\u00fcn ve ham madde tedarikindeki darbo\u011fazlar ba\u015fta olmak \u00fczere sorunlar ya\u015fand\u0131\u011f\u0131n\u0131 belirtti. Bu oran temmuzda y\u00fczde 73&#8217;d\u00fc.<\/p>\n<p><b>BEL\u0130RS\u0130ZL\u0130K Y\u00dcKSEK D\u00dcZEYDE<\/b><\/p>\n<p>Almanya Ekonomi ve Enerji Bakanl\u0131\u011f\u0131\u2019ndan yap\u0131lan a\u00e7\u0131klamada, Alman sanayisinin y\u0131l\u0131n \u00fc\u00e7\u00fcnc\u00fc \u00e7eyre\u011fine zay\u0131f bir ba\u015flang\u0131\u00e7 yaparak girdi\u011fi belirtilerek, y\u00fcksek enerji fiyatlar\u0131n\u0131n getirdi\u011fi y\u00fck\u00fcn devam etti\u011fi ve sanayideki faaliyetleri d\u00fc\u015f\u00fcrd\u00fc\u011f\u00fc vurguland\u0131.<\/p>\n<p>Bakanl\u0131\u011f\u0131n a\u00e7\u0131klamas\u0131nda, Rusya\u2019dan do\u011fal gaz arz\u0131n\u0131n azalmas\u0131 ve Rusya-Ukrayna sava\u015f\u0131n\u0131n neden oldu\u011fu y\u00fcksek d\u00fczeydeki belirsizli\u011fin y\u0131l\u0131n geri kalan\u0131 i\u00e7in sanayideki g\u00f6r\u00fcn\u00fcm\u00fc karartmaya devam etti\u011fi ifade edildi.<\/p>\n<p><b>ENERJ\u0130 KR\u0130Z\u0130YLE KAR\u015eI KAR\u015eIYA<\/b><\/p>\n<p>\u00d6te yandan, Avrupa&#8217;n\u0131n en b\u00fcy\u00fck ekonomisine sahip Almanya, Moskova&#8217;n\u0131n Kuzey Ak\u0131m 1 do\u011falgaz boru hatt\u0131 \u00fczerinden gaz ak\u0131\u015f\u0131n\u0131 durdurma karar\u0131n\u0131n tetikledi\u011fi sarmal bir enerji kriziyle kar\u015f\u0131 kar\u015f\u0131ya bulunuyor.<\/p>\n<p>Do\u011falgaz\u0131n ayl\u0131k vadeli sat\u0131\u015f fiyat\u0131 25 A\u011fustos\u2019ta megavatsaat ba\u015f\u0131na 300 Euro\u2019nun \u00fczerine \u00e7\u0131km\u0131\u015ft\u0131.<\/p>\n<p>Almanya\u2019da gelecek y\u0131l teslimatl\u0131 elektrik kontrat\u0131n\u0131n fiyat\u0131, Rusya\u2019n\u0131n do\u011falgaz arz\u0131n\u0131 k\u0131smas\u0131yla 29 A\u011fustos\u2019ta ilk kez 1.000 Euro\u2019yu a\u015fm\u0131\u015ft\u0131.<\/p>\n<p>Rusya-Ukrayna Sava\u015f\u0131\u2019na ili\u015fkin endi\u015feler enerji kaynaklar\u0131 \u00fczerinde bask\u0131 olu\u015fturmaya devam ederken, Alman h\u00fck\u00fcmeti de bu k\u0131\u015f sanayi \u00e7arklar\u0131n\u0131n d\u00f6nmesini, \u0131\u015f\u0131klar\u0131n a\u00e7\u0131k kalmas\u0131n\u0131 ve evlerin s\u0131cak kalmas\u0131n\u0131 sa\u011flamak i\u00e7in \u00e7abal\u0131yor.<\/p>\n<p>Bunun i\u00e7in Alman h\u00fck\u00fcmeti, Rusya-Ukrayna sava\u015f\u0131yla birlikte ba\u015flayan enerji krizinde y\u00fcksek do\u011falgaz ve elektrik faturalar\u0131n\u0131 hafifletmek i\u00e7in fatura deste\u011fi ve tasarruf gibi \u00e7e\u015fitli tedbirlerin yan\u0131 s\u0131ra Almanlar\u0131 m\u00fcmk\u00fcn oldu\u011funca fazla enerji tasarrufu yapmaya \u00e7a\u011f\u0131rd\u0131.<\/p>\n<p>Ekonomistler, so\u011fuyan k\u00fcresel ekonominin, malzeme s\u0131k\u0131nt\u0131s\u0131n\u0131n ve artan fiyatlar\u0131n Alman sanayi mallar\u0131na olan talebi azaltt\u0131\u011f\u0131n\u0131 belirterek, enerji maliyetlerinin \u00f6zellikle \u00fclkenin sanayisi \u00fczerinde bask\u0131 olu\u015fturabilece\u011fini dile getiriyor.<\/p>\n<p>Bu arada, Almanya ekonomisi yeni tip corona vir\u00fcs\u00fc (Kovid-19) salg\u0131n\u0131 k\u0131s\u0131tlamalar\u0131n\u0131n neredeyse tamamen kald\u0131r\u0131lmas\u0131n\u0131n hane halk\u0131 t\u00fcketimini etkilemesi ve kamu harcamalar\u0131n\u0131n devam etmesiyle bu y\u0131l\u0131n ikinci \u00e7eyre\u011finde bir \u00f6nceki \u00e7eyre\u011fe g\u00f6re y\u00fczde 0,1 b\u00fcy\u00fcm\u00fc\u015ft\u00fc.<\/p>\n<p>Do\u011falgaz krizinin \u015firketler ve t\u00fcketiciler \u00fczerinde bask\u0131 olu\u015fturmaya devam etmesi muhtemel oldu\u011fundan, bir\u00e7ok analist Alman ekonomisinde sonbahar ve k\u0131\u015f aylar\u0131nda resesyon \u00f6ng\u00f6r\u00fcyor. (AA)<\/p>\n","protected":false},"excerpt":{"rendered":"<p>Almanya&#8217;da sanayi \u00fcretimi, malzeme s\u0131k\u0131nt\u0131s\u0131 ve y\u00fcksek enerji fiyatlar\u0131n\u0131n etkisiyle temmuzda y\u00fczde 0,3 azal\u0131\u015f kaydetti. Almanya Federal &#8230;<\/p>\n","protected":false},"author":1,"featured_media":37815,"comment_status":"closed","ping_status":"open","sticky":false,"template":"","format":"standard","meta":{"footnotes":""},"categories":[25],"tags":[688,516,728,974,2383],"class_list":["post-37814","post","type-post","status-publish","format-standard","has-post-thumbnail","hentry","category-ekonomi","tag-alman","tag-ekonomi","tag-enerji","tag-sanayi","tag-uretimi"],"_links":{"self":[{"href":"https:\/\/haberulus.net\/index.php?rest_route=\/wp\/v2\/posts\/37814","targetHints":{"allow":["GET"]}}],"collection":[{"href":"https:\/\/haberulus.net\/index.php?rest_route=\/wp\/v2\/posts"}],"about":[{"href":"https:\/\/haberulus.net\/index.php?rest_route=\/wp\/v2\/types\/post"}],"author":[{"embeddable":true,"href":"https:\/\/haberulus.net\/index.php?rest_route=\/wp\/v2\/users\/1"}],"replies":[{"embeddable":true,"href":"https:\/\/haberulus.net\/index.php?rest_route=%2Fwp%2Fv2%2Fcomments&post=37814"}],"version-history":[{"count":1,"href":"https:\/\/haberulus.net\/index.php?rest_route=\/wp\/v2\/posts\/37814\/revisions"}],"predecessor-version":[{"id":37816,"href":"https:\/\/haberulus.net\/index.php?rest_route=\/wp\/v2\/posts\/37814\/revisions\/37816"}],"wp:featuredmedia":[{"embeddable":true,"href":"https:\/\/haberulus.net\/index.php?rest_route=\/wp\/v2\/media\/37815"}],"wp:attachment":[{"href":"https:\/\/haberulus.net\/index.php?rest_route=%2Fwp%2Fv2%2Fmedia&parent=37814"}],"wp:term":[{"taxonomy":"category","embeddable":true,"href":"https:\/\/haberulus.net\/index.php?rest_route=%2Fwp%2Fv2%2Fcategories&post=37814"},{"taxonomy":"post_tag","embeddable":true,"href":"https:\/\/haberulus.net\/index.php?rest_route=%2Fwp%2Fv2%2Ftags&post=37814"}],"curies":[{"name":"wp","href":"https:\/\/api.w.org\/{rel}","templated":true}]}}