{"id":37832,"date":"2022-09-07T08:36:06","date_gmt":"2022-09-07T08:36:06","guid":{"rendered":"https:\/\/haberulus.net\/?p=37832"},"modified":"2022-09-07T08:36:06","modified_gmt":"2022-09-07T08:36:06","slug":"enerji-uzmanlari-uyardi-yuksek-fiyatlar-en-az-2025e-kadar-surer","status":"publish","type":"post","link":"https:\/\/haberulus.net\/?p=37832","title":{"rendered":"Enerji uzmanlar\u0131 uyard\u0131: Y\u00fcksek fiyatlar en az 2025\u2019e kadar s\u00fcrer"},"content":{"rendered":"<p><b>Son bir y\u0131ld\u0131r d\u00fcnyay\u0131 etkisi alt\u0131na alan enerji krizinin yaratt\u0131\u011f\u0131 y\u00fcksek elektrik ve do\u011falgaz fiyatlar\u0131n\u0131n en az 2025&#8217;e kadar devam edebilece\u011fi \u00f6ng\u00f6r\u00fcl\u00fcyor.<\/b><\/p>\n<p>D\u00fc\u015f\u00fcnce kurulu\u015fu Ember K\u0131demli Enerji ve \u0130klim Analisti Sarah Brown, \u201cAvrupa gaz fiyatlar\u0131n\u0131n en az 2025\u2019e kadar megavatsaat ba\u015f\u0131na 100 Euro\u2019nun \u00fczerinde kalmas\u0131 bekleniyor. Bu seviyedeki fiyatlar, elektrik \u00fcretiminde do\u011falgaz kullan\u0131lmaya devam etti\u011fi s\u00fcrece elektrik i\u00e7in de y\u00fcksek fiyat anlam\u0131na geliyor\u201d dedi.<\/p>\n<p>Enerji Ekonomisi ve Finansal Analiz Enstit\u00fcs\u00fc Avrupa Analisti Ana Maria Jaller-Makarewicz ise, \u201cGaz ve elektrik fiyatlar\u0131n\u0131n \u00f6n\u00fcm\u00fczdeki 1-2 y\u0131l daha a\u015f\u0131r\u0131 y\u00fcksek kalabilece\u011fini ve sonras\u0131nda biraz olsun d\u00fc\u015f\u00fc\u015f ya\u015fanmas\u0131na ra\u011fmen gelecek 5 y\u0131lda y\u00fcksek fiyatlar\u0131n bizimle olaca\u011f\u0131n\u0131 d\u00fc\u015f\u00fcn\u00fcyorum\u201d diye konu\u015ftu.<\/p>\n<p><b>ENERJ\u0130 KR\u0130Z\u0130 NASIL BA\u015eLADI?<\/b><\/p>\n<p>Ekonomilerin Kovid-19 salg\u0131n\u0131ndan toparlanmaya ba\u015flamas\u0131 sonras\u0131 arz\u0131n enerji talebindeki art\u0131\u015fa yeti\u015fememesi sonucu ge\u00e7en y\u0131l eyl\u00fcl itibar\u0131yla kendini hissettirmeye ba\u015flayan enerji krizi, Rusya\u2019n\u0131n Ukrayna\u2019da ba\u015flatt\u0131\u011f\u0131 sava\u015f\u0131n ard\u0131ndan boyut de\u011fi\u015ftirdi.<\/p>\n<p>Mevcut arz-talep dengesizli\u011fine ek olarak Bat\u0131l\u0131 \u00fclkelerin sava\u015f nedeniyle Rusya\u2019ya uygulad\u0131\u011f\u0131 yapt\u0131r\u0131mlar ve Rusya\u2019n\u0131n \u00f6zellikle Avrupa\u2019ya gaz arz\u0131n\u0131 \u00f6nce kademeli olarak, son olarak da s\u00fcresiz bir \u015fekilde kesmesi enerji krizini t\u0131rmand\u0131rd\u0131.<\/p>\n<p><b>Y\u00dcZDE 1000 ARTI\u015eLA 346 EURO\u2019YU G\u00d6RD\u00dc<\/b><\/p>\n<p>Ge\u00e7en y\u0131l eyl\u00fcl\u00fcn ba\u015f\u0131nda Avrupa\u2019da en fazla derinli\u011fe sahip Hollanda merkezli do\u011falgaz ticaret noktas\u0131 TTF\u2019de i\u015flem g\u00f6ren vadeli kontratlar\u0131n fiyat\u0131 megavatsaat ba\u015f\u0131 fiyat\u0131 30 Euro seviyesindeyken, fiyatlar bir y\u0131l boyunca s\u00fcrekli art\u0131\u015f g\u00f6sterdi ve y\u00fczde 1000 art\u0131\u015fla ge\u00e7en hafta megavatsaat ba\u015f\u0131na 346 Euro\u2019yu g\u00f6rd\u00fc.<\/p>\n<p>Do\u011falgaz\u0131n megavatsaat ba\u015f\u0131 fiyat\u0131 sava\u015f\u0131n ba\u015flamas\u0131ndan \u00f6nceki g\u00fcn olan 23 \u015eubat\u2019ta ise 87 Euro seviyesindeydi. Do\u011falgaz\u0131n Avrupa\u2019n\u0131n elektrik \u00fcretimindeki pay\u0131n\u0131n yakla\u015f\u0131k y\u00fczde 25 olmas\u0131 nedeniyle, y\u00fcksek gaz fiyatlar\u0131 elektrik \u00fcretim maliyetlerine de art\u0131\u015f olarak yans\u0131d\u0131.<\/p>\n<p>K\u00f6m\u00fcr fiyatlar\u0131n\u0131n da bu s\u00fcre\u00e7te rekor seviyeye ula\u015fmas\u0131 ve arz endi\u015feleri nedeniyle Avrupa\u2019n\u0131n g\u00f6sterge elektrik piyasalar\u0131ndan Almanya\u2019da a\u011fustosta elektrik fiyatlar\u0131 ilk kez megavatsaat ba\u015f\u0131na 700 Euro\u2019yu ge\u00e7ti.<\/p>\n<p>Bu rakam 6 ay \u00f6nce 128 Euro, 1 y\u0131l \u00f6nce 82 Euro, 2 y\u0131l \u00f6nce 35 Euro seviyesindeydi. B\u00f6ylece, elektrik fiyatlar\u0131 da enerji krizinin ba\u015f\u0131ndan beri yakla\u015f\u0131k y\u00fczde 755 artt\u0131.<\/p>\n<p>Avrupa elektrik fiyatlar\u0131ndaki art\u0131\u015flar, politika yap\u0131c\u0131lar\u0131 elektrik piyasas\u0131na m\u00fcdahale etme konusunda harekete ge\u00e7irdi.<\/p>\n<p><b>SADECE MART-A\u011eUSTOS D\u00d6NEM\u0130NDE Y\u00dcZDE 370 ARTTI<\/b><\/p>\n<p>Londra merkezli d\u00fc\u015f\u00fcnce kurulu\u015fu Ember K\u0131demli Enerji ve \u0130klim Analisti Sarah Brown, AA muhabirine yapt\u0131\u011f\u0131 de\u011ferlendirmede, enerji krizinin k\u0131smen salg\u0131n sonras\u0131 arz-talep dengesizli\u011fi nedeniyle olu\u015ftu\u011funu fakat Rusya\u2019n\u0131n hamlelerinin sava\u015ftan \u00f6ncesinde de Avrupa Birli\u011fi\u2019ndeki (AB) gaz fiyatlar\u0131ndaki art\u0131\u015fa yol a\u00e7t\u0131\u011f\u0131n\u0131 belirtti.<\/p>\n<p>Gazprom\u2019un stratejik davranarak AB\u2019deki gaz depolar\u0131n\u0131 doldurmad\u0131\u011f\u0131n\u0131 dile getiren Brown, \u015fu bilgileri payla\u015ft\u0131:<\/p>\n<p>\u201cRusya, gaz talebi artt\u0131\u011f\u0131nda AB\u2019ye do\u011falgaz ak\u0131\u015f\u0131n\u0131 art\u0131rmad\u0131. Temmuz-Aral\u0131k 2020\u2019de megavatsaat ba\u015f\u0131 ortalama 11 Euro olan TTF fiyat\u0131 Temmuz-Aral\u0131k 2021 d\u00f6neminde ortalama 70 Euro\u2019ya y\u00fckseldi. Bu art\u0131\u015f sava\u015f nedeniyle de\u011fildi ama sava\u015f gaz krizini a\u011f\u0131rla\u015ft\u0131rd\u0131.<\/p>\n<p>Mart ay\u0131nda megavatsaat ba\u015f\u0131 216 Euro\u2019ya kadar \u00e7\u0131kan TTF fiyat\u0131 temmuz ve a\u011fustosta yeni rekor seviyelere ula\u015ft\u0131. Bu art\u0131\u015flar Kuzey Ak\u0131m \u00fczerinden gaz ak\u0131\u015f\u0131n\u0131n \u00f6nce y\u00fczde 20\u2019ye kadar d\u00fc\u015f\u00fcr\u00fclmesi ve Rusya\u2019n\u0131n gaz\u0131n tamamen kesilece\u011fine ili\u015fkin tehditleri sonras\u0131 meydana geldi.<\/p>\n<p>TTF fiyatlar\u0131 Mart-A\u011fustos 2022 d\u00f6neminde megavatsaat ba\u015f\u0131 ortalama 136 Euro oldu. Bu rakam ge\u00e7en y\u0131l\u0131n ayn\u0131 d\u00f6neminde megavatsaat ba\u015f\u0131 ortalama 29 Euro idi. Yani bu d\u00f6nemde ortalama fiyatlar \u00fczerinden y\u00fczde 370 art\u0131\u015f ya\u015fand\u0131.<\/p>\n<p>Avrupa gaz fiyatlar\u0131n\u0131n en az 2025\u2019e kadar megavatsaat ba\u015f\u0131na 100 Euro\u2019nun \u00fczerinde kalmas\u0131 bekleniyor. Bu seviyedeki fiyatlar, elektrik \u00fcretiminde do\u011fal gaz kullan\u0131lmaya devam etti\u011fi s\u00fcrece elektrik i\u00e7in de y\u00fcksek fiyat anlam\u0131na geliyor.\u201d<\/p>\n<p><b>\u2018AB\u2019N\u0130N TEMEL POL\u0130T\u0130KA HATASI\u2026\u2019<\/b><\/p>\n<p>Brown, Avrupa\u2019n\u0131n enerji krizinden \u00e7\u0131k\u0131\u015f yolunun yenilenebilir kaynaklar oldu\u011funu ifade ederek, \u201cAvrupa\u2019n\u0131n son 10 y\u0131lda enerji politikas\u0131ndaki temel hata ithal ettikleri do\u011falgaz\u0131 ge\u00e7i\u015f kayna\u011f\u0131 olarak g\u00f6rmesi ve ucuz ve temiz olan yenilenebilir kaynaklar\u0131 daha h\u0131zl\u0131 devreye almamas\u0131\u201d dedi.<\/p>\n<p>Brown, \u201cFakat \u015fu anda hatalardan ders \u00e7\u0131kar\u0131ld\u0131\u011f\u0131n\u0131 d\u00fc\u015f\u00fcn\u00fcyorum ve \u00fcye \u00fclkeler elektrik tedarikinde temiz kaynaklar\u0131 daha fazla kullanmak i\u00e7in acil ad\u0131mlar at\u0131yor. Sava\u015f ve enerji krizi, yenilenebilir enerjiye d\u00f6n\u00fc\u015f\u00fcm\u00fc h\u0131zland\u0131rd\u0131\u201d diye konu\u015ftu.<\/p>\n<p>AB\u2019nin REPowerEU plan\u0131nda bu hedeflerin yer ald\u0131\u011f\u0131n\u0131 kaydeden Brown, 2035\u2019e kadar elektrik \u00fcretiminin temiz kaynaklardan sa\u011flanmas\u0131na y\u00f6nelik hedefin ba\u015far\u0131lmas\u0131n\u0131n elektrik faturalar\u0131n\u0131 a\u015fa\u011f\u0131 \u00e7ekece\u011fini, enerji g\u00fcvenli\u011fine katk\u0131 sa\u011flayaca\u011f\u0131n\u0131 ve emisyonlar\u0131 d\u00fc\u015f\u00fcrece\u011fini anlatt\u0131.<\/p>\n<p>Brown, \u015fu an al\u0131nan ge\u00e7ici acil \u00e7\u00f6z\u00fcmlerin AB\u2019yi iklim hedeflerinden sapt\u0131rmamas\u0131 gerekti\u011fine i\u015faret ederek, \u201cAB bu hedeflerden sapmayacakt\u0131r da. \u015eu anda toplam gaz t\u00fcketimini gelecek 7 ayda y\u00fczde 15 d\u00fc\u015f\u00fcrmek i\u00e7in \u00f6nemli ad\u0131mlar at\u0131l\u0131yor ve fosil yak\u0131tlara olan talebi d\u00fc\u015f\u00fcrme \u00e7abalar\u0131 bu k\u0131\u015f sonras\u0131nda da devam edecek. Bu ad\u0131mlara ek olarak daha h\u0131zl\u0131 \u015fekilde g\u00fcne\u015f ve r\u00fczgar kapasitesi olu\u015fturulmas\u0131, enerji krizinin \u00e7\u00f6z\u00fcm\u00fc\u201d dedi.<\/p>\n<p><b>\u2018GELECEK 5 YILDA Y\u00dcKSEK F\u0130YATLAR B\u0130Z\u0130MLE\u2019<\/b><\/p>\n<p>Enerji Ekonomisi ve Finansal Analiz Enstit\u00fcs\u00fc (IEEFA) Avrupa Analisti Ana Maria Jaller-Makarewicz de enerji krizini tetikleyen arz-talep sorunlar\u0131na dikkati \u00e7ekerek, \u015fu \u00f6ng\u00f6r\u00fcde bulundu:<\/p>\n<p>\u201cA\u015f\u0131r\u0131 hava olaylar\u0131 nedeniyle enerji talebinin artmas\u0131 ve n\u00fckleerden elektrik \u00fcretiminde ya\u015fanan sorunlar da krizin di\u011fer fakt\u00f6rleri aras\u0131nda yer al\u0131yor. Gaz ve elektrik fiyatlar\u0131n\u0131n \u00f6n\u00fcm\u00fczdeki 1-2 y\u0131l daha a\u015f\u0131r\u0131 y\u00fcksek kalabilece\u011fini ve sonras\u0131nda biraz olsun d\u00fc\u015f\u00fc\u015f ya\u015fanmas\u0131na ra\u011fmen gelecek 5 y\u0131lda y\u00fcksek fiyatlar\u0131n bizimle olaca\u011f\u0131n\u0131 d\u00fc\u015f\u00fcn\u00fcyorum.\u201d<\/p>\n<p>AB\u2019nin REPowerEU plan\u0131nda enerji krizini \u00e7\u00f6zmek i\u00e7in iddial\u0131 hedefler belirledi\u011fini an\u0131msatan Jaller-Makarewic, \u00fclkelerin birlikte hareket etmemesi durumunda bu hedeflerin uygulanmas\u0131nda sorunlar ya\u015fanabilece\u011fini dile getirdi.<\/p>\n<p><b>\u2018TALEB\u0130 D\u00dc\u015e\u00dcRMEK \u0130\u00c7\u0130N SOMUT \u00c7\u00d6Z\u00dcM SUNULMALI\u2019<\/b><\/p>\n<p>Jaller-Makarewic ayn\u0131 zamanda \u00fclkelerin do\u011fal gaz altyap\u0131s\u0131n\u0131 geni\u015fleterek do\u011fal az tedarik sorunlar\u0131na \u00e7\u00f6z\u00fcm bulma ihtimalinin de bir risk olu\u015fturdu\u011funu belirterek, \u015funlar\u0131 kaydetti:<\/p>\n<p>\u201cH\u00fck\u00fcmetler \u015fimdiden ba\u015flayarak do\u011falgaz ve elektrik talebini d\u00fc\u015f\u00fcrmek ya da gaz\u0131n pay\u0131n\u0131 azaltmak i\u00e7in somut \u00e7\u00f6z\u00fcmler sunmal\u0131. Bunlardan birisi geni\u015f \u00e7apl\u0131 bir programla \u0131s\u0131 pompalar\u0131n\u0131n yayg\u0131nla\u015ft\u0131r\u0131lmas\u0131 olabilir.\u201d (AA)<\/p>\n","protected":false},"excerpt":{"rendered":"<p>Son bir y\u0131ld\u0131r d\u00fcnyay\u0131 etkisi alt\u0131na alan enerji krizinin yaratt\u0131\u011f\u0131 y\u00fcksek elektrik ve do\u011falgaz fiyatlar\u0131n\u0131n en az 2025&#8217;e kadar devam edebilece\u011fi &#8230;<\/p>\n","protected":false},"author":1,"featured_media":37833,"comment_status":"closed","ping_status":"open","sticky":false,"template":"","format":"standard","meta":{"footnotes":""},"categories":[25],"tags":[253,728,1153,75,661],"class_list":["post-37832","post","type-post","status-publish","format-standard","has-post-thumbnail","hentry","category-ekonomi","tag-avrupa","tag-enerji","tag-euro","tag-fiyat","tag-gaz"],"_links":{"self":[{"href":"https:\/\/haberulus.net\/index.php?rest_route=\/wp\/v2\/posts\/37832","targetHints":{"allow":["GET"]}}],"collection":[{"href":"https:\/\/haberulus.net\/index.php?rest_route=\/wp\/v2\/posts"}],"about":[{"href":"https:\/\/haberulus.net\/index.php?rest_route=\/wp\/v2\/types\/post"}],"author":[{"embeddable":true,"href":"https:\/\/haberulus.net\/index.php?rest_route=\/wp\/v2\/users\/1"}],"replies":[{"embeddable":true,"href":"https:\/\/haberulus.net\/index.php?rest_route=%2Fwp%2Fv2%2Fcomments&post=37832"}],"version-history":[{"count":1,"href":"https:\/\/haberulus.net\/index.php?rest_route=\/wp\/v2\/posts\/37832\/revisions"}],"predecessor-version":[{"id":37834,"href":"https:\/\/haberulus.net\/index.php?rest_route=\/wp\/v2\/posts\/37832\/revisions\/37834"}],"wp:featuredmedia":[{"embeddable":true,"href":"https:\/\/haberulus.net\/index.php?rest_route=\/wp\/v2\/media\/37833"}],"wp:attachment":[{"href":"https:\/\/haberulus.net\/index.php?rest_route=%2Fwp%2Fv2%2Fmedia&parent=37832"}],"wp:term":[{"taxonomy":"category","embeddable":true,"href":"https:\/\/haberulus.net\/index.php?rest_route=%2Fwp%2Fv2%2Fcategories&post=37832"},{"taxonomy":"post_tag","embeddable":true,"href":"https:\/\/haberulus.net\/index.php?rest_route=%2Fwp%2Fv2%2Ftags&post=37832"}],"curies":[{"name":"wp","href":"https:\/\/api.w.org\/{rel}","templated":true}]}}