{"id":37838,"date":"2022-09-07T08:51:04","date_gmt":"2022-09-07T08:51:04","guid":{"rendered":"https:\/\/haberulus.net\/?p=37838"},"modified":"2022-09-07T08:51:04","modified_gmt":"2022-09-07T08:51:04","slug":"deutsche-bank-ceosu-almanya-resesyondan-kacinamaz","status":"publish","type":"post","link":"https:\/\/haberulus.net\/?p=37838","title":{"rendered":"Deutsche Bank CEO\u2019su: Almanya resesyondan ka\u00e7\u0131namaz"},"content":{"rendered":"<p><b>Alman bankac\u0131l\u0131k devi Deutsche Bank CEO&#8217;su Christian Sewing Almanya&#8217;n\u0131n resesyonu \u00f6nleyemeyece\u011fini belirtti.<\/b><\/p>\n<p>Deutsche Bank CEO\u2019su Christian Sewing, Almanya\u2019n\u0131n artan enflasyon, enerji arz\u0131 darbo\u011fazlar\u0131 ve k\u00fcresel tedarik zincirlerindeki aksama nedeniyle daralma a\u015famas\u0131nda oldu\u011funu s\u00f6yledi.<\/p>\n<p>Frankfurt\u2019ta d\u00fczenlenen bir konferansta konu\u015fan Sewing, \u201cAlmanya art\u0131k bir resesyonu \u00f6nleyemez, Merkez bankalar\u0131n\u0131n h\u0131zl\u0131 ve kararl\u0131 davranmas\u0131 halinde ekonomimizin bu durgunlukla iyi ba\u015fa \u00e7\u0131kacak kadar dayan\u0131kl\u0131 oldu\u011funa inan\u0131yoruz\u201d dedi.<\/p>\n<p>Sewing, \u201cEnflasyon ne kadar uzun s\u00fcre y\u00fcksek kal\u0131rsa, gerginlik o kadar b\u00fcy\u00fck ve sosyal \u00e7at\u0131\u015fma potansiyeli o kadar y\u00fcksek\u201d diye konu\u015ftu. Sewing daha \u00f6nce de Rus gaz teslimatlar\u0131n\u0131n tamamen durmas\u0131n\u0131n Almanya\u2019y\u0131 resesyona sokaca\u011f\u0131n\u0131 s\u00f6ylemi\u015fti.<\/p>\n<p><b>\u2018BA\u011eIMLILIK AZALTILMALI\u2019<\/b><\/p>\n<p>Bankac\u0131l\u0131k devinin CEO\u2019su arz darbo\u011fazlar\u0131n\u0131n ve enerji krizinin, Almanya\u2019n\u0131n di\u011fer \u00fclkelere olan ba\u011f\u0131ml\u0131l\u0131\u011f\u0131n\u0131 azaltmas\u0131 i\u00e7in bir i\u015faret oldu\u011funu belirterek, \u201cGaz, hammadde ve tedarik zincirlerine olan mevcut ba\u011f\u0131ml\u0131l\u0131klar\u0131m\u0131za daha fazla ba\u011f\u0131ml\u0131l\u0131k eklemeye izin vermemeliyiz\u201d dedi.<\/p>\n<p>Sewing ay\u0131ca Almanya\u2019n\u0131n \u00c7in\u2019e ba\u011f\u0131ml\u0131l\u0131\u011f\u0131n azalt\u0131lmas\u0131 ve Rus enerjisi ile ili\u015fkinin tamamen kopar\u0131lmas\u0131 gibi temel de\u011fi\u015fikliklerin ekonomi i\u00e7in \u015fart oldu\u011funu belirtti.<\/p>\n<p>Avrupa\u2019da s\u0131n\u0131r \u00f6tesi bankac\u0131l\u0131k konsolidasyonu \u00e7a\u011fr\u0131s\u0131n\u0131 tekrarlayan Sewing, \u201cAmerika ile e\u015fit \u015fekilde rekabet edebilmek i\u00e7in Avrupa\u2019da b\u00fcy\u00fck bankalar i\u00e7in do\u011fru \u015fartlar\u0131 olu\u015fturmal\u0131y\u0131z\u201d dedi.<\/p>\n<p><b>GAZ KES\u0130NT\u0130S\u0130 KR\u0130Z\u0130 DER\u0130NLE\u015eT\u0130RECEK<\/b><\/p>\n<p>Rus enerji \u015firketi Gazprom, 2 Eyl\u00fcl\u2019de, Kuzey Ak\u0131m boru hatt\u0131ndan do\u011falgaz sevkiyat\u0131n\u0131n belirsiz bir s\u00fcreli\u011fine durduruldu\u011funu a\u00e7\u0131klam\u0131\u015ft\u0131. Uzmanlar bunun sanayi \u00fcretimini etkileme olas\u0131l\u0131\u011f\u0131n\u0131n oldu\u011funu bildirmi\u015fti.<\/p>\n<p>Rus yetkililer, Avrupa&#8217;ya y\u00f6nelik do\u011falgaz sevkiyat\u0131ndaki sorunlar\u0131n yapt\u0131r\u0131mlar nedeniyle ya\u015fand\u0131\u011f\u0131n\u0131 \u00f6ne s\u00fcrerken, Avrupal\u0131 yetkililer\u00a0Rusya&#8217;n\u0131n enerji kaynaklar\u0131n\u0131 bir silah olarak kulland\u0131\u011f\u0131n\u0131 iddia etmi\u015fti.<\/p>\n<p><b>F\u0130TCH: RESESYON OLASILI\u011eI ARTIYOR<\/b><\/p>\n<p>Bug\u00fcn\u00a0Uluslararas\u0131 kredi derecelendirme kurulu\u015fu Fitch Ratings de Kuzey Ak\u0131m boru hatt\u0131 \u00fczerinden gaz arz\u0131n\u0131n tamamen durmas\u0131n\u0131n Euro B\u00f6lgesi&#8217;nde resesyon olas\u0131l\u0131\u011f\u0131n\u0131 daha da art\u0131rd\u0131\u011f\u0131n\u0131 bildirmi\u015fti.<\/p>\n<p>Kredi derecelendirme kurulu\u015fundan yap\u0131lan a\u00e7\u0131klamada, Kuzey Ak\u0131m boru hatt\u0131n\u0131n tamamen kapat\u0131lmas\u0131n\u0131n 2023&#8217;te Euro B\u00f6lgesi Gayrisafi Yurt \u0130\u00e7i Has\u0131las\u0131&#8217;nda (GSYH) kurulu\u015fun haziran ay\u0131nda yapt\u0131\u011f\u0131 tahminlere k\u0131yasla 1,5-2 puanl\u0131k d\u00fc\u015f\u00fc\u015fe neden olaca\u011f\u0131 \u00f6ng\u00f6r\u00fcld\u00fc.<\/p>\n","protected":false},"excerpt":{"rendered":"<p>Alman bankac\u0131l\u0131k devi Deutsche Bank CEO&#8217;su Christian Sewing Almanya&#8217;n\u0131n resesyonu \u00f6nleyemeyece\u011fini belirtti. Deutsche Bank CEO\u2019su Christian &#8230;<\/p>\n","protected":false},"author":1,"featured_media":37839,"comment_status":"closed","ping_status":"open","sticky":false,"template":"","format":"standard","meta":{"footnotes":""},"categories":[25],"tags":[688,2491,728,3730,69],"class_list":["post-37838","post","type-post","status-publish","format-standard","has-post-thumbnail","hentry","category-ekonomi","tag-alman","tag-bank","tag-enerji","tag-resesyon","tag-rus"],"_links":{"self":[{"href":"https:\/\/haberulus.net\/index.php?rest_route=\/wp\/v2\/posts\/37838","targetHints":{"allow":["GET"]}}],"collection":[{"href":"https:\/\/haberulus.net\/index.php?rest_route=\/wp\/v2\/posts"}],"about":[{"href":"https:\/\/haberulus.net\/index.php?rest_route=\/wp\/v2\/types\/post"}],"author":[{"embeddable":true,"href":"https:\/\/haberulus.net\/index.php?rest_route=\/wp\/v2\/users\/1"}],"replies":[{"embeddable":true,"href":"https:\/\/haberulus.net\/index.php?rest_route=%2Fwp%2Fv2%2Fcomments&post=37838"}],"version-history":[{"count":1,"href":"https:\/\/haberulus.net\/index.php?rest_route=\/wp\/v2\/posts\/37838\/revisions"}],"predecessor-version":[{"id":37840,"href":"https:\/\/haberulus.net\/index.php?rest_route=\/wp\/v2\/posts\/37838\/revisions\/37840"}],"wp:featuredmedia":[{"embeddable":true,"href":"https:\/\/haberulus.net\/index.php?rest_route=\/wp\/v2\/media\/37839"}],"wp:attachment":[{"href":"https:\/\/haberulus.net\/index.php?rest_route=%2Fwp%2Fv2%2Fmedia&parent=37838"}],"wp:term":[{"taxonomy":"category","embeddable":true,"href":"https:\/\/haberulus.net\/index.php?rest_route=%2Fwp%2Fv2%2Fcategories&post=37838"},{"taxonomy":"post_tag","embeddable":true,"href":"https:\/\/haberulus.net\/index.php?rest_route=%2Fwp%2Fv2%2Ftags&post=37838"}],"curies":[{"name":"wp","href":"https:\/\/api.w.org\/{rel}","templated":true}]}}