{"id":39065,"date":"2022-10-17T08:36:03","date_gmt":"2022-10-17T08:36:03","guid":{"rendered":"https:\/\/haberulus.net\/?p=39065"},"modified":"2022-10-17T08:36:03","modified_gmt":"2022-10-17T08:36:03","slug":"tiktok-videosu-paylasti-appledaki-isinden-oldu","status":"publish","type":"post","link":"https:\/\/haberulus.net\/?p=39065","title":{"rendered":"TikTok videosu payla\u015ft\u0131, Apple\u2019daki i\u015finden oldu"},"content":{"rendered":"<p><b>Apple&#8217;\u0131n pazarlama departman\u0131nda \u00e7al\u0131\u015fan Nylah Boone, payla\u015ft\u0131\u011f\u0131 bir TikTok videosunun viral olmas\u0131yla beraber Apple&#8217;daki i\u015finden oldu.\u00a0<\/b><\/p>\n<p>Nylah Boone, \u201cTeknolojide \u00e7al\u0131\u015fan siyah k\u0131z\u0131n hayat\u0131ndan bir g\u00fcn\u201d isimli videosu, TikTok\u2019ta viral olunca Apple\u2019daki i\u015finden \u00e7\u0131kar\u0131ld\u0131. Boone, videoda \u015firket i\u00e7inde herhangi bir gizli olay\u0131 ortaya \u00e7\u0131karmad\u0131, bilgi payla\u015fmad\u0131 sadece Apple\u2019daki ofisinde \u00e7ekimler yapt\u0131.<\/p>\n<p>Boone, yaln\u0131zca di\u011fer beyaz olmayan kad\u0131nlara bu t\u00fcr bir kariyerin onlar i\u00e7in bir se\u00e7enek olabilece\u011fini g\u00f6stermeye \u00e7al\u0131\u015ft\u0131\u011f\u0131n\u0131 s\u00f6yledi.<\/p>\n<p><img decoding=\"async\" src=\"https:\/\/i01.sozcucdn.com\/wp-content\/uploads\/2022\/10\/17\/boone_apple-tiktok.png\" alt=\"\" title=\"\"><\/p>\n<p>Kendisini bir mikro influencer olarak g\u00f6ren Boone, nisan ay\u0131nda, Apple\u2019da \u00e7al\u0131\u015f\u0131rken ofisteki bir g\u00fcn\u00fcn\u00fcn videosunu yay\u0131nlad\u0131. Sabah rutinini ve i\u015fe gidi\u015f geli\u015fini, ofis i\u00e7i bir pastane bar\u0131ndan g\u00f6r\u00fcnt\u00fcleri ve i\u015f arkada\u015flar\u0131yla \u00f6\u011fle yeme\u011findeki anlar\u0131 videoya ekledi. Boone\u2019un payla\u015ft\u0131\u011f\u0131 video; g\u00fcnl\u00fck rutini, i\u015fi hakk\u0131nda soru soran ve kariyer tavsiyesi almak isteyen y\u00fczlerce yorum al\u0131rken yakla\u015f\u0131k 400 bin g\u00f6r\u00fcnt\u00fclemeye ula\u015ft\u0131.<\/p>\n<p><img decoding=\"async\" src=\"https:\/\/i01.sozcucdn.com\/wp-content\/uploads\/2022\/10\/17\/boone-tiktok.png\" alt=\"\" title=\"\"><\/p>\n<p>Boone, \u201cTakip\u00e7ilerim, bana ula\u015fan ya da yorum yapan insanlar\u0131n y\u00fczde 80\u2019i siyah kad\u0131nd\u0131. Di\u011fer siyah kad\u0131nlarla ba\u011flant\u0131 kurabilmek ve onlar\u0131 te\u015fvik etmek benim i\u00e7in \u00f6nemliydi\u201d diyor.<\/p>\n<p>May\u0131s ay\u0131nda Boone\u2019un, s\u00f6zle\u015fmesi yenilenmedi ve Apple\u2019daki i\u015fini kaybetti. Bununla ilgili de videolar yay\u0131nlad\u0131.<\/p>\n<p>Boone, i\u015fle ilgili TikTok videosu payla\u015f\u0131p Apple\u2019daki kariyerini tehlikeye sokan ilk ki\u015fi de\u011fil. Birka\u00e7 ay \u00f6nce, Apple m\u00fchendisi Paris Campbell, iPhone\u2019unu kaybetmesi \u00fczerine \u015fantaj yap\u0131lan biri i\u00e7in faydal\u0131 i\u00e7erikler yay\u0131nlad\u0131ktan sonra i\u015fini kaybetmekle tehdit edildi. Video evde \u00e7ekildi, ancak kendisini videoda bir Apple \u00e7al\u0131\u015fan\u0131 olarak tan\u0131tmas\u0131n\u0131n \u015firket politikas\u0131 ihlali oldu\u011fu s\u00f6ylendi.<\/p>\n","protected":false},"excerpt":{"rendered":"<p>Apple&#8217;\u0131n pazarlama departman\u0131nda \u00e7al\u0131\u015fan Nylah Boone, payla\u015ft\u0131\u011f\u0131 bir TikTok videosunun viral olmas\u0131yla beraber Apple&#8217;daki i\u015finden oldu.\u00a0 Nylah &#8230;<\/p>\n","protected":false},"author":1,"featured_media":39066,"comment_status":"closed","ping_status":"open","sticky":false,"template":"","format":"standard","meta":{"footnotes":""},"categories":[32],"tags":[83,140],"class_list":["post-39065","post","type-post","status-publish","format-standard","has-post-thumbnail","hentry","category-teknoloji","tag-is","tag-video"],"_links":{"self":[{"href":"https:\/\/haberulus.net\/index.php?rest_route=\/wp\/v2\/posts\/39065","targetHints":{"allow":["GET"]}}],"collection":[{"href":"https:\/\/haberulus.net\/index.php?rest_route=\/wp\/v2\/posts"}],"about":[{"href":"https:\/\/haberulus.net\/index.php?rest_route=\/wp\/v2\/types\/post"}],"author":[{"embeddable":true,"href":"https:\/\/haberulus.net\/index.php?rest_route=\/wp\/v2\/users\/1"}],"replies":[{"embeddable":true,"href":"https:\/\/haberulus.net\/index.php?rest_route=%2Fwp%2Fv2%2Fcomments&post=39065"}],"version-history":[{"count":1,"href":"https:\/\/haberulus.net\/index.php?rest_route=\/wp\/v2\/posts\/39065\/revisions"}],"predecessor-version":[{"id":39067,"href":"https:\/\/haberulus.net\/index.php?rest_route=\/wp\/v2\/posts\/39065\/revisions\/39067"}],"wp:featuredmedia":[{"embeddable":true,"href":"https:\/\/haberulus.net\/index.php?rest_route=\/wp\/v2\/media\/39066"}],"wp:attachment":[{"href":"https:\/\/haberulus.net\/index.php?rest_route=%2Fwp%2Fv2%2Fmedia&parent=39065"}],"wp:term":[{"taxonomy":"category","embeddable":true,"href":"https:\/\/haberulus.net\/index.php?rest_route=%2Fwp%2Fv2%2Fcategories&post=39065"},{"taxonomy":"post_tag","embeddable":true,"href":"https:\/\/haberulus.net\/index.php?rest_route=%2Fwp%2Fv2%2Ftags&post=39065"}],"curies":[{"name":"wp","href":"https:\/\/api.w.org\/{rel}","templated":true}]}}