{"id":39275,"date":"2022-10-17T13:36:06","date_gmt":"2022-10-17T13:36:06","guid":{"rendered":"https:\/\/haberulus.net\/?p=39275"},"modified":"2022-10-17T13:36:06","modified_gmt":"2022-10-17T13:36:06","slug":"kanye-west-sosyal-medya-platformu-parleri-satin-aliyor","status":"publish","type":"post","link":"https:\/\/haberulus.net\/?p=39275","title":{"rendered":"Kanye West, sosyal medya platformu Parler\u2019i sat\u0131n al\u0131yor"},"content":{"rendered":"<p><b>Sosyal medya platformu Parler&#8217;in \u015fu anki sahibi, platformu Kanye West&#8217;in sat\u0131n alaca\u011f\u0131n\u0131 a\u00e7\u0131klad\u0131.<\/b><\/p>\n<p>Trump destek\u00e7ileri, muhafazakarlar, komplo teorisyenleri ve a\u015f\u0131r\u0131 sa\u011fc\u0131lar taraf\u0131ndan kullan\u0131lan Amerikal\u0131 sosyal medya platformu Parler, pazartesi g\u00fcn\u00fc yapt\u0131\u011f\u0131 a\u00e7\u0131klamada, Kanye West\u2019in \u015firketi sat\u0131n almak i\u00e7in anla\u015fma yapmaya \u00e7al\u0131\u015ft\u0131\u011f\u0131n\u0131 s\u00f6yledi.<\/p>\n<p>Parlement Technologies, haberi bir bas\u0131n a\u00e7\u0131klamas\u0131yla duyurdu ve anla\u015fman\u0131n t\u00fcm seslerin memnuniyetle kar\u015f\u0131land\u0131\u011f\u0131 iptal edilemez bir ekosistem yarat\u0131lmas\u0131na yard\u0131mc\u0131 olaca\u011f\u0131n\u0131 s\u00f6yledi.<\/p>\n<p>Parlement Technologies CEO\u2019su George Farmer, \u015firketin hedeflerine ula\u015fmas\u0131na yard\u0131mc\u0131 olmaktan onur duyaca\u011f\u0131n\u0131 s\u00f6yledi.<\/p>\n<p>Sat\u0131n alma haberi, West\u2019in Instagram ve Twitter gibi platformlardan engellemesinden hemen sonra geldi.<\/p>\n<p>Parler, 6 Ocak\u2019taki Capitol isyanlar\u0131 s\u0131ras\u0131nda, baz\u0131 kullan\u0131c\u0131lar\u0131n daha fazla \u015fiddet \u00e7a\u011fr\u0131s\u0131 yapmak i\u00e7in sosyal medya platformunu kullanmas\u0131yla dikkat \u00e7ekmi\u015fti. \u0130syanlar\u0131n ard\u0131ndan Amazon Web Services, Parler\u2019\u0131 web bar\u0131nd\u0131rma hizmetinden \u00e7\u0131karm\u0131\u015f ve platform Apple ve Google\u2019\u0131n uygulama ma\u011fazalar\u0131nda da yasaklanm\u0131\u015ft\u0131.<\/p>\n<p>Parler\u2019in eski CEO\u2019su John Matze, daha kat\u0131 i\u00e7erik denetimi \u00f6nerdikten sonra \u015firketin kendisini g\u00f6revden ald\u0131\u011f\u0131n\u0131 iddia etmi\u015fti.<\/p>\n","protected":false},"excerpt":{"rendered":"<p>Sosyal medya platformu Parler&#8217;in \u015fu anki sahibi, platformu Kanye West&#8217;in sat\u0131n alaca\u011f\u0131n\u0131 a\u00e7\u0131klad\u0131. Trump destek\u00e7ileri, muhafazakarlar, komplo &#8230;<\/p>\n","protected":false},"author":1,"featured_media":39276,"comment_status":"closed","ping_status":"open","sticky":false,"template":"","format":"standard","meta":{"footnotes":""},"categories":[32],"tags":[1194],"class_list":["post-39275","post","type-post","status-publish","format-standard","has-post-thumbnail","hentry","category-teknoloji","tag-platform"],"_links":{"self":[{"href":"https:\/\/haberulus.net\/index.php?rest_route=\/wp\/v2\/posts\/39275","targetHints":{"allow":["GET"]}}],"collection":[{"href":"https:\/\/haberulus.net\/index.php?rest_route=\/wp\/v2\/posts"}],"about":[{"href":"https:\/\/haberulus.net\/index.php?rest_route=\/wp\/v2\/types\/post"}],"author":[{"embeddable":true,"href":"https:\/\/haberulus.net\/index.php?rest_route=\/wp\/v2\/users\/1"}],"replies":[{"embeddable":true,"href":"https:\/\/haberulus.net\/index.php?rest_route=%2Fwp%2Fv2%2Fcomments&post=39275"}],"version-history":[{"count":1,"href":"https:\/\/haberulus.net\/index.php?rest_route=\/wp\/v2\/posts\/39275\/revisions"}],"predecessor-version":[{"id":39277,"href":"https:\/\/haberulus.net\/index.php?rest_route=\/wp\/v2\/posts\/39275\/revisions\/39277"}],"wp:featuredmedia":[{"embeddable":true,"href":"https:\/\/haberulus.net\/index.php?rest_route=\/wp\/v2\/media\/39276"}],"wp:attachment":[{"href":"https:\/\/haberulus.net\/index.php?rest_route=%2Fwp%2Fv2%2Fmedia&parent=39275"}],"wp:term":[{"taxonomy":"category","embeddable":true,"href":"https:\/\/haberulus.net\/index.php?rest_route=%2Fwp%2Fv2%2Fcategories&post=39275"},{"taxonomy":"post_tag","embeddable":true,"href":"https:\/\/haberulus.net\/index.php?rest_route=%2Fwp%2Fv2%2Ftags&post=39275"}],"curies":[{"name":"wp","href":"https:\/\/api.w.org\/{rel}","templated":true}]}}