{"id":39627,"date":"2022-10-18T08:21:06","date_gmt":"2022-10-18T08:21:06","guid":{"rendered":"https:\/\/haberulus.net\/?p=39627"},"modified":"2022-10-18T08:21:06","modified_gmt":"2022-10-18T08:21:06","slug":"akkuyuda-atiksu-problemi-ankara-5-aydir-yanit-vermedi","status":"publish","type":"post","link":"https:\/\/haberulus.net\/?p=39627","title":{"rendered":"Akkuyu\u2019da at\u0131ksu problemi: Ankara 5 ayd\u0131r yan\u0131t vermedi"},"content":{"rendered":"<p><b>Mersin B\u00fcy\u00fck\u015fehir Belediyesi\u2019nin Akkuyu N\u00fckleer Santral Projesi\u2019nin bulundu\u011fu B\u00fcy\u00fckeceli mahallesindeki at\u0131ksu tesisi yap\u0131m iste\u011fi Ankara\u2019ya tak\u0131ld\u0131. <\/b><\/p>\n<p>Akkuyu N\u00fckleer Santral \u0130n\u015faat\u0131 nedeniyle G\u00fclnar&#8217;a ba\u011fl\u0131 B\u00fcy\u00fckeceli ve \u00e7evresinde n\u00fcfus h\u0131zla art\u0131nca kanalizasyon ve at\u0131ksu ar\u0131tma sorunu ortaya \u00e7\u0131kt\u0131.<\/p>\n<p><strong>5 AYDIR YANIT VER\u0130LM\u0130YOR<\/strong><\/p>\n<p>Mersin B\u00fcy\u00fck\u015fehir Belediyesi y\u00f6rede bir paket ar\u0131tma tesisi yaparak sorunu \u00e7\u00f6zmek istiyor. Ancak, hazine, tesisin yap\u0131laca\u011f\u0131 araziyle ilgili tahsis talebine 5 ayd\u0131r yan\u0131t vermedi.<\/p>\n<p>Ankara&#8217;dan yan\u0131t gelmedi\u011fi i\u00e7in projeye hen\u00fcz ba\u015flayamayan Mersin Su Kanalizasyon \u0130daresi(MESK\u0130), her g\u00fcn vidanj\u00f6rler ile at\u0131ksular\u0131 al\u0131yor, Silifke, Ayd\u0131nc\u0131k ve Bozyaz\u0131&#8217;daki tesislere ta\u015f\u0131mak zorunda kal\u0131yor.<\/p>\n<p>T\u00fcrkiye&#8217;nin ilk n\u00fckleer santralinin in\u015fa edildi\u011fi G\u00fclnar&#8217;a ba\u011fl\u0131 B\u00fcy\u00fckeceli Mahallesi&#8217;nin yerle\u015fik n\u00fcfusu bin 500 civar\u0131nda. Ancak gerek do\u011frudan santralde \u00e7al\u0131\u015fan i\u015f\u00e7iler gerekse dolayl\u0131 istihdam nedeniyle y\u00f6rede n\u00fcfus 20 bini buldu.<\/p>\n<p>2014 y\u0131l\u0131na kadar belde stat\u00fcs\u00fcnde olan y\u00f6rede n\u00fcfus art\u0131\u015f\u0131na uygun bir kanalizasyon sistemi bulunmuyor. Bu durum beraberinde evsel at\u0131ksu ar\u0131tma sorununu da beraberinde getirdi.<\/p>\n<p><strong>SANTRAL\u0130N PAKET ARITMASI DA YETMED\u0130<\/strong><\/p>\n<p>MESK\u0130 yak\u0131n zamana kadar, vidanj\u00f6rler marifetiyle ald\u0131\u011f\u0131 at\u0131ksular\u0131, Akkuyu N\u00fckleer Santrali i\u00e7indeki paket ar\u0131tma tesisinde ar\u0131t\u0131yordu. Ancak n\u00fcfus artt\u0131k\u00e7a bu ge\u00e7ici \u00e7\u00f6z\u00fcm de fayda etmemeye ba\u015flad\u0131 ve MESK\u0130 santral sahas\u0131 d\u0131\u015f\u0131nda bir paket ar\u0131tma tesisi yapmak i\u00e7in giri\u015fimlere ba\u015flad\u0131. MESK\u0130 uzmanlar\u0131n\u0131n g\u00f6r\u00fc\u015f\u00fc do\u011frultusunda, paket ar\u0131tma i\u00e7in en uygun arazi belirlendi ve arazinin sahibi olan Hazine&#8217;ye 9 May\u0131s 2022&#8217;de bir yaz\u0131 yaz\u0131larak tahsis ba\u015fvurusunda bulunuldu. Ancak Milli Emlak Genel M\u00fcd\u00fcrl\u00fc\u011f\u00fc aradan ge\u00e7en 6 ayda bu yaz\u0131ya herhangi bir yan\u0131t vermedi.<\/p>\n<p><strong>\u201c\u0130MAR PLANI YOK, N\u00dcFUS PROJEKS\u0130YONU BEL\u0130RS\u0130Z\u201d<\/strong><\/p>\n<p>Yaz\u0131ya yan\u0131t verilmemesi \u00fczerine MESK\u0130 y\u00f6netimi ge\u00e7ti\u011fimiz hafta \u00c7evre \u015eehircilik ve \u0130klim De\u011fi\u015fikli\u011fi Bakanl\u0131\u011f\u0131nda ve Milli Emlak Genel M\u00fcd\u00fcrl\u00fc\u011f\u00fcnde giri\u015fimlerde bulundu. MESK\u0130 yetkilileri giri\u015fimlerden, ilgili bakanl\u0131k b\u00fcrokratlar\u0131na, \u201cB\u00f6lgede imar planlar\u0131n\u0131n netle\u015fmemesi ve n\u00fcfus projeksiyonunun belli olmamas\u0131 nedeniyle altyap\u0131 projelerinin geli\u015ftirilmesi m\u00fcmk\u00fcn olmad\u0131\u011f\u0131n\u0131, sorunu h\u0131zl\u0131 ve yerinde \u00e7\u00f6zmek ve nakliye masraf\u0131ndan ka\u00e7\u0131nmak i\u00e7in 3 bin ki\u015filik paket at\u0131ksu ar\u0131tma tesisi yap\u0131lmas\u0131n\u0131n planland\u0131\u011f\u0131n\u0131, bunun i\u00e7in de en uygun yer olan arazinin hazineye ait tescil harici bir alan oldu\u011funu\u201d aktard\u0131.\u00a0 Ancak bu giri\u015fimler sonucunda da MESK\u0130&#8217;ye bir yan\u0131t verilmedi. Her g\u00fcn kamyonlar dolusu at\u0131ksu ta\u015f\u0131n\u0131yor ve bu da belediyeye ciddi bir nakliye y\u00fck\u00fc \u00e7\u0131kar\u0131yor. \u00dcstelik B\u00fcy\u00fckeceli y\u00f6resinden getirilen at\u0131ksular, di\u011fer il\u00e7elerin at\u0131ksu tesislerinin kapasitesini de zorluyor.<\/p>\n<p><strong>\u201cDURUMUN AC\u0130L\u0130YET\u0130N\u0130 ANLATAMADIK\u201d<\/strong><\/p>\n<p>Mersin B\u00fcy\u00fck\u015fehir Belediye Ba\u015fkan\u0131 Vahap Se\u00e7er, B\u00fcy\u00fckeceli&#8217;de ya\u015fanan bu soruna dikkat \u00e7ekmek i\u00e7in sosyal medya hesab\u0131ndan, \u201cN\u00fckleer Santral in\u015faat\u0131yla n\u00fcfusu h\u0131zla artan B\u00fcy\u00fckeceli&#8217;de at\u0131ksu ar\u0131tma tesisi yapaca\u011f\u0131z, \u00c7evre ve \u015eehircilik Bakanl\u0131\u011f\u0131 5 ayd\u0131r arazi tahsisi yapmad\u0131. Durumun aciliyetini bir t\u00fcrl\u00fc anlatamad\u0131k. Ortal\u0131\u011f\u0131 pislik g\u00f6t\u00fcrs\u00fcn diye mi bekletiyorsunuz? Hizmetleri engellemek Mersin halk\u0131na zul\u00fcmd\u00fcr\u201d mesaj\u0131n\u0131 payla\u015ft\u0131.<\/p>\n<p><strong>MECL\u0130STE DE G\u00dcNDEME GELM\u0130\u015eT\u0130<\/strong><\/p>\n<p>Ba\u015fkan Vahap Se\u00e7er, ge\u00e7ti\u011fimiz aylarda belediye meclisinde yapt\u0131\u011f\u0131 bir konu\u015fmada da soruna dikkat \u00e7ekmi\u015f ve \u015funlar\u0131 s\u00f6ylemi\u015fti:<\/p>\n<p>*Orada n\u00fckleer santral yap\u0131m\u0131na ba\u015fland\u0131 ama biraz her \u015fey aniden geli\u015fti. \u00d6n haz\u0131rl\u0131\u011f\u0131n\u0131n yap\u0131lmas\u0131 gerekiyordu. Sadece belediye de\u011fil di\u011fer kurumlar i\u00e7inde.<\/p>\n<p>*Bu evvel eski, ne benim ne sizlerin su\u00e7u. \u00d6nce altyap\u0131y\u0131 tamamlay\u0131p, sonra \u00fcst yap\u0131ya ge\u00e7memiz laz\u0131md\u0131 ama tersi oluyor ve bu da b\u00fcy\u00fck s\u0131k\u0131nt\u0131lar\u0131, yan etkileri beraberinde getiriyor. Orada \u00e7ok b\u00fcy\u00fck s\u0131k\u0131nt\u0131lar \u00e7ekiyoruz. \u0130mar yok, n\u00fcfus artt\u0131, binlerce insan geldi.<\/p>\n<p>*\u00c7ad\u0131r kentler veya konteyner kentler kurulmu\u015f binlerce insan \u00e7al\u0131\u015f\u0131yor. Onlar\u0131n yaratt\u0131\u011f\u0131 y\u00fck\u00fc b\u00f6lge ta\u015f\u0131makta zorlan\u0131yor \u00e7\u00fcnk\u00fc haz\u0131rl\u0131k yap\u0131lmam\u0131\u015f, her \u015fey oldubittiye gelmi\u015f. Biz de s\u00fcratle oradaki eksiklikleri g\u00f6r\u00fcp gereken \u00e7al\u0131\u015fmalar\u0131 yap\u0131yoruz.<\/p>\n<p><img decoding=\"async\" src=\"https:\/\/i01.sozcucdn.com\/wp-content\/uploads\/2022\/10\/18\/346d4bd5-3461-40a5-99fb-2c8852e1d9e7.jpeg\" alt=\"\" title=\"\"><\/p>\n","protected":false},"excerpt":{"rendered":"<p>Mersin B\u00fcy\u00fck\u015fehir Belediyesi\u2019nin Akkuyu N\u00fckleer Santral Projesi\u2019nin bulundu\u011fu B\u00fcy\u00fckeceli mahallesindeki at\u0131ksu tesisi yap\u0131m iste\u011fi Ankara\u2019ya &#8230;<\/p>\n","protected":false},"author":1,"featured_media":39628,"comment_status":"closed","ping_status":"open","sticky":false,"template":"","format":"standard","meta":{"footnotes":""},"categories":[26],"tags":[2759,4117,1451,4563,2189],"class_list":["post-39627","post","type-post","status-publish","format-standard","has-post-thumbnail","hentry","category-gundem","tag-atiksu","tag-meski","tag-nufus","tag-paket","tag-yanit"],"_links":{"self":[{"href":"https:\/\/haberulus.net\/index.php?rest_route=\/wp\/v2\/posts\/39627","targetHints":{"allow":["GET"]}}],"collection":[{"href":"https:\/\/haberulus.net\/index.php?rest_route=\/wp\/v2\/posts"}],"about":[{"href":"https:\/\/haberulus.net\/index.php?rest_route=\/wp\/v2\/types\/post"}],"author":[{"embeddable":true,"href":"https:\/\/haberulus.net\/index.php?rest_route=\/wp\/v2\/users\/1"}],"replies":[{"embeddable":true,"href":"https:\/\/haberulus.net\/index.php?rest_route=%2Fwp%2Fv2%2Fcomments&post=39627"}],"version-history":[{"count":1,"href":"https:\/\/haberulus.net\/index.php?rest_route=\/wp\/v2\/posts\/39627\/revisions"}],"predecessor-version":[{"id":39629,"href":"https:\/\/haberulus.net\/index.php?rest_route=\/wp\/v2\/posts\/39627\/revisions\/39629"}],"wp:featuredmedia":[{"embeddable":true,"href":"https:\/\/haberulus.net\/index.php?rest_route=\/wp\/v2\/media\/39628"}],"wp:attachment":[{"href":"https:\/\/haberulus.net\/index.php?rest_route=%2Fwp%2Fv2%2Fmedia&parent=39627"}],"wp:term":[{"taxonomy":"category","embeddable":true,"href":"https:\/\/haberulus.net\/index.php?rest_route=%2Fwp%2Fv2%2Fcategories&post=39627"},{"taxonomy":"post_tag","embeddable":true,"href":"https:\/\/haberulus.net\/index.php?rest_route=%2Fwp%2Fv2%2Ftags&post=39627"}],"curies":[{"name":"wp","href":"https:\/\/api.w.org\/{rel}","templated":true}]}}