{"id":39657,"date":"2022-10-18T08:36:35","date_gmt":"2022-10-18T08:36:35","guid":{"rendered":"https:\/\/haberulus.net\/?p=39657"},"modified":"2022-10-18T08:36:35","modified_gmt":"2022-10-18T08:36:35","slug":"yusuf-yazicinin-2-trabzonspor-seferi-kotu-basladi","status":"publish","type":"post","link":"https:\/\/haberulus.net\/?p=39657","title":{"rendered":"Yusuf Yaz\u0131c\u0131\u2019n\u0131n 2. Trabzonspor seferi k\u00f6t\u00fc ba\u015flad\u0131!"},"content":{"rendered":"<p><b> Trabzonspor&#8217;dan 2019-2020 sezonu \u00f6ncesinde kul\u00fcp tarihinin rekor transfer \u00fccretiyle Fransa&#8217;n\u0131n Lille Kul\u00fcb\u00fc&#8217;ne transfer olan Yusuf Yaz\u0131c\u0131, bu sezon kiral\u0131k olarak d\u00f6nd\u00fc\u011f\u00fc bordo-mavili tak\u0131mda hen\u00fcz bekleneni veremedi.<\/b><\/p>\n<p>Trabzonspor\u2019da 2019-2020 sezonu \u00f6ncesinde rekor bonservis \u00fccretiyle Fransa\u2019n\u0131n Lille tak\u0131m\u0131na transfer olan Yusuf Yaz\u0131c\u0131, bu sezon kiral\u0131k olarak d\u00f6nd\u00fc\u011f\u00fc bordo-mavili tak\u0131mda hen\u00fcz bekleneni veremedi.<\/p>\n<p>2019-2020 sezonu \u00f6ncesinde Yusuf Yaz\u0131c\u0131, 16,5 milyon Euro bonservis bedeli ile Fransa\u2019n\u0131n Lille Kul\u00fcb\u00fc\u2019ne transfer oldu. Gen\u00e7 oyuncu, 25 ma\u00e7 forma giydi\u011fi i\u00e7in bir sezon sonra 1 milyon avro daha gelir elde edilerek toplam 17,5 milyon Euro ile Trabzonspor Kul\u00fcb\u00fc tarihinin en y\u00fcksek bonservis bedeli elde edilen oyuncusu unvan\u0131n\u0131 elde etti.<\/p>\n<div><img decoding=\"async\" src=\"https:\/\/i01.sozcucdn.com\/wp-content\/uploads\/2022\/10\/18\/aa-20221006-29087780-29087778-monaco_trabzonspor.jpg\" alt=\"\" title=\"\"><\/p>\n<p>Foto\u011fraf: AA<\/p>\n<\/div>\n<p><b>SAKATLIKTAN 3 MA\u00c7 KA\u00c7IRDI<\/b><\/p>\n<p>Bu sezon 2 Eyl\u00fcl\u2019de eski kul\u00fcb\u00fc i\u00e7in T\u00fcrkiye\u2019ye gelen ve UEFA Avrupa Ligi\u2019nde Ferencvaros ile oynanan grup ma\u00e7\u0131nda forma giyen Yusuf Yaz\u0131c\u0131, ikinci d\u00f6neminde ilk kez forma giydi\u011fi bu kar\u015f\u0131la\u015fmada sahada 45 dakika kal\u0131rken sakatl\u0131k ya\u015fad\u0131.<\/p>\n<p>Yap\u0131lan muayene ve MR g\u00f6r\u00fcnt\u00fclenmesi sonucunda sol diz i\u00e7 yan ba\u011f\u0131nda zorlanma ve \u00f6dem tespit edilen Yusuf Yaz\u0131c\u0131, UEFA Avrupa Ligi\u2019nde K\u0131z\u0131ly\u0131ld\u0131z ile yap\u0131lan ikinci ma\u00e7 ile ligin 6. haftas\u0131ndaki Adana Demirspor ile 7. haftadaki Gaziantep FK kar\u015f\u0131la\u015fmalar\u0131nda forma giyemedi.<\/p>\n<p>Ligin 8. haftas\u0131ndaki Yukatel Kayserispor ma\u00e7\u0131nda 26 dakika oyunda kalan oyuncu, UEFA Avrupa Ligi\u2019nde Monaco ile oynanan \u00fc\u00e7\u00fcnc\u00fc ma\u00e7ta ilk 11\u2019de sahaya \u00e7\u0131karak 56 dakika g\u00f6rev yapt\u0131.<\/p>\n<p>Ligin 9. haftas\u0131ndaki Kas\u0131mpa\u015fa ma\u00e7\u0131nda 60 dakika oynayan Yusuf Yaz\u0131c\u0131, Monaco ile grupta yap\u0131lan 4. ma\u00e7ta ise forma giymedi.<\/p>\n<div><img decoding=\"async\" src=\"https:\/\/i01.sozcucdn.com\/wp-content\/uploads\/2022\/10\/18\/aa-20221016-29174702-29174689-besiktastrabzonspor.jpg\" alt=\"\" title=\"\"><\/p>\n<p>Foto\u011fraf: AA<\/p>\n<\/div>\n<p><b>SAKATLIKTAN SONRA 10. HAFTADA KIRMIZI KART<\/b><\/p>\n<p>Yusuf Yaz\u0131c\u0131, sakatl\u0131\u011f\u0131 nedeniyle hi\u00e7 90 dakika sahada kalamazken Be\u015fikta\u015f ma\u00e7\u0131nda da k\u0131rm\u0131z\u0131 kart ile cezal\u0131 konuma d\u00fc\u015ft\u00fc.<\/p>\n<p>Be\u015fikta\u015f ma\u00e7\u0131n\u0131n 80. dakikas\u0131nda oyuna giren Yusuf Yaz\u0131c\u0131, uzatma dakikalar\u0131nda Gedson\u2019a yapt\u0131\u011f\u0131 arkadan m\u00fcdahale nedeniyle direkt k\u0131rm\u0131z\u0131 kart ile oyun d\u0131\u015f\u0131 kald\u0131.<\/p>\n<p>Bordo-mavili futbolcu, lig ve Avrupa\u2019da toplam 5 ma\u00e7ta 197 dakika s\u00fcre al\u0131rken gol ve asist katk\u0131s\u0131 sa\u011flayamad\u0131. Ligde 3 ma\u00e7ta sadece 97 dakika s\u00fcre alan Yaz\u0131c\u0131, Avrupa\u2019da 2 ma\u00e7ta 100 dakika sahada kald\u0131.<\/p>\n<p><b>100 MA\u00c7TA 22 GOL KAYDETM\u0130\u015eT\u0130<\/b><\/p>\n<p>Trabzonspor\u2019da A tak\u0131mda 2015-2016 sezonunda forma giymeye ba\u015flayan Yusuf Yaz\u0131c\u0131, ilk sezonunda lig ve kupada 9 ma\u00e7ta 2 gol kaydetti. Gen\u00e7 futbolcu, Trabzonspor\u2019un 8 May\u0131s 2016\u2019da Spor Toto S\u00fcper Lig\u2019de \u00c7aykur Rizespor\u2019u 6-0 yendi\u011fi kar\u015f\u0131la\u015fmada 2 gol atarak dikkatleri \u00fczerine \u00e7ekti.<\/p>\n<p>2016-2017 sezonunda 22 ma\u00e7ta 6, en iyi d\u00f6nemini ge\u00e7irdi\u011fi 2017-2018 sezonunda 35 ma\u00e7ta 10 kez rakip fileleri havaland\u0131ran ba\u015far\u0131l\u0131 oyuncu, 2018-2019 sezonunda ise 34 ma\u00e7ta 4 gol att\u0131.<\/p>\n<p>Trabzonspor\u2019da, Lille\u2019e transfer olmadan toplam 100 resmi kar\u015f\u0131la\u015fmaya \u00e7\u0131kan Yusuf Yaz\u0131c\u0131, 7 bin 498 dakika forma giyerken, 22 kez gol atmay\u0131 ba\u015fard\u0131.<\/p>\n<p>(AA)<\/p>\n","protected":false},"excerpt":{"rendered":"<p>Trabzonspor&#8217;dan 2019-2020 sezonu \u00f6ncesinde kul\u00fcp tarihinin rekor transfer \u00fccretiyle Fransa&#8217;n\u0131n Lille Kul\u00fcb\u00fc&#8217;ne transfer olan Yusuf Yaz\u0131c\u0131, bu &#8230;<\/p>\n","protected":false},"author":1,"featured_media":39658,"comment_status":"closed","ping_status":"open","sticky":false,"template":"","format":"standard","meta":{"footnotes":""},"categories":[31],"tags":[1938,437,290,1065,7662],"class_list":["post-39657","post","type-post","status-publish","format-standard","has-post-thumbnail","hentry","category-spor","tag-dakika","tag-lig","tag-mac","tag-sezonu","tag-yusuf-yazici"],"_links":{"self":[{"href":"https:\/\/haberulus.net\/index.php?rest_route=\/wp\/v2\/posts\/39657","targetHints":{"allow":["GET"]}}],"collection":[{"href":"https:\/\/haberulus.net\/index.php?rest_route=\/wp\/v2\/posts"}],"about":[{"href":"https:\/\/haberulus.net\/index.php?rest_route=\/wp\/v2\/types\/post"}],"author":[{"embeddable":true,"href":"https:\/\/haberulus.net\/index.php?rest_route=\/wp\/v2\/users\/1"}],"replies":[{"embeddable":true,"href":"https:\/\/haberulus.net\/index.php?rest_route=%2Fwp%2Fv2%2Fcomments&post=39657"}],"version-history":[{"count":1,"href":"https:\/\/haberulus.net\/index.php?rest_route=\/wp\/v2\/posts\/39657\/revisions"}],"predecessor-version":[{"id":39659,"href":"https:\/\/haberulus.net\/index.php?rest_route=\/wp\/v2\/posts\/39657\/revisions\/39659"}],"wp:featuredmedia":[{"embeddable":true,"href":"https:\/\/haberulus.net\/index.php?rest_route=\/wp\/v2\/media\/39658"}],"wp:attachment":[{"href":"https:\/\/haberulus.net\/index.php?rest_route=%2Fwp%2Fv2%2Fmedia&parent=39657"}],"wp:term":[{"taxonomy":"category","embeddable":true,"href":"https:\/\/haberulus.net\/index.php?rest_route=%2Fwp%2Fv2%2Fcategories&post=39657"},{"taxonomy":"post_tag","embeddable":true,"href":"https:\/\/haberulus.net\/index.php?rest_route=%2Fwp%2Fv2%2Ftags&post=39657"}],"curies":[{"name":"wp","href":"https:\/\/api.w.org\/{rel}","templated":true}]}}