{"id":39687,"date":"2022-10-18T09:07:39","date_gmt":"2022-10-18T09:07:39","guid":{"rendered":"https:\/\/haberulus.net\/?p=39687"},"modified":"2022-10-18T09:07:39","modified_gmt":"2022-10-18T09:07:39","slug":"turkiyeye-kacan-vegan-asci-atilla-hildmannin-davasinda-skandal-hata","status":"publish","type":"post","link":"https:\/\/haberulus.net\/?p=39687","title":{"rendered":"T\u00fcrkiye\u2019ye ka\u00e7an vegan a\u015f\u00e7\u0131 Atilla Hildmann\u2019\u0131n davas\u0131nda skandal hata"},"content":{"rendered":"<p><b>Almanya&#8217;da hakk\u0131nda nefret yayma su\u00e7lamas\u0131yla tutuklama karar\u0131 bulunan ve yazd\u0131\u011f\u0131 kitaplarla \u00fcne kavu\u015fan vegan \u015fef Atilla Hildmann&#8217;\u0131n davas\u0131nda yap\u0131lan skandal hata ortaya \u00e7\u0131kt\u0131. \u015eu an T\u00fcrkiye&#8217;de bulunan Hildmann Interpol taraf\u0131ndan en \u00e7ok aranan isimler aras\u0131nda&#8230; <\/b><\/p>\n<p>Almanya\u2019da \u00f6zellikle corona vir\u00fcs\u00fc pandemisi s\u0131ras\u0131nda halk\u0131 k\u0131\u015fk\u0131rtma ve nefret yayma su\u00e7lamas\u0131yla hakk\u0131nda tutuklama karar\u0131 bulunan vegan \u015fef Atilla Hildmann\u2019\u0131n davas\u0131 yeniden g\u00fcndemde.<\/p>\n<p>Bir d\u00f6nem yazd\u0131\u011f\u0131 yemek kitaplar\u0131yla \u00fcnlenen vegan \u015fef Hildmann, Almanya\u2019da hakk\u0131nda soru\u015fturma ba\u015flat\u0131lmas\u0131n\u0131n ard\u0131ndan T\u00fcrkiye\u2019ye ka\u00e7m\u0131\u015ft\u0131.<\/p>\n<p>Almanya, tutuklama emrinin \u00e7\u0131kar\u0131lmas\u0131ndan bu yana Hildmann&#8217;\u0131n T\u00fcrkiye taraf\u0131ndan iadesini talep etmedi. Berlin Savc\u0131l\u0131\u011f\u0131&#8217;n\u0131n, Hildmann&#8217;\u0131n hem Alman hem de T\u00fcrk vatanda\u015fl\u0131\u011f\u0131na sahip oldu\u011fundan yola \u00e7\u0131kt\u0131\u011f\u0131 ve T\u00fcrkiye&#8217;nin zaten T\u00fcrk vatanda\u015flar\u0131n\u0131 iade etmedi\u011fi i\u00e7in iade giri\u015fiminde bulunulmad\u0131\u011f\u0131 ortaya \u00e7\u0131kt\u0131.<\/p>\n<p><img decoding=\"async\" src=\"https:\/\/i4.hurimg.com\/i\/hurriyet\/75\/750x422\/634e54be4e3fe10cfc24aea8.jpg\" alt=\"\" title=\"\"><\/p>\n<p><strong>SAVCILI\u011eIN B\u00dcY\u00dcK HATASI<\/strong><\/p>\n<p>Ancak Berlin Cumhuriyet Savc\u0131l\u0131\u011f\u0131 taraf\u0131ndan y\u00fcr\u00fct\u00fclen davada b\u00fcy\u00fck bir hata yap\u0131ld\u0131\u011f\u0131 ortaya \u00e7\u0131kt\u0131.<\/p>\n<p>Hildmann asl\u0131nda T\u00fcrk vatanda\u015f\u0131 de\u011fildi ve e\u011fer savc\u0131l\u0131k bunu atlamasayd\u0131, aranan ismin T\u00fcrkiye\u2019den iade edilebilece\u011fi anlam\u0131na geliyordu. Berlin Cumhuriyet Savc\u0131l\u0131\u011f\u0131 ciddi bir soru\u015fturma hatas\u0131 oldu\u011funu kabul ederken, a\u015f\u0131r\u0131 sa\u011fc\u0131 Attila Hildmann\u2019\u0131n T\u00fcrk vatanda\u015fl\u0131\u011f\u0131 bulunmad\u0131\u011f\u0131n\u0131 belirtti.<\/p>\n<p>Alman Bild gazetesi konuyla ilgili yetkililere ula\u015f\u0131rken, yorum yapmay\u0131 reddettiler.<\/p>\n<p>Hildmann, \u015eubat 2021\u2019den beri Berlin Cumhuriyet Savc\u0131l\u0131\u011f\u0131\u2019n\u0131n yan\u0131 s\u0131ra Europol ve Interpol taraf\u0131ndan da aran\u0131yor.<\/p>\n","protected":false},"excerpt":{"rendered":"<p>Almanya&#8217;da hakk\u0131nda nefret yayma su\u00e7lamas\u0131yla tutuklama karar\u0131 bulunan ve yazd\u0131\u011f\u0131 kitaplarla \u00fcne kavu\u015fan vegan \u015fef Atilla Hildmann&#8217;\u0131n davas\u0131nda &#8230;<\/p>\n","protected":false},"author":1,"featured_media":39688,"comment_status":"closed","ping_status":"open","sticky":false,"template":"","format":"standard","meta":{"footnotes":""},"categories":[24],"tags":[688,7666,15],"class_list":["post-39687","post","type-post","status-publish","format-standard","has-post-thumbnail","hentry","category-dunya","tag-alman","tag-savciligi","tag-turkiye"],"_links":{"self":[{"href":"https:\/\/haberulus.net\/index.php?rest_route=\/wp\/v2\/posts\/39687","targetHints":{"allow":["GET"]}}],"collection":[{"href":"https:\/\/haberulus.net\/index.php?rest_route=\/wp\/v2\/posts"}],"about":[{"href":"https:\/\/haberulus.net\/index.php?rest_route=\/wp\/v2\/types\/post"}],"author":[{"embeddable":true,"href":"https:\/\/haberulus.net\/index.php?rest_route=\/wp\/v2\/users\/1"}],"replies":[{"embeddable":true,"href":"https:\/\/haberulus.net\/index.php?rest_route=%2Fwp%2Fv2%2Fcomments&post=39687"}],"version-history":[{"count":1,"href":"https:\/\/haberulus.net\/index.php?rest_route=\/wp\/v2\/posts\/39687\/revisions"}],"predecessor-version":[{"id":39689,"href":"https:\/\/haberulus.net\/index.php?rest_route=\/wp\/v2\/posts\/39687\/revisions\/39689"}],"wp:featuredmedia":[{"embeddable":true,"href":"https:\/\/haberulus.net\/index.php?rest_route=\/wp\/v2\/media\/39688"}],"wp:attachment":[{"href":"https:\/\/haberulus.net\/index.php?rest_route=%2Fwp%2Fv2%2Fmedia&parent=39687"}],"wp:term":[{"taxonomy":"category","embeddable":true,"href":"https:\/\/haberulus.net\/index.php?rest_route=%2Fwp%2Fv2%2Fcategories&post=39687"},{"taxonomy":"post_tag","embeddable":true,"href":"https:\/\/haberulus.net\/index.php?rest_route=%2Fwp%2Fv2%2Ftags&post=39687"}],"curies":[{"name":"wp","href":"https:\/\/api.w.org\/{rel}","templated":true}]}}