{"id":39729,"date":"2022-10-18T10:06:08","date_gmt":"2022-10-18T10:06:08","guid":{"rendered":"https:\/\/haberulus.net\/?p=39729"},"modified":"2022-10-18T10:06:08","modified_gmt":"2022-10-18T10:06:08","slug":"mac-oncesi-sigara-icen-radja-nainggolana-antwerpten-ceza","status":"publish","type":"post","link":"https:\/\/haberulus.net\/?p=39729","title":{"rendered":"Ma\u00e7 \u00f6ncesi sigara i\u00e7en Radja Nainggolan\u2019a Antwerp\u2019ten ceza"},"content":{"rendered":"<p><b>Kariyerinde Inter, Roma gibi tak\u0131mlarda forma giyen Bel\u00e7ikal\u0131 Radja Nainggolan, ma\u00e7 \u00f6ncesi sigara i\u00e7ti\u011fi i\u00e7in Antwerp taraf\u0131ndan kadro d\u0131\u015f\u0131 b\u0131rak\u0131ld\u0131.<\/b><\/p>\n<p>Bel\u00e7ika Ligi\u2019nin 12. haftas\u0131nda Standard Liege\u2019e 3-0 yenilerek liderlik koltu\u011fundan inen Antwerp\u2019te Radja Nainggolan sahalarda g\u00f6r\u00fclmeyen bir harekete imza att\u0131.<\/p>\n<p>34 ya\u015f\u0131ndaki Bel\u00e7ikal\u0131 futbolcu, yedek olarak soyundu\u011fu kar\u015f\u0131la\u015fma \u00f6ncesinde tak\u0131mdaki di\u011fer yedek oyuncularla kul\u00fcbede otururken elektronik sigara i\u00e7ti. Bu g\u00f6r\u00fcnt\u00fcler yay\u0131nc\u0131 taraf\u0131ndan da ekranlara getirildi.<\/p>\n<p>Kariyerinde daha \u00f6nce bir\u00e7ok kez alkol ve sigara sorunlar\u0131yla g\u00fcndeme gelen Nainggolan, 3-0 kaybedilen ma\u00e7\u0131n ikinci yar\u0131s\u0131n\u0131n ba\u015f\u0131nda oyuna dahil olmu\u015ftu.<\/p>\n<div><img decoding=\"async\" src=\"https:\/\/i01.sozcucdn.com\/wp-content\/uploads\/2022\/10\/18\/nainggolan-depo.jpg\" alt=\"\" title=\"\"><\/p>\n<p>Foto\u011fraf: DepoPhotos | Antwerp sezon ba\u015f\u0131nda temsilcimiz Ba\u015fak\u015fehir\u2019e UEFA Konferans Ligi\u2019nde elenmi\u015fti.<\/p>\n<\/div>\n<p><b>KUL\u00dcB\u00dc S\u00dcRES\u0130Z KADRO DI\u015eI BIRAKTI<\/b><\/p>\n<p>Kul\u00fcpten yap\u0131lan a\u00e7\u0131klamada, \u201cKul\u00fcb\u00fcm\u00fcz Nainggolan\u2019\u0131n istekleri ve beklentileri odakl\u0131 bir g\u00f6r\u00fc\u015fme ger\u00e7ekle\u015ftirdi. Radja\u2019y\u0131 bu y\u00fczden s\u00fcresiz kadro d\u0131\u015f\u0131 b\u0131rakma karar\u0131 ald\u0131k\u201d duyurusu yap\u0131ld\u0131.<\/p>\n<p><b>\u201cBANA G\u00d6RE OLMAYAN ANCAK KABUL EDEB\u0130LECE\u011e\u0130M\u2026\u201d<\/b><\/p>\n<p>Antwerp\u2019in verdi\u011fi kadro d\u0131\u015f\u0131 karar\u0131 sonras\u0131nda Nainggolan da bir a\u00e7\u0131klama yaparak, \u201c\u00dczg\u00fcn oldu\u011fumu belirtmek istiyorum. Yapt\u0131\u011f\u0131m hareketin yanl\u0131\u015f oldu\u011funu biliyorum ama o an d\u00fc\u015f\u00fcnmeden hareket ettim. Kul\u00fcp, bana g\u00f6re olmayan ancak kabul edebilece\u011fim bir karar verdi. Her \u015fekilde kul\u00fcb\u00fcme hizmet etmeye devam edece\u011fim\u201d ifadelerini kulland\u0131.<\/p>\n<p><b>\u201cHERKES S\u0130GARA \u0130\u00c7T\u0130\u011e\u0130M\u0130 B\u0130L\u0130YOR\u201d<\/b><\/p>\n<p>Nainggolan, daha \u00f6nce de sigara i\u00e7ti\u011fini ve bunu saklamad\u0131\u011f\u0131n\u0131 a\u00e7\u0131klam\u0131\u015ft\u0131. Y\u0131ld\u0131z isim, \u201cHi\u00e7 bir zaman bu durumdan dolay\u0131 utan\u00e7 duymad\u0131m. Bu durumu gizlemek de izlemedim. \u0130yi bir \u00f6rnek olmam gerekti\u011fini biliyorum. \u00c7ocuklar\u0131m var. Ancak ben sadece futbolcuyum. \u0130\u015fimi yap\u0131yorum. Herkes sigara i\u00e7ti\u011fimi biliyor.\u201d demi\u015fti.<\/p>\n","protected":false},"excerpt":{"rendered":"<p>Kariyerinde Inter, Roma gibi tak\u0131mlarda forma giyen Bel\u00e7ikal\u0131 Radja Nainggolan, ma\u00e7 \u00f6ncesi sigara i\u00e7ti\u011fi i\u00e7in Antwerp taraf\u0131ndan kadro d\u0131\u015f\u0131 &#8230;<\/p>\n","protected":false},"author":1,"featured_media":39730,"comment_status":"closed","ping_status":"open","sticky":false,"template":"","format":"standard","meta":{"footnotes":""},"categories":[31],"tags":[7673,648],"class_list":["post-39729","post","type-post","status-publish","format-standard","has-post-thumbnail","hentry","category-spor","tag-nainggolan","tag-sigara"],"_links":{"self":[{"href":"https:\/\/haberulus.net\/index.php?rest_route=\/wp\/v2\/posts\/39729","targetHints":{"allow":["GET"]}}],"collection":[{"href":"https:\/\/haberulus.net\/index.php?rest_route=\/wp\/v2\/posts"}],"about":[{"href":"https:\/\/haberulus.net\/index.php?rest_route=\/wp\/v2\/types\/post"}],"author":[{"embeddable":true,"href":"https:\/\/haberulus.net\/index.php?rest_route=\/wp\/v2\/users\/1"}],"replies":[{"embeddable":true,"href":"https:\/\/haberulus.net\/index.php?rest_route=%2Fwp%2Fv2%2Fcomments&post=39729"}],"version-history":[{"count":1,"href":"https:\/\/haberulus.net\/index.php?rest_route=\/wp\/v2\/posts\/39729\/revisions"}],"predecessor-version":[{"id":39731,"href":"https:\/\/haberulus.net\/index.php?rest_route=\/wp\/v2\/posts\/39729\/revisions\/39731"}],"wp:featuredmedia":[{"embeddable":true,"href":"https:\/\/haberulus.net\/index.php?rest_route=\/wp\/v2\/media\/39730"}],"wp:attachment":[{"href":"https:\/\/haberulus.net\/index.php?rest_route=%2Fwp%2Fv2%2Fmedia&parent=39729"}],"wp:term":[{"taxonomy":"category","embeddable":true,"href":"https:\/\/haberulus.net\/index.php?rest_route=%2Fwp%2Fv2%2Fcategories&post=39729"},{"taxonomy":"post_tag","embeddable":true,"href":"https:\/\/haberulus.net\/index.php?rest_route=%2Fwp%2Fv2%2Ftags&post=39729"}],"curies":[{"name":"wp","href":"https:\/\/api.w.org\/{rel}","templated":true}]}}