{"id":39786,"date":"2022-10-18T10:52:04","date_gmt":"2022-10-18T10:52:04","guid":{"rendered":"https:\/\/haberulus.net\/?p=39786"},"modified":"2022-10-18T10:52:04","modified_gmt":"2022-10-18T10:52:04","slug":"thibaut-courtois-59-yildir-kaleciye-verilmeyen-ballon-dor-icin-tepkili","status":"publish","type":"post","link":"https:\/\/haberulus.net\/?p=39786","title":{"rendered":"Thibaut Courtois 59 y\u0131ld\u0131r kaleciye verilmeyen Ballon d\u2019Or i\u00e7in tepkili!"},"content":{"rendered":"<p><b>Real Madrid&#8217;in ba\u015far\u0131l\u0131 file bek\u00e7isi Thibaut Courtois, tak\u0131m arkada\u015f\u0131 Karim Benzema&#8217;n\u0131n kazand\u0131\u011f\u0131 Ballon d&#8217;Or i\u00e7in tepki g\u00f6sterdi. Frans\u0131z y\u0131ld\u0131z i\u00e7in mutlu oldu\u011funu belirten Courtois, bir kaleci olarak bu \u00f6d\u00fcl\u00fc kazanman\u0131n imkans\u0131z oldu\u011funu s\u00f6yledi.<\/b><\/p>\n<p>\u0130spanya La Liga ekiplerinden Real Madrid\u2019in kalecisi Thibaut Courtois, mevkisi nedeniyle Alt\u0131n Top (Ballon d\u2019Or) \u00f6d\u00fcl\u00fcn\u00fc kazanmas\u0131na imkan verilmeyece\u011fini s\u00f6yledi.<\/p>\n<p>France Football dergisi taraf\u0131ndan Fransa\u2019n\u0131n ba\u015fkenti Paris\u2019teki Chatelet Tiyatrosu\u2019nda d\u00fcn d\u00fczenlenen t\u00f6renle en iyi kaleciye verilen Lev Ya\u015fin \u00f6d\u00fcl\u00fcn\u00fc kazanan Bel\u00e7ikal\u0131 file bek\u00e7isi, duygular\u0131n\u0131 dile getirdi.<\/p>\n<p><b>BENZEMA ADINA MUTLU, KEND\u0130 ADINA UMUTSUZ!<\/b><\/p>\n<p>Fransa bas\u0131n\u0131na konu\u015fan 30 ya\u015f\u0131ndaki kaleci, tak\u0131m arkada\u015f\u0131 Karim Benzema\u2019n\u0131n Alt\u0131n Top \u00f6d\u00fcl\u00fcn\u00fc kazanmas\u0131ndan memnuniyet duymas\u0131na ra\u011fmen organizasyonun kalecilere yeterince \u00f6nem vermedi\u011fine dikkati \u00e7ekerek, \u201cHer \u015feyden \u00f6nce, Karim ad\u0131na \u00e7ok mutluyum. Futbolda gol atmak, gol kurtarmaktan her zaman daha \u00f6nemli olacak gibi g\u00f6z\u00fck\u00fcyor. Futbol, atan\u0131n \u00f6nem kazand\u0131\u011f\u0131 bir oyun olmaya devam edecek. \u2018Bu \u00f6d\u00fcl\u00fc benim kazanmam gerekiyordu\u2019 demiyorum ama \u015eampiyonlar Ligi ve La Liga\u2019y\u0131 kazanan bir kaleci olarak podyuma bile \u00e7\u0131kamad\u0131m.\u201d ifadelerini kulland\u0131.<\/p>\n<p><img decoding=\"async\" src=\"https:\/\/i01.sozcucdn.com\/wp-content\/uploads\/2022\/10\/18\/courtois-reuters.jpg\" alt=\"\" title=\"\"><\/p>\n<p>Kalecilerin \u00f6d\u00fcllerde arka planda kalmas\u0131ndan \u015fikayet eden Courtois, \u201cOylaman\u0131n mant\u0131\u011f\u0131n\u0131 anl\u0131yorum ve \u00f6d\u00fcl\u00fc kazanma ihtimalim olmad\u0131\u011f\u0131n\u0131n fark\u0131nday\u0131m. Bu \u00f6d\u00fcl\u00fc, bir kaleci olarak alman\u0131za imkan yok. Ge\u00e7en y\u0131l yapt\u0131klar\u0131m\u0131n \u00fcst\u00fcne \u00e7\u0131kabilecek bir kaleci performans\u0131 olabilece\u011finden \u015f\u00fcpheliyim.\u201d de\u011ferlendirmesinde bulundu.<\/p>\n<p><b>ESK\u0130 KALEC\u0130 CASILLAS DA DESTEK VERD\u0130<\/b><\/p>\n<p>Real Madrid\u2019in eski kalecisi Iker Casillas da Courtois\u2019ya sosyal medya sitesi Twitter hesab\u0131ndan destek verdi. \u00d6d\u00fcl t\u00f6reninde Courtois\u2019n\u0131n hakk\u0131n\u0131n yendi\u011fini savunan \u0130spanyol kaleci, \u201cCourtois, bence d\u00fcnyan\u0131n a\u00e7\u0131k ara en iyi kalecisi. Ballon d\u2019Or\u2019da en az\u0131ndan podyuma bile \u00e7\u0131kamamas\u0131 nedeniyle \u00e7ok \u00fczg\u00fcn\u00fcm. Bu \u00f6d\u00fcl, hangi kriterlere g\u00f6re veriliyor, hala anlamad\u0131m.\u201d mesaj\u0131n\u0131 payla\u015ft\u0131.<\/p>\n<p>Y\u0131l\u0131n oyuncusuna verilen Alt\u0131n Top \u00f6d\u00fcl\u00fcnde Benzema\u2019n\u0131n ard\u0131ndan Senegalli Sadio Mane 2\u2019nci, Bek\u00e7ikal\u0131 Kevin De Bruyne 3\u2019\u00fcnc\u00fc s\u0131ray\u0131 alarak podyuma \u00e7\u0131km\u0131\u015ft\u0131. Courtois ise genel s\u0131ralamada yedincilik elde etmi\u015fti. Alt\u0131n Top \u00f6d\u00fcl\u00fcn\u00fc, kaleci mevkisinde son olarak 1963 y\u0131l\u0131nda, Rus Lev Ya\u015fin kazanm\u0131\u015ft\u0131.<\/p>\n<p>(AA)<\/p>\n","protected":false},"excerpt":{"rendered":"<p>Real Madrid&#8217;in ba\u015far\u0131l\u0131 file bek\u00e7isi Thibaut Courtois, tak\u0131m arkada\u015f\u0131 Karim Benzema&#8217;n\u0131n kazand\u0131\u011f\u0131 Ballon d&#8217;Or i\u00e7in tepki g\u00f6sterdi. Frans\u0131z y\u0131ld\u0131z &#8230;<\/p>\n","protected":false},"author":1,"featured_media":39787,"comment_status":"closed","ping_status":"open","sticky":false,"template":"","format":"standard","meta":{"footnotes":""},"categories":[31],"tags":[7686,3656,7685],"class_list":["post-39786","post","type-post","status-publish","format-standard","has-post-thumbnail","hentry","category-spor","tag-courtois","tag-kaleci","tag-kazanma"],"_links":{"self":[{"href":"https:\/\/haberulus.net\/index.php?rest_route=\/wp\/v2\/posts\/39786","targetHints":{"allow":["GET"]}}],"collection":[{"href":"https:\/\/haberulus.net\/index.php?rest_route=\/wp\/v2\/posts"}],"about":[{"href":"https:\/\/haberulus.net\/index.php?rest_route=\/wp\/v2\/types\/post"}],"author":[{"embeddable":true,"href":"https:\/\/haberulus.net\/index.php?rest_route=\/wp\/v2\/users\/1"}],"replies":[{"embeddable":true,"href":"https:\/\/haberulus.net\/index.php?rest_route=%2Fwp%2Fv2%2Fcomments&post=39786"}],"version-history":[{"count":1,"href":"https:\/\/haberulus.net\/index.php?rest_route=\/wp\/v2\/posts\/39786\/revisions"}],"predecessor-version":[{"id":39788,"href":"https:\/\/haberulus.net\/index.php?rest_route=\/wp\/v2\/posts\/39786\/revisions\/39788"}],"wp:featuredmedia":[{"embeddable":true,"href":"https:\/\/haberulus.net\/index.php?rest_route=\/wp\/v2\/media\/39787"}],"wp:attachment":[{"href":"https:\/\/haberulus.net\/index.php?rest_route=%2Fwp%2Fv2%2Fmedia&parent=39786"}],"wp:term":[{"taxonomy":"category","embeddable":true,"href":"https:\/\/haberulus.net\/index.php?rest_route=%2Fwp%2Fv2%2Fcategories&post=39786"},{"taxonomy":"post_tag","embeddable":true,"href":"https:\/\/haberulus.net\/index.php?rest_route=%2Fwp%2Fv2%2Ftags&post=39786"}],"curies":[{"name":"wp","href":"https:\/\/api.w.org\/{rel}","templated":true}]}}