{"id":39846,"date":"2022-10-18T12:21:04","date_gmt":"2022-10-18T12:21:04","guid":{"rendered":"https:\/\/haberulus.net\/?p=39846"},"modified":"2022-10-18T12:21:04","modified_gmt":"2022-10-18T12:21:04","slug":"fransada-bircok-sektorde-grev-var","status":"publish","type":"post","link":"https:\/\/haberulus.net\/?p=39846","title":{"rendered":"Fransa\u2019da bir\u00e7ok sekt\u00f6rde grev var"},"content":{"rendered":"<p><b>Sendikalar\u0131n \u00e7a\u011fr\u0131s\u0131yla toplu ula\u015f\u0131m, e\u011fitim, sa\u011fl\u0131k gibi \u00e7ok say\u0131da meslek grubu enflasyon oranlar\u0131yla uyumlu maa\u015f art\u0131\u015f\u0131 talebiyle greve gitti.<\/b><\/p>\n<p>Fransa genelinde \u00e7ok say\u0131da meslek mensubu maa\u015f art\u0131\u015f\u0131 talebiyle greve gitti. Farkl\u0131 sendikalar\u0131n \u00e7a\u011fr\u0131s\u0131yla toplu ula\u015f\u0131m, e\u011fitim, sa\u011fl\u0131k dahil \u00e7ok say\u0131da meslek grubu grev ilan ederek, enflasyon oran\u0131yla uyumlu maa\u015f art\u0131\u015f\u0131 talep ediyor.<\/p>\n<p>Fransa\u2019n\u0131n demir yolu i\u015fletmecisi SNCF i\u015f\u00e7ilerinin greve kat\u0131l\u0131m\u0131yla tren seferlerinde aksamalar nedeniyle ula\u015f\u0131m, e\u011fitim, sa\u011fl\u0131k ba\u015fta olmak \u00fczere bir\u00e7ok sekt\u00f6rde ciddi aksamalar \u00f6ng\u00f6r\u00fcl\u00fcyor.<\/p>\n<p><b>140 B\u0130N K\u0130\u015e\u0130 HAYAT PAHALILI\u011eINI PROTESTO ETM\u0130\u015eT\u0130<\/b><\/p>\n<p>SNCF i\u015f\u00e7ileri, yeni personel al\u0131m\u0131 talep ederken, eyl\u00fcl sonundan bu yana grevdeki akaryak\u0131t i\u015f\u00e7ileri kazan\u00e7lar\u0131na \u201cmuadil \u00f6deme\u201d talep ediyor. Fransa\u2019n\u0131n ba\u015fkenti Paris\u2019te 16 Ekim\u2019de hayat pahal\u0131l\u0131\u011f\u0131na kar\u015f\u0131 bir g\u00f6steri yap\u0131lm\u0131\u015ft\u0131. Organizat\u00f6rlere g\u00f6re protestoda, 140 bin ki\u015fi y\u00fcr\u00fcm\u00fc\u015ft\u00fc.<\/p>\n<p>G\u00f6stericilerden baz\u0131lar\u0131n\u0131n bir bankan\u0131n camlar\u0131n\u0131 ve yak\u0131ndaki bankamatikleri k\u0131rmas\u0131 dikkati \u00e7ekmi\u015fti. Fransa\u2019da enflasyon eyl\u00fclde y\u0131ll\u0131k y\u00fczde 6,2 seviyesinde ger\u00e7ekle\u015fti. (AA)<\/p>\n","protected":false},"excerpt":{"rendered":"<p>Sendikalar\u0131n \u00e7a\u011fr\u0131s\u0131yla toplu ula\u015f\u0131m, e\u011fitim, sa\u011fl\u0131k gibi \u00e7ok say\u0131da meslek grubu enflasyon oranlar\u0131yla uyumlu maa\u015f art\u0131\u015f\u0131 talebiyle greve gitti &#8230;<\/p>\n","protected":false},"author":1,"featured_media":39847,"comment_status":"closed","ping_status":"open","sticky":false,"template":"","format":"standard","meta":{"footnotes":""},"categories":[25],"tags":[522],"class_list":["post-39846","post","type-post","status-publish","format-standard","has-post-thumbnail","hentry","category-ekonomi","tag-grev"],"_links":{"self":[{"href":"https:\/\/haberulus.net\/index.php?rest_route=\/wp\/v2\/posts\/39846","targetHints":{"allow":["GET"]}}],"collection":[{"href":"https:\/\/haberulus.net\/index.php?rest_route=\/wp\/v2\/posts"}],"about":[{"href":"https:\/\/haberulus.net\/index.php?rest_route=\/wp\/v2\/types\/post"}],"author":[{"embeddable":true,"href":"https:\/\/haberulus.net\/index.php?rest_route=\/wp\/v2\/users\/1"}],"replies":[{"embeddable":true,"href":"https:\/\/haberulus.net\/index.php?rest_route=%2Fwp%2Fv2%2Fcomments&post=39846"}],"version-history":[{"count":1,"href":"https:\/\/haberulus.net\/index.php?rest_route=\/wp\/v2\/posts\/39846\/revisions"}],"predecessor-version":[{"id":39848,"href":"https:\/\/haberulus.net\/index.php?rest_route=\/wp\/v2\/posts\/39846\/revisions\/39848"}],"wp:featuredmedia":[{"embeddable":true,"href":"https:\/\/haberulus.net\/index.php?rest_route=\/wp\/v2\/media\/39847"}],"wp:attachment":[{"href":"https:\/\/haberulus.net\/index.php?rest_route=%2Fwp%2Fv2%2Fmedia&parent=39846"}],"wp:term":[{"taxonomy":"category","embeddable":true,"href":"https:\/\/haberulus.net\/index.php?rest_route=%2Fwp%2Fv2%2Fcategories&post=39846"},{"taxonomy":"post_tag","embeddable":true,"href":"https:\/\/haberulus.net\/index.php?rest_route=%2Fwp%2Fv2%2Ftags&post=39846"}],"curies":[{"name":"wp","href":"https:\/\/api.w.org\/{rel}","templated":true}]}}