{"id":39888,"date":"2022-10-18T12:51:09","date_gmt":"2022-10-18T12:51:09","guid":{"rendered":"https:\/\/haberulus.net\/?p=39888"},"modified":"2022-10-18T12:51:09","modified_gmt":"2022-10-18T12:51:09","slug":"bodrumda-yelkenli-teknelerle-deniz-festivali","status":"publish","type":"post","link":"https:\/\/haberulus.net\/?p=39888","title":{"rendered":"Bodrum\u2019da yelkenli teknelerle deniz festivali"},"content":{"rendered":"<p><b>Bodrum&#8217;da bu y\u0131l 34&#8217;\u00fcnc\u00fcs\u00fc ger\u00e7ekle\u015ftirilen &#8216;The Bodrum Cup&#8217; yelken yar\u0131\u015flar\u0131 Bodrum-\u00c7\u00f6kertme etab\u0131yla start verdi. 70 teknenin yar\u0131\u015fa kat\u0131ld\u0131\u011f\u0131 etapta yakla\u015f\u0131k 1500 yar\u0131\u015f\u00e7\u0131 k\u0131yas\u0131ya m\u00fccadeleye ba\u015flad\u0131.<\/b><\/p>\n<p>Bodrum\u2019da, bu y\u0131l 34\u2019\u00fcnc\u00fcs\u00fc ger\u00e7ekle\u015ftirilen\u00a0 The Bodrum Cup yelken yar\u0131\u015flar\u0131nda g\u00fcn\u00fcn ilk start\u0131 verildi.<\/p>\n<div><img decoding=\"async\" src=\"https:\/\/i01.sozcucdn.com\/wp-content\/uploads\/2022\/10\/18\/resim3_21399840.jpg\" alt=\"\" title=\"\"><\/p>\n<p>.<\/p>\n<\/div>\n<p>Karaada yak\u0131nlar\u0131nda yelkenli tekne \u00fczerinden protokol \u00fcyeleri denize \u00e7elenk b\u0131rakt\u0131, akabinde sayg\u0131 duru\u015funda bulunuldu. Sirenlerin \u00e7almas\u0131yla birlikte 34\u2019\u00fcnc\u00fc The Bodrum Cup yelken yar\u0131\u015flar\u0131n\u0131n Bodrum-\u00c7\u00f6kertme etab\u0131 ba\u015flam\u0131\u015f oldu. Bu kapsamda, ilk etap yar\u0131\u015f\u0131na 70 tekne ve yakla\u015f\u0131k 1500 yar\u0131\u015f\u00e7\u0131 kat\u0131ld\u0131.<\/p>\n<div><img decoding=\"async\" src=\"https:\/\/i01.sozcucdn.com\/wp-content\/uploads\/2022\/10\/18\/resim4_21399835.jpg\" alt=\"\" title=\"\"><\/p>\n<p>.<\/p>\n<\/div>\n<p><strong>\u2018MAV\u0130Y\u0130 KORUYALIM\u2019<\/strong><\/p>\n<p>S\u00fcrd\u00fcr\u00fclebilir mavinin \u00f6nemine de\u011finen The Bodrum Cup Onursal Ba\u015fkan\u0131 Erman Aras, \u201c\u00c7ok g\u00fczel bir Bodrum sabah\u0131nda yine hep birlikteyiz. 34\u2019\u00fcnc\u00fc y\u0131l\u0131m\u0131za ba\u015fl\u0131yoruz, Bodrum Cup 34 ya\u015f\u0131nda. 70 yar\u0131\u015fan tekne, organizasyon tekneleri ve onlar\u0131n destek\u00e7i tekneleriyle beraber 100\u2019\u00fcn \u00fczerinde \u00e7ok g\u00fczel bir ekiple birlikte Bodrum\u2019dan a\u00e7\u0131l\u0131yoruz\u201d dedi.<\/p>\n<div><img decoding=\"async\" src=\"https:\/\/i01.sozcucdn.com\/wp-content\/uploads\/2022\/10\/18\/resim5_21399837.jpg\" alt=\"\" title=\"\"><\/p>\n<p>.<\/p>\n<\/div>\n<p><strong>\u201cAKDEN\u0130Z\u2019\u0130 KORUMAMIZ GEREK\u0130YOR\u201d\u00a0<\/strong><\/p>\n<p>Aras \u015f\u00f6yle konu\u015ftu: \u201cEge ve Akdeniz k\u0131y\u0131lar\u0131nday\u0131z ve yar\u0131\u015flar 5 etaptan olu\u015fuyor. 5 g\u00fcn s\u00fcresi boyunca toplam 80 millik bir parkurda yar\u0131\u015faca\u011f\u0131z. Bodrum Cup tam bir deniz festivali, bu y\u0131lki b\u00fct\u00fcn anonslar\u0131m\u0131zda hep \u015funu s\u00f6yledik.<\/p>\n<div><img decoding=\"async\" src=\"https:\/\/i01.sozcucdn.com\/wp-content\/uploads\/2022\/10\/18\/resim7_21399832.jpg\" alt=\"\" title=\"\"><\/p>\n<p>.<\/p>\n<\/div>\n<p>Akdeniz milyonlarca insana ekmek kap\u0131s\u0131 ama s\u00fcrd\u00fcrebilirlik a\u00e7\u0131s\u0131ndan bizim Akdeniz\u2019i korumam\u0131z gerekiyor. Maviyi korursak bizden sonraki nesiller de Akdeniz\u2019in nimetlerinden faydalan\u0131p ge\u00e7inebilecekler.<\/p>\n<div><img decoding=\"async\" src=\"https:\/\/i01.sozcucdn.com\/wp-content\/uploads\/2022\/10\/18\/resim8_21399833.jpg\" alt=\"\" title=\"\"><\/p>\n<p>.<\/p>\n<\/div>\n<p>O y\u00fczden The Bodrum Cup olarak diyoruz ki; maviyi koruyal\u0131m. The Bodrum Cup\u2019\u0131 34 y\u0131ld\u0131r yabanc\u0131 konuklar ve yar\u0131\u015f\u00e7\u0131lar ile birlikte yap\u0131yoruz. Bu y\u0131l da 17 yabanc\u0131 bayrakl\u0131 yar\u0131\u015f yat\u0131m\u0131z ve yakla\u015f\u0131k 100\u2019\u00fcn \u00fczerinde yabanc\u0131 misafirimiz kat\u0131l\u0131yor.\u201d<\/p>\n<div><img decoding=\"async\" src=\"https:\/\/i01.sozcucdn.com\/wp-content\/uploads\/2022\/10\/18\/resim9_21399831.jpg\" alt=\"\" title=\"\"><\/p>\n<p>.<\/p>\n<\/div>\n<p><strong>\u201c1500 YARI\u015e\u00c7I DEN\u0130Z \u00dcZER\u0130NDE\u201d\u00a0<\/strong><\/p>\n<p>American Hospital The Bodrum Cup Komite Ba\u015fkan\u0131 S\u00fcleyman Uysal ise \u201c34\u2019\u00fcnc\u00fc The Bodrum Cup\u2019\u0131n bug\u00fcn yar\u0131\u015f g\u00fcn\u00fc, Bodrum Karaada \u00f6n\u00fcnden start\u0131 verece\u011fiz. Bu y\u0131l bizim i\u00e7in \u00e7ok \u00f6nemli bir sene, pandemiden sonra \u00f6nemli kat\u0131l\u0131mc\u0131lar\u0131n olu\u015ftu\u011fu bir y\u0131l oldu. Dolay\u0131s\u0131yla \u00e7ok ciddi bir filo kalabal\u0131\u011f\u0131 ve kat\u0131l\u0131mc\u0131yla 34\u2019\u00fcnc\u00fc The Bodrum Cup\u2019\u0131n bug\u00fcn start\u0131n\u0131 veriyor olaca\u011f\u0131z. D\u00fcn ak\u015fam yar\u0131\u015fmac\u0131lar\u0131m\u0131zla beraberdik. Herkes inan\u0131lmaz heyecanl\u0131, yabanc\u0131 kat\u0131l\u0131mc\u0131 say\u0131m\u0131z tekrar art\u0131\u015fta. Bug\u00fcn itibariyle yakla\u015f\u0131k 1500 yar\u0131\u015f\u00e7\u0131 deniz \u00fczerinde\u201d diye konu\u015ftu. DHA<\/p>\n","protected":false},"excerpt":{"rendered":"<p>Bodrum&#8217;da bu y\u0131l 34&#8217;\u00fcnc\u00fcs\u00fc ger\u00e7ekle\u015ftirilen &#8216;The Bodrum Cup&#8217; yelken yar\u0131\u015flar\u0131 Bodrum-\u00c7\u00f6kertme etab\u0131yla start verdi. 70 teknenin yar\u0131\u015fa kat\u0131ld\u0131\u011f\u0131 &#8230;<\/p>\n","protected":false},"author":1,"featured_media":39889,"comment_status":"closed","ping_status":"open","sticky":false,"template":"","format":"standard","meta":{"footnotes":""},"categories":[33],"tags":[1761,144,749,7697,411],"class_list":["post-39888","post","type-post","status-publish","format-standard","has-post-thumbnail","hentry","category-yasam","tag-akdeniz","tag-bodrum","tag-tekne","tag-the-bodrum-cup","tag-yaris"],"_links":{"self":[{"href":"https:\/\/haberulus.net\/index.php?rest_route=\/wp\/v2\/posts\/39888","targetHints":{"allow":["GET"]}}],"collection":[{"href":"https:\/\/haberulus.net\/index.php?rest_route=\/wp\/v2\/posts"}],"about":[{"href":"https:\/\/haberulus.net\/index.php?rest_route=\/wp\/v2\/types\/post"}],"author":[{"embeddable":true,"href":"https:\/\/haberulus.net\/index.php?rest_route=\/wp\/v2\/users\/1"}],"replies":[{"embeddable":true,"href":"https:\/\/haberulus.net\/index.php?rest_route=%2Fwp%2Fv2%2Fcomments&post=39888"}],"version-history":[{"count":1,"href":"https:\/\/haberulus.net\/index.php?rest_route=\/wp\/v2\/posts\/39888\/revisions"}],"predecessor-version":[{"id":39890,"href":"https:\/\/haberulus.net\/index.php?rest_route=\/wp\/v2\/posts\/39888\/revisions\/39890"}],"wp:featuredmedia":[{"embeddable":true,"href":"https:\/\/haberulus.net\/index.php?rest_route=\/wp\/v2\/media\/39889"}],"wp:attachment":[{"href":"https:\/\/haberulus.net\/index.php?rest_route=%2Fwp%2Fv2%2Fmedia&parent=39888"}],"wp:term":[{"taxonomy":"category","embeddable":true,"href":"https:\/\/haberulus.net\/index.php?rest_route=%2Fwp%2Fv2%2Fcategories&post=39888"},{"taxonomy":"post_tag","embeddable":true,"href":"https:\/\/haberulus.net\/index.php?rest_route=%2Fwp%2Fv2%2Ftags&post=39888"}],"curies":[{"name":"wp","href":"https:\/\/api.w.org\/{rel}","templated":true}]}}