{"id":39900,"date":"2022-10-18T13:21:03","date_gmt":"2022-10-18T13:21:03","guid":{"rendered":"https:\/\/haberulus.net\/?p=39900"},"modified":"2022-10-18T13:21:03","modified_gmt":"2022-10-18T13:21:03","slug":"katar-enerji-bakani-avrupada-enerji-krizi-2025e-kadar-surebilir","status":"publish","type":"post","link":"https:\/\/haberulus.net\/?p=39900","title":{"rendered":"Katar Enerji Bakan\u0131: Avrupa\u2019da enerji krizi 2025\u2019e kadar s\u00fcrebilir"},"content":{"rendered":"<p><b>Katar Enerji Bakan\u0131, Avrupa&#8217;n\u0131n gelecek y\u0131l \u00e7ok daha k\u00f6t\u00fc bir enerji krizi riski alt\u0131nda oldu\u011funu belirterek Ukrayna sava\u015f\u0131n\u0131n devam etmesi ve Rus gaz\u0131n\u0131n geri d\u00f6nmemesi halinde arz sorununun 2025&#8217;e kadar s\u00fcrebilece\u011fini s\u00f6yledi.<\/b><\/p>\n<p>Katar Enerji Bakan\u0131 Saad al-Kaabi, Ukrayna sava\u015f\u0131n\u0131n devam etmesi ve Rus gaz\u0131n\u0131n geri d\u00f6nmemesi halinde arz sorununun 2025\u2019e kadar s\u00fcrebilece\u011fini s\u00f6yledi.<\/p>\n<p>Kaabi, Avrupa\u2019n\u0131n bu k\u0131\u015f elektrik ve \u0131s\u0131tma i\u00e7in yeterli gaza sahip olmas\u0131 gerekti\u011fini belirterek rezervler t\u00fckendik\u00e7e 2023\u2019te daha zorlu bir m\u00fccadelenin gelece\u011fi konusunda uyard\u0131.<\/p>\n<p><b>2025\u2019E KADAR UZAYAB\u0130L\u0130R<\/b><\/p>\n<p>Avrupa\u2019da sert bir k\u0131\u015f olmas\u0131 durumunda \u201cgelecek y\u0131l \u00e7ok daha k\u00f6t\u00fc olaca\u011f\u0131n\u0131\u201d s\u00f6yleyen Kaabi, \u201cRus gaz\u0131 geri akmaya ba\u015flamazsa, enerji krizi 2025\u2019e kadar uzayabilir\u201d dedi. Kaabi, \u201c\u015eu an depolar\u0131n dolu olmas\u0131 sorun de\u011fil. \u00d6n\u00fcm\u00fczdeki y\u0131l i\u00e7in rezervleri veya depoyu ger\u00e7ekten yenilemek sorun olacak. Yani gelecek y\u0131l ve sonraki y\u0131l, hatta 2025\u2019e kadar sorun s\u00fcrebilir\u201d diye konu\u015ftu.<\/p>\n<p>Bir\u00e7ok Avrupa \u00fclkesi Rus fosil yak\u0131tlar\u0131ndan vazge\u00e7mek istedikleri i\u00e7in\u00a0 alternatif ararken d\u00fcnyan\u0131n en b\u00fcy\u00fck s\u0131v\u0131la\u015ft\u0131r\u0131lm\u0131\u015f do\u011fal gaz ihracat\u00e7\u0131s\u0131 olan Katar\u2019la g\u00f6r\u00fc\u015fmelerde bulunmu\u015ftu. Ancak Kaabi, \u201cAvrupa\u2019da s\u0131f\u0131r Rus gaz\u0131\u201d senaryosu ile bir gelecek tasavvur edilemeyece\u011fi konusunda uyard\u0131.<\/p>\n<p><b>KATAR LNG\u2019S\u0130 AVRUPA\u2019YA YETMEZ<\/b><\/p>\n<p>Rusya, ge\u00e7en y\u0131l AB \u00fclkelerine yakla\u015f\u0131k 155 milyar metrek\u00fcp do\u011fal gaz sa\u011flad\u0131 ve bu miktar blo\u011fun toplam gaz t\u00fcketiminin yakla\u015f\u0131k y\u00fczde 40\u2019\u0131n\u0131 olu\u015fturdu. Avrupa ise Cezayir ve Norve\u00e7 gibi \u00fclkelerden gaz tedarikini ve uzak b\u00f6lgelerden LNG ithalat\u0131n\u0131 art\u0131rarak bu ba\u011f\u0131ml\u0131l\u0131\u011f\u0131 azaltmay\u0131 umuyor.<\/p>\n<p>Ancak Avrupa Birli\u011fi \u00fcyesi \u00fclkeler Rus gaz\u0131n\u0131n ikamesi i\u00e7in t\u00fcm piyasan\u0131n \u00fc\u00e7te birine e\u015fde\u011fer olan y\u0131ll\u0131k 112 milyon ton LNG\u2019ye ihtiya\u00e7 duyuyor. Katar ise halihaz\u0131rda LNG\u2019sinin y\u00fczde 70\u2019ini Asyal\u0131 m\u00fc\u015fterilere uzun vadeli sabit s\u00f6zle\u015fmelerle sevk ediyor. \u00dclke yeni projeler devreye girene kadar mevcut \u00fcretiminin sadece y\u00fczde 10-15\u2019ini Avrupa\u2019ya y\u00f6nlendirebilecek durumda.<\/p>\n<p><b>AVRUPA \u00dcLKELER\u0130 KATAR\u2019LA G\u00d6R\u00dc\u015e\u00dcYOR<\/b><\/p>\n<p>AB \u00fclkelerinin yan\u0131nda \u0130ngiltere de, K\u00f6rfez devletinin \u201cson \u00e7are tedarik\u00e7isi\u201d olmas\u0131 i\u00e7in Katar ile neredeyse bir y\u0131l \u00f6nce m\u00fczakerelere ba\u015flam\u0131\u015ft\u0131. Bu ay \u0130ngiltere Enerji Bakan\u0131 Jacob Rees-Mogg ile g\u00f6r\u00fc\u015fen Kaabi bir anla\u015fmaya ne zaman var\u0131laca\u011f\u0131n\u0131 s\u00f6ylemenin zor oldu\u011funu belirtti.<\/p>\n<p>Katar, mart ay\u0131nda Almanya ile de ge\u00e7ici bir anla\u015fma imzalad\u0131. Doha ayr\u0131ca Fransa, \u0130spanya, \u0130talya, Bel\u00e7ika, Polonya ve Slovakya ile ihracat\u0131n art\u0131r\u0131lmas\u0131 konusunda g\u00f6r\u00fc\u015fmelere devam ediyor.<\/p>\n","protected":false},"excerpt":{"rendered":"<p>Katar Enerji Bakan\u0131, Avrupa&#8217;n\u0131n gelecek y\u0131l \u00e7ok daha k\u00f6t\u00fc bir enerji krizi riski alt\u0131nda oldu\u011funu belirterek Ukrayna sava\u015f\u0131n\u0131n devam etmesi ve &#8230;<\/p>\n","protected":false},"author":1,"featured_media":39901,"comment_status":"closed","ping_status":"open","sticky":false,"template":"","format":"standard","meta":{"footnotes":""},"categories":[25],"tags":[253,661,439,69,2093],"class_list":["post-39900","post","type-post","status-publish","format-standard","has-post-thumbnail","hentry","category-ekonomi","tag-avrupa","tag-gaz","tag-katar","tag-rus","tag-ulkeler"],"_links":{"self":[{"href":"https:\/\/haberulus.net\/index.php?rest_route=\/wp\/v2\/posts\/39900","targetHints":{"allow":["GET"]}}],"collection":[{"href":"https:\/\/haberulus.net\/index.php?rest_route=\/wp\/v2\/posts"}],"about":[{"href":"https:\/\/haberulus.net\/index.php?rest_route=\/wp\/v2\/types\/post"}],"author":[{"embeddable":true,"href":"https:\/\/haberulus.net\/index.php?rest_route=\/wp\/v2\/users\/1"}],"replies":[{"embeddable":true,"href":"https:\/\/haberulus.net\/index.php?rest_route=%2Fwp%2Fv2%2Fcomments&post=39900"}],"version-history":[{"count":1,"href":"https:\/\/haberulus.net\/index.php?rest_route=\/wp\/v2\/posts\/39900\/revisions"}],"predecessor-version":[{"id":39902,"href":"https:\/\/haberulus.net\/index.php?rest_route=\/wp\/v2\/posts\/39900\/revisions\/39902"}],"wp:featuredmedia":[{"embeddable":true,"href":"https:\/\/haberulus.net\/index.php?rest_route=\/wp\/v2\/media\/39901"}],"wp:attachment":[{"href":"https:\/\/haberulus.net\/index.php?rest_route=%2Fwp%2Fv2%2Fmedia&parent=39900"}],"wp:term":[{"taxonomy":"category","embeddable":true,"href":"https:\/\/haberulus.net\/index.php?rest_route=%2Fwp%2Fv2%2Fcategories&post=39900"},{"taxonomy":"post_tag","embeddable":true,"href":"https:\/\/haberulus.net\/index.php?rest_route=%2Fwp%2Fv2%2Ftags&post=39900"}],"curies":[{"name":"wp","href":"https:\/\/api.w.org\/{rel}","templated":true}]}}