{"id":40617,"date":"2022-10-19T15:06:07","date_gmt":"2022-10-19T15:06:07","guid":{"rendered":"https:\/\/haberulus.net\/?p=40617"},"modified":"2022-10-19T15:06:07","modified_gmt":"2022-10-19T15:06:07","slug":"iki-madencinin-durumu-kritik","status":"publish","type":"post","link":"https:\/\/haberulus.net\/?p=40617","title":{"rendered":"\u0130ki madencinin durumu kritik"},"content":{"rendered":"<p><b>\u0130stanbul \u0130l Sa\u011fl\u0131k M\u00fcd\u00fcr\u00fc Prof. Dr. Kemal Memi\u015fo\u011flu, Ba\u015fak\u015fehir \u00c7am ve Sakura \u015eehir Hastanesi&#8217;nde tedavileri devam eden madencileri ziyaret etti. Memi\u015fo\u011flu, &#8220;\u0130lk m\u00fcdahaleleri \u00e7ok iyi yap\u0131lm\u0131\u015f, \u015fu anda da hastalar\u0131m\u0131z kritik durumda olmalar\u0131na ra\u011fmen her t\u00fcrl\u00fc tedavi uygulan\u0131yor. Bir s\u00fcre\u00e7 bu. \u00d6zellikle iki hastam\u0131z\u0131n durumlar\u0131 kritik, in\u015fallah onlar da toparlayacak&#8221; dedi.<\/b><\/p>\n<p>\u0130stanbul \u0130l Sa\u011fl\u0131k M\u00fcd\u00fcr\u00fc Memi\u015fo\u011flu: 2 yaral\u0131n\u0131n durumu kritik<br \/>Ba\u015fak\u015fehir, \u00c7am ve Sakura \u015eehir Hastanesi\u2019nde tedavisi devam eden 6 yaral\u0131 madenci ve yak\u0131nlar\u0131n\u0131 \u0130stanbul \u0130l Sa\u011fl\u0131k M\u00fcd\u00fcr\u00fc Prof. Dr. Kemal Memi\u015fo\u011flu \u00f6\u011fle saatlerinde ziyaret etti.<\/p>\n<p>Kemal Memi\u015fo\u011flu ziyaretlerinin ard\u0131ndan a\u00e7\u0131klamalarda bulundu. Konu\u015fmas\u0131na taziye dilekleri ve hastane ekibine te\u015fekk\u00fcrle ba\u015flayan Memi\u015fo\u011flu \u201cBurada bir ekip ruhuyla \u00e7al\u0131\u015f\u0131l\u0131yor. B\u00fct\u00fcn ekip hastalar\u0131m\u0131z\u0131n iyile\u015fmesi i\u00e7in \u00e7aba harc\u0131yorlar, huzurunuzda hepsine te\u015fekk\u00fcr ediyorum. Hasta yak\u0131nlar\u0131 da burada misafirimiz, onlar\u0131n da her t\u00fcrl\u00fc ihtiya\u00e7lar\u0131 hastanemizde kar\u015f\u0131lan\u0131yor\u201d dedi.<\/p>\n<p><strong>DURUMLARI KR\u0130T\u0130K<\/strong><\/p>\n<p>Yaral\u0131lar\u0131n durumu hakk\u0131nda bilgi veren Memi\u015fo\u011flu, \u015funlar\u0131 s\u00f6yledi;<\/p>\n<p>*\u015eu anda, tabi ki geni\u015f yan\u0131klar\u0131 olan hastalar\u0131m\u0131z\u0131n durumlar\u0131nda sadece yan\u0131kla ilgili de\u011fil bir s\u00fcre sonra b\u00fct\u00fcn sistemle alakal\u0131 deste\u011fe ihtiya\u00e7lar\u0131 var. \u0130lk m\u00fcdahaleleri ger\u00e7ekten \u00e7ok iyi yap\u0131lm\u0131\u015f. \u015eu anda da hastalar\u0131m\u0131z kritik durumda olmalar\u0131na ra\u011fmen her t\u00fcrl\u00fc tedavi uygulan\u0131yor.<\/p>\n<p>*Bir s\u00fcre\u00e7 bu, insanlar da merak ediyorlar. \u00d6zellikle iki hastam\u0131z\u0131n durumlar\u0131 kritik, in\u015fallah onlar da toparlayacak. Di\u011fer hastalar\u0131m\u0131z\u0131n da tedavileri devam ediyor. Toplumumuza ge\u00e7mi\u015f olsun dileklerimi iletiyorum.<\/p>\n<p>*Sa\u011fl\u0131k altyap\u0131m\u0131zla elimizden geleni yapaca\u011f\u0131z, bundan sonras\u0131 bir s\u00fcre\u00e7tir hep beraber g\u00f6rece\u011fiz. Allah bizlere bir daha b\u00f6yle \u00fcz\u00fcnt\u00fcler ya\u015fatmas\u0131n. Birlikte her \u015feyin \u00fcstesinden gelecek bir toplumuz. <strong>DHA<\/strong><\/p>\n","protected":false},"excerpt":{"rendered":"<p>\u0130stanbul \u0130l Sa\u011fl\u0131k M\u00fcd\u00fcr\u00fc Prof. Dr. Kemal Memi\u015fo\u011flu, Ba\u015fak\u015fehir \u00c7am ve Sakura \u015eehir Hastanesi&#8217;nde tedavileri devam eden madencileri ziyaret etti &#8230;<\/p>\n","protected":false},"author":1,"featured_media":40618,"comment_status":"closed","ping_status":"open","sticky":false,"template":"","format":"standard","meta":{"footnotes":""},"categories":[26],"tags":[159,7797,376],"class_list":["post-40617","post","type-post","status-publish","format-standard","has-post-thumbnail","hentry","category-gundem","tag-hasta","tag-kritik","tag-tedavi"],"_links":{"self":[{"href":"https:\/\/haberulus.net\/index.php?rest_route=\/wp\/v2\/posts\/40617","targetHints":{"allow":["GET"]}}],"collection":[{"href":"https:\/\/haberulus.net\/index.php?rest_route=\/wp\/v2\/posts"}],"about":[{"href":"https:\/\/haberulus.net\/index.php?rest_route=\/wp\/v2\/types\/post"}],"author":[{"embeddable":true,"href":"https:\/\/haberulus.net\/index.php?rest_route=\/wp\/v2\/users\/1"}],"replies":[{"embeddable":true,"href":"https:\/\/haberulus.net\/index.php?rest_route=%2Fwp%2Fv2%2Fcomments&post=40617"}],"version-history":[{"count":1,"href":"https:\/\/haberulus.net\/index.php?rest_route=\/wp\/v2\/posts\/40617\/revisions"}],"predecessor-version":[{"id":40619,"href":"https:\/\/haberulus.net\/index.php?rest_route=\/wp\/v2\/posts\/40617\/revisions\/40619"}],"wp:featuredmedia":[{"embeddable":true,"href":"https:\/\/haberulus.net\/index.php?rest_route=\/wp\/v2\/media\/40618"}],"wp:attachment":[{"href":"https:\/\/haberulus.net\/index.php?rest_route=%2Fwp%2Fv2%2Fmedia&parent=40617"}],"wp:term":[{"taxonomy":"category","embeddable":true,"href":"https:\/\/haberulus.net\/index.php?rest_route=%2Fwp%2Fv2%2Fcategories&post=40617"},{"taxonomy":"post_tag","embeddable":true,"href":"https:\/\/haberulus.net\/index.php?rest_route=%2Fwp%2Fv2%2Ftags&post=40617"}],"curies":[{"name":"wp","href":"https:\/\/api.w.org\/{rel}","templated":true}]}}