{"id":41007,"date":"2022-10-20T08:36:12","date_gmt":"2022-10-20T08:36:12","guid":{"rendered":"https:\/\/haberulus.net\/?p=41007"},"modified":"2022-10-20T08:36:12","modified_gmt":"2022-10-20T08:36:12","slug":"bu-hafta-bes-film-vizyona-girecek","status":"publish","type":"post","link":"https:\/\/haberulus.net\/?p=41007","title":{"rendered":"Bu hafta be\u015f film vizyona girecek"},"content":{"rendered":"<p><b>Sinema salonlar\u0131nda bu hafta \u00fc\u00e7\u00fc yerli, be\u015f film vizyona girecek.<\/b><\/p>\n<p>Yap\u0131mc\u0131l\u0131\u011f\u0131n\u0131 Mustafa Uslu\u2019nun, y\u00f6netmenli\u011fini \u00d6mer Faruk Sorak\u2019\u0131n \u00fcstlendi\u011fi \u2018Band\u0131rma F\u00fcze Kul\u00fcb\u00fc\u2019 sinemaseverlerle bulu\u015facak.<\/p>\n<p>Filmin ba\u015frollerini Alina Boz, Deniz Can Akta\u015f ve Erkan Kol\u00e7ak K\u00f6stendil payla\u015ft\u0131.<\/p>\n<p>Yap\u0131mda, 60 y\u0131l\u0131 a\u015fk\u0131n bir s\u00fcre \u00f6nce, t\u00fcm d\u00fcnyada uzayla ilgili merak\u0131n tavan yapt\u0131\u011f\u0131 bir d\u00f6nemde, bir grup liseli gen\u00e7 ve arkada\u015flar\u0131n\u0131n Band\u0131rma\u2019da, Band\u0131rma F\u00fcze Kul\u00fcb\u00fc\u2019n\u00fc kurup uzaya roket g\u00f6nderme hayalini ger\u00e7ekle\u015ftirmelerini konu ediniyor.<\/p>\n<p>Senaryosunu Mert Dikmen, Ayberk Olgay ve Mustafa Uslu\u2019nun birlikte kaleme ald\u0131\u011f\u0131 dram t\u00fcr\u00fcndeki filmin m\u00fczikleri Y\u0131ld\u0131ray G\u00fcrgen imzas\u0131 ta\u015f\u0131yor.<\/p>\n<p><strong>BLACK ADAM<\/strong><\/p>\n<p>Dwayne Johnson, Sarah Shahi ve Pierce Brosnan\u2019\u0131n ba\u015frollerinde oynad\u0131\u011f\u0131 \u2018Black Adam\u2019 bilim kurgu ve aksiyon merakl\u0131lar\u0131n\u0131n ilgisini \u00e7ekmeye hedefliyor.<\/p>\n<p>Jaume Collet-Serra\u2019n\u0131n y\u00f6netmen koltu\u011funda oturdu\u011fu film, \u00f6zel g\u00fc\u00e7ler kazand\u0131ktan sonra hapsedilen ve 5000 y\u0131ll\u0131k tutsakl\u0131\u011f\u0131n ard\u0131ndan zincirlerinden kurtulan anti-kahraman Black Adam\u2019\u0131n hikayesini beyaz perdeye ta\u015f\u0131yor.<\/p>\n<p><strong>\u0130Y\u0130 \u015eANSLAR LEO GRANDE<\/strong><\/p>\n<p>Oscar \u00f6d\u00fcll\u00fc oyuncu Emma Thompson ile Daryl McCormack\u2019\u0131n ba\u015frollerini payla\u015ft\u0131\u011f\u0131 \u2018\u0130yi \u015eanslar Leo Grande\u2019, 55 ya\u015f\u0131nda dul bir kad\u0131n olan Nancy Stokes\u2019un hikayesine odaklan\u0131yor.<\/p>\n<p>Filmin y\u00f6netmenli\u011fini Sophie Hyde \u00fcstlenirken senaryosunu ise Katy Brand kaleme ald\u0131.<\/p>\n<p><strong>ASLAN H\u00dcRKU\u015e G\u00d6REV\u0130M\u0130Z G\u00d6KBEY<\/strong><\/p>\n<p>H. Sinan G\u00fcngor, Semih Tural\u0131 ve Yunus Emre \u00c7ak\u0131r\u2019\u0131n y\u00f6netti\u011fi animasyon film \u2018Aslan H\u00fcrku\u015f G\u00f6revimiz G\u00f6kbey\u2019, G\u00f6kbey ile bir araya gelen Aslan\u2019\u0131n, Kapadokya\u2019da ba\u015flay\u0131p \u00fclkenin d\u00f6rt bir yan\u0131nda devam eden ser\u00fcvenini i\u015fliyor.<\/p>\n<p><strong>UTAN\u00c7<\/strong><\/p>\n<p>Kayhan Ba\u015fo\u011flu\u2019nun y\u00f6netti\u011fi, Ceyhun Mengiro\u011flu, Ya\u011fmur Akda\u011f ve \u00d6v\u00fcl \u00d6zbay\u2019\u0131n rol ald\u0131\u011f\u0131 \u2018Utan\u00e7\u2019, haftan\u0131n yerli korku filmi olarak beyaz perdedeki yerini alacak. (AA)<\/p>\n","protected":false},"excerpt":{"rendered":"<p>Sinema salonlar\u0131nda bu hafta \u00fc\u00e7\u00fc yerli, be\u015f film vizyona girecek. Yap\u0131mc\u0131l\u0131\u011f\u0131n\u0131 Mustafa Uslu\u2019nun, y\u00f6netmenli\u011fini \u00d6mer Faruk Sorak\u2019\u0131n \u00fcstlendi\u011fi &#8230;<\/p>\n","protected":false},"author":1,"featured_media":41008,"comment_status":"closed","ping_status":"open","sticky":false,"template":"","format":"standard","meta":{"footnotes":""},"categories":[27],"tags":[287],"class_list":["post-41007","post","type-post","status-publish","format-standard","has-post-thumbnail","hentry","category-kultur-sanat","tag-film"],"_links":{"self":[{"href":"https:\/\/haberulus.net\/index.php?rest_route=\/wp\/v2\/posts\/41007","targetHints":{"allow":["GET"]}}],"collection":[{"href":"https:\/\/haberulus.net\/index.php?rest_route=\/wp\/v2\/posts"}],"about":[{"href":"https:\/\/haberulus.net\/index.php?rest_route=\/wp\/v2\/types\/post"}],"author":[{"embeddable":true,"href":"https:\/\/haberulus.net\/index.php?rest_route=\/wp\/v2\/users\/1"}],"replies":[{"embeddable":true,"href":"https:\/\/haberulus.net\/index.php?rest_route=%2Fwp%2Fv2%2Fcomments&post=41007"}],"version-history":[{"count":1,"href":"https:\/\/haberulus.net\/index.php?rest_route=\/wp\/v2\/posts\/41007\/revisions"}],"predecessor-version":[{"id":41009,"href":"https:\/\/haberulus.net\/index.php?rest_route=\/wp\/v2\/posts\/41007\/revisions\/41009"}],"wp:featuredmedia":[{"embeddable":true,"href":"https:\/\/haberulus.net\/index.php?rest_route=\/wp\/v2\/media\/41008"}],"wp:attachment":[{"href":"https:\/\/haberulus.net\/index.php?rest_route=%2Fwp%2Fv2%2Fmedia&parent=41007"}],"wp:term":[{"taxonomy":"category","embeddable":true,"href":"https:\/\/haberulus.net\/index.php?rest_route=%2Fwp%2Fv2%2Fcategories&post=41007"},{"taxonomy":"post_tag","embeddable":true,"href":"https:\/\/haberulus.net\/index.php?rest_route=%2Fwp%2Fv2%2Ftags&post=41007"}],"curies":[{"name":"wp","href":"https:\/\/api.w.org\/{rel}","templated":true}]}}