{"id":41037,"date":"2022-10-20T08:52:09","date_gmt":"2022-10-20T08:52:09","guid":{"rendered":"https:\/\/haberulus.net\/?p=41037"},"modified":"2022-10-20T08:52:09","modified_gmt":"2022-10-20T08:52:09","slug":"bursada-tarih-gun-yuzune-cikariliyor","status":"publish","type":"post","link":"https:\/\/haberulus.net\/?p=41037","title":{"rendered":"Bursa\u2019da tarih g\u00fcn y\u00fcz\u00fcne \u00e7\u0131kar\u0131l\u0131yor"},"content":{"rendered":"<p><b>Bursa&#8217;n\u0131n Nil\u00fcfer il\u00e7esindeki turistik G\u00f6lyaz\u0131 Mahallesi&#8217;nde bulunan ve Apollon&#8217;a adand\u0131\u011f\u0131 de\u011ferlendirilen tap\u0131nakta kaz\u0131 \u00e7al\u0131\u015fmalar\u0131 s\u00fcr\u00fcyor.<\/b><\/p>\n<p>G\u00f6lyaz\u0131 Mahallesi\u2019nin g\u00fcneybat\u0131s\u0131nda, Uluabat G\u00f6l\u00fc k\u0131y\u0131s\u0131na \u00e7ok yak\u0131n mesafede bulunan K\u0131z Ada\u2019da Helenistik d\u00f6nemden kald\u0131\u011f\u0131 d\u00fc\u015f\u00fcn\u00fclen, zamanla tahrip olan ve \u00fczeri kapanan tap\u0131nakta bu y\u0131l ba\u015flat\u0131lan kaz\u0131larda, yap\u0131n\u0131n k\u0131smen ortaya \u00e7\u0131kmas\u0131yla daha fazla bilgiye ula\u015f\u0131l\u0131yor.<\/p>\n<p>Kaz\u0131 ekibi, alana ili\u015fkin 19\u2019uncu y\u00fczy\u0131lda baz\u0131 ara\u015ft\u0131rmac\u0131lar taraf\u0131ndan yap\u0131lan \u00e7izim \u00fczerinden kal\u0131nt\u0131lar\u0131 a\u00e7\u0131\u011fa \u00e7\u0131karmaya \u00e7al\u0131\u015f\u0131yor.<\/p>\n<p><img decoding=\"async\" src=\"https:\/\/i01.sozcucdn.com\/wp-content\/uploads\/2022\/10\/20\/b6.jpeg\" alt=\"\" title=\"\"><\/p>\n<p>Kaz\u0131 ba\u015fkan\u0131 ve Bursa Uluda\u011f \u00dcniversitesi Arkeoloji B\u00f6l\u00fcm\u00fc \u00f6\u011fretim \u00fcyesi Prof. Dr. Derya \u015eahin, modern ad\u0131 G\u00f6lyaz\u0131 olarak ge\u00e7en yerle\u015fimin antik d\u00f6nemde Apollonia ad Rhyndacum Antik Kenti olarak bilindi\u011fini s\u00f6yledi.<\/p>\n<p>B\u00f6lgenin 19. y\u00fczy\u0131l\u0131n sonlar\u0131ndan itibaren bilinen bir yerle\u015fim oldu\u011funu ve bug\u00fcn K\u0131z Ada olarak adland\u0131r\u0131ld\u0131\u011f\u0131n\u0131 belirten \u015eahin, \u201cK\u0131z Ada dedi\u011fimiz yer Apollon kutsal alan\u0131 olarak tan\u0131mlan\u0131yor. Yani antik d\u00f6nemde tanr\u0131 Apollon i\u00e7in adanm\u0131\u015f ve etraf\u0131 bir temenos surlar\u0131yla \u00e7evrilmi\u015f, i\u00e7inde bir tap\u0131na\u011f\u0131n bulundu\u011fu, etraf\u0131nda stoan\u0131n yer ald\u0131\u011f\u0131 yap\u0131 kompleksi, kutsal alan i\u00e7erisindeyiz\u201d diye konu\u015ftu.<\/p>\n<p><img decoding=\"async\" src=\"https:\/\/i01.sozcucdn.com\/wp-content\/uploads\/2022\/10\/20\/b7.jpeg\" alt=\"\" title=\"\"><\/p>\n<p>\u015eahin, alanda 2000\u2019li y\u0131llar\u0131n ba\u015f\u0131nda Serdar Aybek ve Ali Kaz\u0131m \u00d6z taraf\u0131ndan y\u00fczey ara\u015ft\u0131rmas\u0131 yap\u0131ld\u0131\u011f\u0131n\u0131 dile getirerek \u015funlar\u0131 kaydetti:<\/p>\n<p>\u201cO d\u00f6nemde alanla ilgili \u00e7ok k\u0131sa neticeler yay\u0131nlan\u0131yor ancak alanda \u00e7ok yo\u011fun bitki \u00f6rt\u00fcs\u00fc oldu\u011fu i\u00e7in yap\u0131ya dair \u00e7ok fazla veri elde edilemiyor. \u0130lk defa 2017 y\u0131l\u0131nda baz\u0131 noktalarda sondaj \u00e7al\u0131\u015fmalar\u0131 yap\u0131l\u0131yor ve yap\u0131lara dair veriler elde edilmeye ba\u015flan\u0131yor. Sonra bir s\u00fcre alanla ilgili \u00e7al\u0131\u015fmalar duruyor.\u201d<\/p>\n<p><strong>\u201cDAHA FAZLA VER\u0130 ELDE ETMEYE BA\u015eLADIK\u201d<\/strong><\/p>\n<p>Ge\u00e7en y\u0131l tekrar Bursa M\u00fcze M\u00fcd\u00fcrl\u00fc\u011f\u00fc ba\u015fkanl\u0131\u011f\u0131nda \u00e7al\u0131\u015fmalara ba\u015flad\u0131klar\u0131n\u0131 aktaran \u015eahin, \u015f\u00f6yle devam etti:<\/p>\n<p>\u201cBurada art\u0131k tap\u0131na\u011fa dair daha fazla veri elde etmeye ba\u015flad\u0131k. Amac\u0131m\u0131z, alanda ger\u00e7ekten 19\u2019uncu y\u00fczy\u0131lda yap\u0131lan \u00e7izimlere dair buluntular\u0131n olup olmad\u0131\u011f\u0131n\u0131 g\u00f6rmek, adada buluntular ve yap\u0131lar\u0131n tarihiyle ilgili verileri elde edip yay\u0131nlanmas\u0131n\u0131 ve halk\u0131m\u0131zla payla\u015f\u0131lmas\u0131n\u0131 sa\u011flamak. Adan\u0131n ziyaret\u00e7ilere de a\u00e7\u0131k hale getirilmesini sa\u011flamak \u00f6ncelikli g\u00f6revimiz aras\u0131nda yer al\u0131yor. \u00c7\u00fcnk\u00fc G\u00f6lyaz\u0131\u2019da yo\u011fun turist ziyareti de s\u00f6z konusu ve insanlar kay\u0131klarla geziler yap\u0131yor. Biz onlar\u0131 gezilerinde k\u00fclt\u00fcr varl\u0131klar\u0131yla da bulu\u015fturmak istiyoruz.\u201d<\/p>\n<p><img decoding=\"async\" src=\"https:\/\/i01.sozcucdn.com\/wp-content\/uploads\/2022\/10\/20\/b8.jpeg\" alt=\"\" title=\"\"><\/p>\n<p>Kutsal alan\u0131n kronolojik s\u00fcreci hakk\u0131nda bilgi veren \u015eahin, \u201cTap\u0131naktaki duvarlar\u0131n \u00f6zelliklerine bakt\u0131\u011f\u0131m\u0131zda Arkaik d\u00f6neme kadar gidebilen ve s\u00fcre\u00e7 i\u00e7erisinde s\u0131kl\u0131kla geni\u015fletilerek daha geni\u015f bir tap\u0131na\u011f\u0131n elde edildi\u011fini g\u00f6rebiliyoruz. Tap\u0131na\u011f\u0131n \u00fcst mimari elemanlar\u0131na dair, yine korni\u015f buluntular\u0131na dair alanda tespit etti\u011fimiz mimari par\u00e7alar var ve bir k\u0131sm\u0131n\u0131n da yerle\u015fimde yine sur duvarlar\u0131nda dev\u015firme malzeme olarak kullan\u0131ld\u0131\u011f\u0131n\u0131 biliyoruz\u201d ifadelerini kulland\u0131.<\/p>\n<p>\u015eahin, \u00e7al\u0131\u015fmalar\u0131n devam etti\u011fini, 5-10 y\u0131l i\u00e7erisinde adadaki yap\u0131lanma, tap\u0131nak ve etraf\u0131nda var oldu\u011fu tahmin edilen stoa ile tonozlu yap\u0131larla ilgili \u00f6n bilgi edinilmesini sa\u011flayacaklar\u0131n\u0131 anlatt\u0131. (AA)<\/p>\n","protected":false},"excerpt":{"rendered":"<p>Bursa&#8217;n\u0131n Nil\u00fcfer il\u00e7esindeki turistik G\u00f6lyaz\u0131 Mahallesi&#8217;nde bulunan ve Apollon&#8217;a adand\u0131\u011f\u0131 de\u011ferlendirilen tap\u0131nakta kaz\u0131 \u00e7al\u0131\u015fmalar\u0131 s\u00fcr\u00fcyor &#8230;<\/p>\n","protected":false},"author":1,"featured_media":41038,"comment_status":"closed","ping_status":"open","sticky":false,"template":"","format":"standard","meta":{"footnotes":""},"categories":[27],"tags":[812,541,758,2230,669],"class_list":["post-41037","post","type-post","status-publish","format-standard","has-post-thumbnail","hentry","category-kultur-sanat","tag-ada","tag-alan","tag-elde","tag-sahin","tag-yapi"],"_links":{"self":[{"href":"https:\/\/haberulus.net\/index.php?rest_route=\/wp\/v2\/posts\/41037","targetHints":{"allow":["GET"]}}],"collection":[{"href":"https:\/\/haberulus.net\/index.php?rest_route=\/wp\/v2\/posts"}],"about":[{"href":"https:\/\/haberulus.net\/index.php?rest_route=\/wp\/v2\/types\/post"}],"author":[{"embeddable":true,"href":"https:\/\/haberulus.net\/index.php?rest_route=\/wp\/v2\/users\/1"}],"replies":[{"embeddable":true,"href":"https:\/\/haberulus.net\/index.php?rest_route=%2Fwp%2Fv2%2Fcomments&post=41037"}],"version-history":[{"count":1,"href":"https:\/\/haberulus.net\/index.php?rest_route=\/wp\/v2\/posts\/41037\/revisions"}],"predecessor-version":[{"id":41039,"href":"https:\/\/haberulus.net\/index.php?rest_route=\/wp\/v2\/posts\/41037\/revisions\/41039"}],"wp:featuredmedia":[{"embeddable":true,"href":"https:\/\/haberulus.net\/index.php?rest_route=\/wp\/v2\/media\/41038"}],"wp:attachment":[{"href":"https:\/\/haberulus.net\/index.php?rest_route=%2Fwp%2Fv2%2Fmedia&parent=41037"}],"wp:term":[{"taxonomy":"category","embeddable":true,"href":"https:\/\/haberulus.net\/index.php?rest_route=%2Fwp%2Fv2%2Fcategories&post=41037"},{"taxonomy":"post_tag","embeddable":true,"href":"https:\/\/haberulus.net\/index.php?rest_route=%2Fwp%2Fv2%2Ftags&post=41037"}],"curies":[{"name":"wp","href":"https:\/\/api.w.org\/{rel}","templated":true}]}}