{"id":41149,"date":"2022-10-20T10:36:09","date_gmt":"2022-10-20T10:36:09","guid":{"rendered":"https:\/\/haberulus.net\/?p=41149"},"modified":"2022-10-20T10:36:09","modified_gmt":"2022-10-20T10:36:09","slug":"ortaokul-ogrencisi-heimlich-manevrasiyla-arkadasinin-hayatini-kurtardi","status":"publish","type":"post","link":"https:\/\/haberulus.net\/?p=41149","title":{"rendered":"Ortaokul \u00f6\u011frencisi, Heimlich manevras\u0131yla arkada\u015f\u0131n\u0131n hayat\u0131n\u0131 kurtard\u0131"},"content":{"rendered":"<p><b>Ordu&#8217;da bo\u011faz\u0131na sak\u0131z ka\u00e7an 7 ya\u015f\u0131ndaki \u00e7ocuk, ayn\u0131 sitede oturan ortaokul \u00f6\u011frencisi arkada\u015f\u0131n\u0131n uygulad\u0131\u011f\u0131 Heimlich manevras\u0131 sayesinde bo\u011fulmaktan kurtuldu.<\/b><\/p>\n<p>Alt\u0131nordu il\u00e7esi Akyaz\u0131 Mahallesi Doktorlar Sitesi\u2019nin bah\u00e7esindeki kameriyede arkada\u015flar\u0131yla vakit ge\u00e7iren ilkokul 2\u2019nci s\u0131n\u0131f \u00f6\u011frencisi Metehan Karabacak, bakkaldan top \u015feklinde \u015fekerli sak\u0131z ald\u0131.<\/p>\n<p>7 ya\u015f\u0131ndaki Metehan, \u00e7i\u011fnemeye ba\u015flad\u0131\u011f\u0131 sak\u0131z\u0131n bo\u011faz\u0131na ka\u00e7mas\u0131 nedeniyle nefes almakta zorluk ya\u015fad\u0131. Durumu fark eden 11 ya\u015f\u0131ndaki 6\u2019nc\u0131 s\u0131n\u0131f \u00f6\u011frencisi Adem Yalva\u00e7, Metehan\u2019a m\u00fcdahalede bulundu.<\/p>\n<p>Metehan\u2019a Heimlich manevras\u0131n\u0131 (Rahats\u0131zlanan ki\u015finin g\u00f6\u011f\u00fcs kafesinin alt\u0131na bir el yumruk yap\u0131larak bask\u0131 uygulanmas\u0131) uygulayan Yalva\u00e7, sak\u0131z\u0131n d\u0131\u015far\u0131 \u00e7\u0131kmas\u0131n\u0131 sa\u011flad\u0131.<\/p>\n<p>Yakla\u015f\u0131k 2 hafta \u00f6nce olan ve k\u0131sa s\u00fcreli pani\u011fe yol a\u00e7an olay anlar\u0131, sitenin g\u00fcvenlik kameras\u0131na yans\u0131d\u0131.<\/p>\n<p><strong>OKULDA \u0130LK YARDIM DERS\u0130 ALMI\u015e<\/strong><\/p>\n<p>Durug\u00f6l Ortaokulu 6\u2019nc\u0131 s\u0131n\u0131f \u00f6\u011frencisi Adem Yalva\u00e7, olay\u0131n ya\u015fand\u0131\u011f\u0131 g\u00fcn arkada\u015f\u0131n\u0131n bakkala sak\u0131z almaya gitti\u011fini s\u00f6yledi.<\/p>\n<p>Kendisinin oyun oynamaya devam etti\u011fini anlatan Yalva\u00e7, \u201cMetehan\u2019\u0131n bu s\u0131rada bo\u011faz\u0131na \u015fekerli sak\u0131z ka\u00e7t\u0131. Biraz su i\u00e7ti ama ge\u00e7medi. O s\u0131rada kendisinin nefes alamad\u0131\u011f\u0131n\u0131 g\u00f6rd\u00fcm. Sonra Heimlich manevras\u0131n\u0131 yap\u0131p onu kurtard\u0131m.\u201d dedi.<\/p>\n<p>Yalva\u00e7, okulda ilk yard\u0131m e\u011fitimi ald\u0131\u011f\u0131na i\u015faret ederek, \u201cBu e\u011fitimi, beden e\u011fitimi dersinde okulda g\u00f6rm\u00fc\u015ft\u00fcm. \u00d6\u011fretmenimiz ak\u0131ll\u0131 tahtadan bize bunlar\u0131 g\u00f6stermi\u015fti.\u201d diye konu\u015ftu.<\/p>\n<p>Arkada\u015f\u0131n\u0131 bo\u011fulmaktan kurtard\u0131\u011f\u0131 i\u00e7in duydu\u011fu mutlulu\u011fu dile getiren Yalva\u00e7, \u201cBa\u015fka arkada\u015flar\u0131m, ba\u015flar\u0131na b\u00f6yle bir durum gelmesi halinde benim yapt\u0131\u011f\u0131m\u0131 yapabilirler.\u201d ifadesini kulland\u0131.<\/p>\n<p><img decoding=\"async\" src=\"https:\/\/i01.sozcucdn.com\/wp-content\/uploads\/2022\/10\/20\/heimlich1.jpg\" alt=\"\" title=\"\"><\/p>\n<p><strong>\u201cB\u0130RKA\u00c7 KERE SU \u0130\u00c7T\u0130M GE\u00c7MED\u0130\u201d<\/strong><\/p>\n<p>Durug\u00f6l \u015eehit Bayram G\u00fcm\u00fc\u015f \u0130lkokulu 2\u2019nci s\u0131n\u0131f \u00f6\u011frencisi Metehan Karabacak ise sak\u0131z bo\u011faz\u0131na ka\u00e7t\u0131ktan sonra nefes almakta zorland\u0131\u011f\u0131n\u0131 belirterek, \u201cBirka\u00e7 kere su i\u00e7meme ra\u011fmen bo\u011faz\u0131mdaki sak\u0131z \u00e7\u0131kmad\u0131. Sonra bo\u011faz\u0131ma ka\u00e7t\u0131. Bana Adem arkada\u015f\u0131m Heimlich manevras\u0131 yapt\u0131ktan sonra sak\u0131z bo\u011faz\u0131mdan \u00e7\u0131kt\u0131. Kendisine \u00e7ok te\u015fekk\u00fcr ederim.\u201d dedi.<\/p>\n<p><strong>\u201cKAMERA KAYITLARINDA G\u00d6R\u00dcNCE OLYIN C\u0130DD\u0130YET\u0130N\u0130 ANLADIK\u201d<\/strong><\/p>\n<p>Metehan Karabacak\u2019\u0131n uzman doktor olan babas\u0131 Volkan Karabacak, Adem\u2019in ayn\u0131 siteden kom\u015fular\u0131 oldu\u011funu belirterek, \u201cOlay\u0131n oldu\u011fu g\u00fcn, \u00e7ok fark etmemi\u015ftik, daha sonra sitenin kamera kay\u0131tlar\u0131n\u0131 g\u00f6rd\u00fc\u011f\u00fcm\u00fczde olay\u0131n ciddiyetini fark ettik.\u201d diye konu\u015ftu.<\/p>\n<p>G\u00f6r\u00fcnt\u00fclerde Adem\u2019in o\u011fluna m\u00fcdahale yapt\u0131\u011f\u0131n\u0131 g\u00f6rd\u00fcklerini anlatan Karabacak, \u015funlar\u0131 s\u00f6yledi:<\/p>\n<p>\u201cBen de bir sa\u011fl\u0131k \u00e7al\u0131\u015fan\u0131y\u0131m ama her zaman ailemizin ve sevdiklerimizin yan\u0131nda olam\u0131yoruz. Bu bize ilk yard\u0131m\u0131n \u00f6nemini g\u00f6steriyor. Adem\u2019de bu e\u011fitimini okulda alm\u0131\u015f. Bu e\u011fitimi sa\u011flayan herkese \u00e7ok te\u015fekk\u00fcr ediyorum. Adem\u2019in Heimlich manevras\u0131 sayesinde o\u011flumun belki de hayat\u0131 kurtuldu. Adem\u2019in yapt\u0131\u011f\u0131 m\u00fckemmel bir davran\u0131\u015f. Kendisine \u00e7ok te\u015fekk\u00fcr ediyorum.\u201d<\/p>\n<p>Karabacak, g\u00f6r\u00fcnt\u00fcleri ba\u015fka doktor arkada\u015flar\u0131n\u0131n da g\u00f6rd\u00fc\u011f\u00fcn\u00fc ve meslekta\u015flar\u0131n\u0131n da \u00e7ok \u015fa\u015f\u0131rd\u0131\u011f\u0131n\u0131 s\u00f6zlerine ekledi.<\/p>\n<p><strong>G\u00d6R\u00dcNT\u00dcLER\u0130 \u0130ZLEY\u0130NCE GURUR DUYDUK<\/strong><\/p>\n<p>Adem Yalva\u00e7\u2019\u0131n ev han\u0131m\u0131 olan annesi Zeynep Yalva\u00e7 ise ya\u015fanan olay\u0131 kom\u015fusundan \u00f6\u011frendi\u011fini belirterek, \u015f\u00f6yle konu\u015ftu:<\/p>\n<p>\u201cDaha sonra kamera kay\u0131tlar\u0131ndan izledik. G\u00f6r\u00fcnt\u00fcleri izleyince o\u011flumla gurur duyduk. \u00d6\u011fretmenlerimizden de Allah raz\u0131 olsun. Kendisine bu e\u011fitimi vermi\u015fler. Ba\u015fka yerlerde bu t\u00fcr olaylar\u0131n ya\u015fand\u0131\u011f\u0131n\u0131 televizyonlarda izliyorduk ama \u00e7ocu\u011fun b\u00f6yle bir m\u00fcdahalede bulunmas\u0131 ayr\u0131ca gurur verici. Bu, ilk yard\u0131m\u0131n ne kadar \u00f6nemli oldu\u011funu bize g\u00f6steriyor.\u201d<\/p>\n<p>\u00a0<\/p>\n<p><strong>\u201c\u0130LK YARDIM E\u011e\u0130T\u0130M\u0130 OLMASI GEREKEN B\u0130R \u015eEY\u201d<\/strong><\/p>\n<p>Adem Yalva\u00e7\u2019\u0131n beden e\u011fitimi \u00f6\u011fretmeni Koray Teker, her vatanda\u015f\u0131n basit de olsa ilk yard\u0131m e\u011fitimi almas\u0131 gerekti\u011fini d\u00fc\u015f\u00fcnd\u00fc\u011f\u00fcn\u00fc dile getirerek, ilk m\u00fcdahalenin hayat kurtard\u0131\u011f\u0131na dikkati \u00e7ekti.<\/p>\n<p>\u00d6\u011frencilerine zaman zaman hem ders ortam\u0131nda hem de uygulamal\u0131 olarak ilk yard\u0131m konusunda e\u011fitimler verdi\u011fini anlatan Teker, \u015f\u00f6yle konu\u015ftu:<\/p>\n<p>\u201cBu e\u011fitimlerimizde m\u00fcfredat do\u011frultusunda ilk yard\u0131m\u0131n nas\u0131l oldu\u011funu anlatmaya \u00e7al\u0131\u015f\u0131yorum.<\/p>\n<p>Bu e\u011fitimlerimizde bo\u011faza bir cisim ka\u00e7mas\u0131 durumunda, ayak burkulmas\u0131, yaralanmalarda ve elektrik \u00e7arpmalar\u0131 gibi durumlarda neler yap\u0131lmas\u0131 gerekti\u011fini \u00f6\u011frencilerle payla\u015ft\u0131m.<\/p>\n<p>Bunlar\u0131n tamam\u0131n\u0131 uygulamal\u0131 olarak kendilerine g\u00f6sterdim \u00e7\u00fcnk\u00fc ilk yard\u0131m e\u011fitiminin \u00e7ocuklara yararl\u0131 olabilece\u011fini d\u00fc\u015f\u00fcnd\u00fcm.\u201d<\/p>\n<p>Teker, bu olay\u0131n ya\u015fanmas\u0131n\u0131n ard\u0131ndan \u00f6\u011frenci velisinin kendisine ula\u015ft\u0131\u011f\u0131n\u0131 ifade ederek, \u201cVelimiz arad\u0131\u011f\u0131nda \u2018\u00c7ocu\u011fumuzun bo\u011faz\u0131na ka\u00e7an bir cismi sizin \u00f6\u011frenciniz, Heimlich manevras\u0131 ile \u00e7\u0131kard\u0131.\u2019 dedi. Ben o s\u0131rada \u00f6\u011frencim ile gurur duydum. Demek ki ilk yard\u0131m e\u011fitimi, insan hayat\u0131nda olmas\u0131 gereken bir \u015fey. Bu olaydan bunu yeniden anlam\u0131\u015f olduk.\u201d dedi. (AA)<\/p>\n","protected":false},"excerpt":{"rendered":"<p>Ordu&#8217;da bo\u011faz\u0131na sak\u0131z ka\u00e7an 7 ya\u015f\u0131ndaki \u00e7ocuk, ayn\u0131 sitede oturan ortaokul \u00f6\u011frencisi arkada\u015f\u0131n\u0131n uygulad\u0131\u011f\u0131 Heimlich manevras\u0131 sayesinde &#8230;<\/p>\n","protected":false},"author":1,"featured_media":41150,"comment_status":"closed","ping_status":"open","sticky":false,"template":"","format":"standard","meta":{"footnotes":""},"categories":[30],"tags":[7855,7858,7857,105,7856],"class_list":["post-41149","post","type-post","status-publish","format-standard","has-post-thumbnail","hentry","category-saglik","tag-adem","tag-karabacak","tag-metehan","tag-olay","tag-sakiz"],"_links":{"self":[{"href":"https:\/\/haberulus.net\/index.php?rest_route=\/wp\/v2\/posts\/41149","targetHints":{"allow":["GET"]}}],"collection":[{"href":"https:\/\/haberulus.net\/index.php?rest_route=\/wp\/v2\/posts"}],"about":[{"href":"https:\/\/haberulus.net\/index.php?rest_route=\/wp\/v2\/types\/post"}],"author":[{"embeddable":true,"href":"https:\/\/haberulus.net\/index.php?rest_route=\/wp\/v2\/users\/1"}],"replies":[{"embeddable":true,"href":"https:\/\/haberulus.net\/index.php?rest_route=%2Fwp%2Fv2%2Fcomments&post=41149"}],"version-history":[{"count":1,"href":"https:\/\/haberulus.net\/index.php?rest_route=\/wp\/v2\/posts\/41149\/revisions"}],"predecessor-version":[{"id":41151,"href":"https:\/\/haberulus.net\/index.php?rest_route=\/wp\/v2\/posts\/41149\/revisions\/41151"}],"wp:featuredmedia":[{"embeddable":true,"href":"https:\/\/haberulus.net\/index.php?rest_route=\/wp\/v2\/media\/41150"}],"wp:attachment":[{"href":"https:\/\/haberulus.net\/index.php?rest_route=%2Fwp%2Fv2%2Fmedia&parent=41149"}],"wp:term":[{"taxonomy":"category","embeddable":true,"href":"https:\/\/haberulus.net\/index.php?rest_route=%2Fwp%2Fv2%2Fcategories&post=41149"},{"taxonomy":"post_tag","embeddable":true,"href":"https:\/\/haberulus.net\/index.php?rest_route=%2Fwp%2Fv2%2Ftags&post=41149"}],"curies":[{"name":"wp","href":"https:\/\/api.w.org\/{rel}","templated":true}]}}