{"id":41489,"date":"2022-10-20T17:36:03","date_gmt":"2022-10-20T17:36:03","guid":{"rendered":"https:\/\/haberulus.net\/?p=41489"},"modified":"2022-10-20T17:36:03","modified_gmt":"2022-10-20T17:36:03","slug":"binali-yildirim-trafik-kazasi-gecirdi","status":"publish","type":"post","link":"https:\/\/haberulus.net\/?p=41489","title":{"rendered":"Binali Y\u0131ld\u0131r\u0131m trafik kazas\u0131 ge\u00e7irdi"},"content":{"rendered":"<p><b>AKP Genel Ba\u015fkan Vekili Binali Y\u0131ld\u0131r\u0131m, Azerbaycan&#8217;da trafik kazas\u0131 ge\u00e7irdi. Y\u0131ld\u0131r\u0131m&#8217;\u0131n sa\u011fl\u0131k durumuyla ilgili Sa\u011fl\u0131k Bakan\u0131 Fahrettin Koca&#8217;dan a\u00e7\u0131klama geldi.<\/b><\/p>\n<p>AKP Genel Ba\u015fkan Vekili Binali Y\u0131ld\u0131r\u0131m, Cumhurba\u015fkan\u0131 Recep Tayyip Erdo\u011fan ile birlikte yurt d\u0131\u015f\u0131 program\u0131 kapsam\u0131nda Azerbaycan&#8217;a gitti.<\/p>\n<p><strong>BAKAN KOCA\u2019DAN A\u00c7IKLAMA<\/strong><\/p>\n<p>Karaba\u011f&#8217;da bulunan Binali Y\u0131ld\u0131r\u0131m, burada trafik kazas\u0131 ge\u00e7irdi. Y\u0131ld\u0131r\u0131m\u2019\u0131n sa\u011fl\u0131k durumuyla ilgili\u00a0Sa\u011fl\u0131k Bakan\u0131 Fahrettin Koca\u2019dan a\u00e7\u0131klama geldi.<\/p>\n<p>Bakan Koca, \u201cAzerbaycan ziyaretinde olan Sn. Binali Y\u0131ld\u0131r\u0131m&#8217;\u0131n korumas\u0131yla milletvekili arkada\u015f\u0131m\u0131z \u015eamil Ayr\u0131m&#8217;\u0131n da bulundu\u011fu arac\u0131 kaza yapt\u0131. Kendisiyle g\u00f6r\u00fc\u015ft\u00fcm. \u00dc\u00e7\u00fcn\u00fcn de sa\u011fl\u0131k durumunun iyi oldu\u011funu, kazay\u0131 hafif atlatt\u0131klar\u0131n\u0131 \u00f6\u011frendim. Tekrar ge\u00e7mi\u015f olsun dileklerimi sunuyorum\u201d dedi.<\/p>\n","protected":false},"excerpt":{"rendered":"<p>AKP Genel Ba\u015fkan Vekili Binali Y\u0131ld\u0131r\u0131m, Azerbaycan&#8217;da trafik kazas\u0131 ge\u00e7irdi. Y\u0131ld\u0131r\u0131m&#8217;\u0131n sa\u011fl\u0131k durumuyla ilgili Sa\u011fl\u0131k Bakan\u0131 Fahrettin Koca &#8230;<\/p>\n","protected":false},"author":1,"featured_media":41490,"comment_status":"closed","ping_status":"open","sticky":false,"template":"","format":"standard","meta":{"footnotes":""},"categories":[26],"tags":[177],"class_list":["post-41489","post","type-post","status-publish","format-standard","has-post-thumbnail","hentry","category-gundem","tag-saglik"],"_links":{"self":[{"href":"https:\/\/haberulus.net\/index.php?rest_route=\/wp\/v2\/posts\/41489","targetHints":{"allow":["GET"]}}],"collection":[{"href":"https:\/\/haberulus.net\/index.php?rest_route=\/wp\/v2\/posts"}],"about":[{"href":"https:\/\/haberulus.net\/index.php?rest_route=\/wp\/v2\/types\/post"}],"author":[{"embeddable":true,"href":"https:\/\/haberulus.net\/index.php?rest_route=\/wp\/v2\/users\/1"}],"replies":[{"embeddable":true,"href":"https:\/\/haberulus.net\/index.php?rest_route=%2Fwp%2Fv2%2Fcomments&post=41489"}],"version-history":[{"count":1,"href":"https:\/\/haberulus.net\/index.php?rest_route=\/wp\/v2\/posts\/41489\/revisions"}],"predecessor-version":[{"id":41491,"href":"https:\/\/haberulus.net\/index.php?rest_route=\/wp\/v2\/posts\/41489\/revisions\/41491"}],"wp:featuredmedia":[{"embeddable":true,"href":"https:\/\/haberulus.net\/index.php?rest_route=\/wp\/v2\/media\/41490"}],"wp:attachment":[{"href":"https:\/\/haberulus.net\/index.php?rest_route=%2Fwp%2Fv2%2Fmedia&parent=41489"}],"wp:term":[{"taxonomy":"category","embeddable":true,"href":"https:\/\/haberulus.net\/index.php?rest_route=%2Fwp%2Fv2%2Fcategories&post=41489"},{"taxonomy":"post_tag","embeddable":true,"href":"https:\/\/haberulus.net\/index.php?rest_route=%2Fwp%2Fv2%2Ftags&post=41489"}],"curies":[{"name":"wp","href":"https:\/\/api.w.org\/{rel}","templated":true}]}}